{"id":3211,"date":"2020-08-13T09:42:09","date_gmt":"2020-08-13T09:42:09","guid":{"rendered":"https:\/\/www.theskeye.com\/?p=3211"},"modified":"2021-10-25T12:56:44","modified_gmt":"2021-10-25T11:56:44","slug":"lead-with-clarity-conversando-con-ceos-montse-marti-ceo-de-martiderm","status":"publish","type":"post","link":"https:\/\/www.theskeye.com\/ca\/lead-with-clarity-conversando-con-ceos-montse-marti-ceo-de-martiderm\/","title":{"rendered":"Lead with clarity: Conversando con CEO\u2019s- Montse Mart\u00ed, CEO de MartiDerm"},"content":{"rendered":"\n<p>Hoy en \u00abLead with clarity: conversando con Ceos, hemos invitado a Montse Mart\u00ed, CEO de MartiDerm a responder algunas cuestiones clave sobre el management y la gesti\u00f3n empresarial. <\/p>\n\n\n\n<h3 class=\"wp-block-heading\"><strong>&#8211; \u00bfCu\u00e1les son las tres habilidades m\u00e1s valoradas en tu empresa?&nbsp;<\/strong><\/h3>\n\n\n\n<p>Resiliencia, positividad y creatividad&nbsp;<\/p>\n\n\n\n<h3 class=\"wp-block-heading\"><strong>&#8211; \u00bfCu\u00e1les son los tres temas m\u00e1s importantes encima de la mesa del Comit\u00e9 de Direcci\u00f3n para el mes de septiembre?<\/strong>&nbsp;&nbsp;&nbsp;&nbsp;&nbsp;&nbsp;&nbsp;&nbsp;&nbsp;&nbsp;&nbsp;&nbsp;&nbsp;&nbsp;&nbsp; <\/h3>\n\n\n\n<ul class=\"wp-block-list\"><li>Como vamos a trabajar la retenci\u00f3n del talento<\/li><li>La estrategia de esta nueva realidad<\/li><li>La eficiencia en pensamientos y actos<\/li><\/ul>\n\n\n\n<h3 class=\"wp-block-heading\"><strong>\u00bfQu\u00e9 has aprendido personalmente en estos \u00faltimos meses?&nbsp;<\/strong>&nbsp;&nbsp;&nbsp;&nbsp;&nbsp;&nbsp;&nbsp;&nbsp;&nbsp;&nbsp;&nbsp;&nbsp;&nbsp;&nbsp;&nbsp; <\/h3>\n\n\n\n<ul class=\"wp-block-list\"><li>Que en un momento las cosas pueden dar un gran cambio&nbsp;&nbsp;&nbsp;&nbsp;&nbsp;&nbsp;&nbsp;&nbsp;&nbsp;&nbsp;&nbsp;&nbsp;&nbsp;&nbsp;&nbsp;<\/li><li>Que los seres humanos nos adaptamos a todo&nbsp;&nbsp;&nbsp;&nbsp;&nbsp;&nbsp;&nbsp;&nbsp;&nbsp;&nbsp;&nbsp;&nbsp;&nbsp;&nbsp;&nbsp; <\/li><li>Que el miedo en los equipos es muy nocivo y hay que atacarlo de frente comunicando, tranquilizando y ocup\u00e1ndose en planes<\/li><\/ul>\n\n\n\n<p>\u00a1Muchas gracias Montse por tus aportaciones!<\/p>\n","protected":false},"excerpt":{"rendered":"<p>Hoy en \u00abLead with clarity: conversando con Ceos, hemos invitado a Montse Mart\u00ed, CEO de MartiDerm a responder algunas cuestiones clave sobre el management y la gesti\u00f3n empresarial. &#8211; \u00bfCu\u00e1les&#8230;<\/p>\n","protected":false},"author":2,"featured_media":3212,"comment_status":"closed","ping_status":"closed","sticky":false,"template":"","format":"standard","meta":{"footnotes":""},"categories":[163,37],"tags":[],"class_list":{"0":"post-3211","1":"post","2":"type-post","3":"status-publish","4":"format-standard","5":"has-post-thumbnail","7":"category-comite-de-direccion","8":"category-comunicacion"},"yoast_head":"<!-- This site is optimized with the Yoast SEO plugin v25.6 - https:\/\/yoast.com\/wordpress\/plugins\/seo\/ -->\n<title>Lead with clarity: Conversando con CEO\u2019s- Montse Mart\u00ed, CEO de MartiDerm - The Skeye<\/title>\n<meta name=\"robots\" content=\"index, follow, max-snippet:-1, max-image-preview:large, max-video-preview:-1\" \/>\n<link rel=\"canonical\" href=\"https:\/\/www.theskeye.com\/ca\/lead-with-clarity-conversando-con-ceos-montse-marti-ceo-de-martiderm\/\" \/>\n<meta property=\"og:locale\" content=\"ca_ES\" \/>\n<meta property=\"og:type\" content=\"article\" \/>\n<meta property=\"og:title\" content=\"Lead with clarity: Conversando con CEO\u2019s- Montse Mart\u00ed, CEO de MartiDerm - The Skeye\" \/>\n<meta property=\"og:description\" content=\"Hoy en \u00abLead with clarity: conversando con Ceos, hemos invitado a Montse Mart\u00ed, CEO de MartiDerm a responder algunas cuestiones clave sobre el management y la gesti\u00f3n empresarial. &#8211; \u00bfCu\u00e1les...\" \/>\n<meta property=\"og:url\" content=\"https:\/\/www.theskeye.com\/lead-with-clarity-conversando-con-ceos-montse-marti-ceo-de-martiderm\/\" \/>\n<meta property=\"og:site_name\" content=\"The Skeye\" \/>\n<meta property=\"article:published_time\" content=\"2020-08-13T09:42:09+00:00\" \/>\n<meta property=\"article:modified_time\" content=\"2021-10-25T11:56:44+00:00\" \/>\n<meta property=\"og:image\" content=\"https:\/\/www.theskeye.com\/wp-content\/uploads\/2020\/08\/Lead-with-clarity....Conversando-con-CEOS-2.png\" \/>\n\t<meta property=\"og:image:width\" content=\"1024\" \/>\n\t<meta property=\"og:image:height\" content=\"512\" \/>\n\t<meta property=\"og:image:type\" content=\"image\/png\" \/>\n<meta name=\"author\" content=\"The Skeye\" \/>\n<meta name=\"twitter:card\" content=\"summary_large_image\" \/>\n<meta name=\"twitter:label1\" content=\"Escrit per\" \/>\n\t<meta name=\"twitter:data1\" content=\"The Skeye\" \/>\n\t<meta name=\"twitter:label2\" content=\"Temps estimat de lectura\" \/>\n\t<meta name=\"twitter:data2\" content=\"1 minut\" \/>\n<script type=\"application\/ld+json\" class=\"yoast-schema-graph\">{\"@context\":\"https:\/\/schema.org\",\"@graph\":[{\"@type\":\"WebPage\",\"@id\":\"https:\/\/www.theskeye.com\/lead-with-clarity-conversando-con-ceos-montse-marti-ceo-de-martiderm\/\",\"url\":\"https:\/\/www.theskeye.com\/lead-with-clarity-conversando-con-ceos-montse-marti-ceo-de-martiderm\/\",\"name\":\"Lead with clarity: Conversando con CEO\u2019s- Montse Mart\u00ed, CEO de MartiDerm - The Skeye\",\"isPartOf\":{\"@id\":\"https:\/\/www.theskeye.com\/#website\"},\"primaryImageOfPage\":{\"@id\":\"https:\/\/www.theskeye.com\/lead-with-clarity-conversando-con-ceos-montse-marti-ceo-de-martiderm\/#primaryimage\"},\"image\":{\"@id\":\"https:\/\/www.theskeye.com\/lead-with-clarity-conversando-con-ceos-montse-marti-ceo-de-martiderm\/#primaryimage\"},\"thumbnailUrl\":\"https:\/\/www.theskeye.com\/wp-content\/uploads\/2020\/08\/Lead-with-clarity....Conversando-con-CEOS-2.png\",\"datePublished\":\"2020-08-13T09:42:09+00:00\",\"dateModified\":\"2021-10-25T11:56:44+00:00\",\"author\":{\"@id\":\"https:\/\/www.theskeye.com\/#\/schema\/person\/d68cdf279635f30f976579cf114e8305\"},\"breadcrumb\":{\"@id\":\"https:\/\/www.theskeye.com\/lead-with-clarity-conversando-con-ceos-montse-marti-ceo-de-martiderm\/#breadcrumb\"},\"inLanguage\":\"ca\",\"potentialAction\":[{\"@type\":\"ReadAction\",\"target\":[\"https:\/\/www.theskeye.com\/lead-with-clarity-conversando-con-ceos-montse-marti-ceo-de-martiderm\/\"]}]},{\"@type\":\"ImageObject\",\"inLanguage\":\"ca\",\"@id\":\"https:\/\/www.theskeye.com\/lead-with-clarity-conversando-con-ceos-montse-marti-ceo-de-martiderm\/#primaryimage\",\"url\":\"https:\/\/www.theskeye.com\/wp-content\/uploads\/2020\/08\/Lead-with-clarity....Conversando-con-CEOS-2.png\",\"contentUrl\":\"https:\/\/www.theskeye.com\/wp-content\/uploads\/2020\/08\/Lead-with-clarity....Conversando-con-CEOS-2.png\",\"width\":1024,\"height\":512},{\"@type\":\"BreadcrumbList\",\"@id\":\"https:\/\/www.theskeye.com\/lead-with-clarity-conversando-con-ceos-montse-marti-ceo-de-martiderm\/#breadcrumb\",\"itemListElement\":[{\"@type\":\"ListItem\",\"position\":1,\"name\":\"Inicio\",\"item\":\"https:\/\/www.theskeye.com\/ca\/homepage\/\"},{\"@type\":\"ListItem\",\"position\":2,\"name\":\"Lead with clarity: Conversando con CEO\u2019s- Montse Mart\u00ed, CEO de MartiDerm\"}]},{\"@type\":\"WebSite\",\"@id\":\"https:\/\/www.theskeye.com\/#website\",\"url\":\"https:\/\/www.theskeye.com\/\",\"name\":\"The Skeye\",\"description\":\"Consultora boutique que ofrece servicio de alto valor a\u00f1adido vinculados a la direcci\u00f3n estrat\u00e9gica y la direcci\u00f3n de personas\",\"potentialAction\":[{\"@type\":\"SearchAction\",\"target\":{\"@type\":\"EntryPoint\",\"urlTemplate\":\"https:\/\/www.theskeye.com\/?s={search_term_string}\"},\"query-input\":{\"@type\":\"PropertyValueSpecification\",\"valueRequired\":true,\"valueName\":\"search_term_string\"}}],\"inLanguage\":\"ca\"},{\"@type\":\"Person\",\"@id\":\"https:\/\/www.theskeye.com\/#\/schema\/person\/d68cdf279635f30f976579cf114e8305\",\"name\":\"The Skeye\",\"url\":\"https:\/\/www.theskeye.com\/ca\/author\/theskeye\/\"}]}<\/script>\n<!-- \/ Yoast SEO plugin. -->","yoast_head_json":{"title":"Lead with clarity: Conversando con CEO\u2019s- Montse Mart\u00ed, CEO de MartiDerm - The Skeye","robots":{"index":"index","follow":"follow","max-snippet":"max-snippet:-1","max-image-preview":"max-image-preview:large","max-video-preview":"max-video-preview:-1"},"canonical":"https:\/\/www.theskeye.com\/ca\/lead-with-clarity-conversando-con-ceos-montse-marti-ceo-de-martiderm\/","og_locale":"ca_ES","og_type":"article","og_title":"Lead with clarity: Conversando con CEO\u2019s- Montse Mart\u00ed, CEO de MartiDerm - The Skeye","og_description":"Hoy en \u00abLead with clarity: conversando con Ceos, hemos invitado a Montse Mart\u00ed, CEO de MartiDerm a responder algunas cuestiones clave sobre el management y la gesti\u00f3n empresarial. &#8211; \u00bfCu\u00e1les...","og_url":"https:\/\/www.theskeye.com\/lead-with-clarity-conversando-con-ceos-montse-marti-ceo-de-martiderm\/","og_site_name":"The Skeye","article_published_time":"2020-08-13T09:42:09+00:00","article_modified_time":"2021-10-25T11:56:44+00:00","og_image":[{"width":1024,"height":512,"url":"https:\/\/www.theskeye.com\/wp-content\/uploads\/2020\/08\/Lead-with-clarity....Conversando-con-CEOS-2.png","type":"image\/png"}],"author":"The Skeye","twitter_card":"summary_large_image","twitter_misc":{"Escrit per":"The Skeye","Temps estimat de lectura":"1 minut"},"schema":{"@context":"https:\/\/schema.org","@graph":[{"@type":"WebPage","@id":"https:\/\/www.theskeye.com\/lead-with-clarity-conversando-con-ceos-montse-marti-ceo-de-martiderm\/","url":"https:\/\/www.theskeye.com\/lead-with-clarity-conversando-con-ceos-montse-marti-ceo-de-martiderm\/","name":"Lead with clarity: Conversando con CEO\u2019s- Montse Mart\u00ed, CEO de MartiDerm - The Skeye","isPartOf":{"@id":"https:\/\/www.theskeye.com\/#website"},"primaryImageOfPage":{"@id":"https:\/\/www.theskeye.com\/lead-with-clarity-conversando-con-ceos-montse-marti-ceo-de-martiderm\/#primaryimage"},"image":{"@id":"https:\/\/www.theskeye.com\/lead-with-clarity-conversando-con-ceos-montse-marti-ceo-de-martiderm\/#primaryimage"},"thumbnailUrl":"https:\/\/www.theskeye.com\/wp-content\/uploads\/2020\/08\/Lead-with-clarity....Conversando-con-CEOS-2.png","datePublished":"2020-08-13T09:42:09+00:00","dateModified":"2021-10-25T11:56:44+00:00","author":{"@id":"https:\/\/www.theskeye.com\/#\/schema\/person\/d68cdf279635f30f976579cf114e8305"},"breadcrumb":{"@id":"https:\/\/www.theskeye.com\/lead-with-clarity-conversando-con-ceos-montse-marti-ceo-de-martiderm\/#breadcrumb"},"inLanguage":"ca","potentialAction":[{"@type":"ReadAction","target":["https:\/\/www.theskeye.com\/lead-with-clarity-conversando-con-ceos-montse-marti-ceo-de-martiderm\/"]}]},{"@type":"ImageObject","inLanguage":"ca","@id":"https:\/\/www.theskeye.com\/lead-with-clarity-conversando-con-ceos-montse-marti-ceo-de-martiderm\/#primaryimage","url":"https:\/\/www.theskeye.com\/wp-content\/uploads\/2020\/08\/Lead-with-clarity....Conversando-con-CEOS-2.png","contentUrl":"https:\/\/www.theskeye.com\/wp-content\/uploads\/2020\/08\/Lead-with-clarity....Conversando-con-CEOS-2.png","width":1024,"height":512},{"@type":"BreadcrumbList","@id":"https:\/\/www.theskeye.com\/lead-with-clarity-conversando-con-ceos-montse-marti-ceo-de-martiderm\/#breadcrumb","itemListElement":[{"@type":"ListItem","position":1,"name":"Inicio","item":"https:\/\/www.theskeye.com\/ca\/homepage\/"},{"@type":"ListItem","position":2,"name":"Lead with clarity: Conversando con CEO\u2019s- Montse Mart\u00ed, CEO de MartiDerm"}]},{"@type":"WebSite","@id":"https:\/\/www.theskeye.com\/#website","url":"https:\/\/www.theskeye.com\/","name":"The Skeye","description":"Consultora boutique que ofrece servicio de alto valor a\u00f1adido vinculados a la direcci\u00f3n estrat\u00e9gica y la direcci\u00f3n de personas","potentialAction":[{"@type":"SearchAction","target":{"@type":"EntryPoint","urlTemplate":"https:\/\/www.theskeye.com\/?s={search_term_string}"},"query-input":{"@type":"PropertyValueSpecification","valueRequired":true,"valueName":"search_term_string"}}],"inLanguage":"ca"},{"@type":"Person","@id":"https:\/\/www.theskeye.com\/#\/schema\/person\/d68cdf279635f30f976579cf114e8305","name":"The Skeye","url":"https:\/\/www.theskeye.com\/ca\/author\/theskeye\/"}]}},"_links":{"self":[{"href":"https:\/\/www.theskeye.com\/ca\/wp-json\/wp\/v2\/posts\/3211"}],"collection":[{"href":"https:\/\/www.theskeye.com\/ca\/wp-json\/wp\/v2\/posts"}],"about":[{"href":"https:\/\/www.theskeye.com\/ca\/wp-json\/wp\/v2\/types\/post"}],"author":[{"embeddable":true,"href":"https:\/\/www.theskeye.com\/ca\/wp-json\/wp\/v2\/users\/2"}],"replies":[{"embeddable":true,"href":"https:\/\/www.theskeye.com\/ca\/wp-json\/wp\/v2\/comments?post=3211"}],"version-history":[{"count":3,"href":"https:\/\/www.theskeye.com\/ca\/wp-json\/wp\/v2\/posts\/3211\/revisions"}],"predecessor-version":[{"id":5236,"href":"https:\/\/www.theskeye.com\/ca\/wp-json\/wp\/v2\/posts\/3211\/revisions\/5236"}],"wp:featuredmedia":[{"embeddable":true,"href":"https:\/\/www.theskeye.com\/ca\/wp-json\/wp\/v2\/media\/3212"}],"wp:attachment":[{"href":"https:\/\/www.theskeye.com\/ca\/wp-json\/wp\/v2\/media?parent=3211"}],"wp:term":[{"taxonomy":"category","embeddable":true,"href":"https:\/\/www.theskeye.com\/ca\/wp-json\/wp\/v2\/categories?post=3211"},{"taxonomy":"post_tag","embeddable":true,"href":"https:\/\/www.theskeye.com\/ca\/wp-json\/wp\/v2\/tags?post=3211"}],"curies":[{"name":"wp","href":"https:\/\/api.w.org\/{rel}","templated":true}]}}