{"id":3253,"date":"2020-10-28T10:01:00","date_gmt":"2020-10-28T10:01:00","guid":{"rendered":"https:\/\/www.theskeye.com\/?p=3253"},"modified":"2021-10-25T13:00:16","modified_gmt":"2021-10-25T12:00:16","slug":"lead-with-clarity-conversando-con-ceos-helene-valenzuela-ceo-de-ouigo-espana","status":"publish","type":"post","link":"https:\/\/www.theskeye.com\/ca\/lead-with-clarity-conversando-con-ceos-helene-valenzuela-ceo-de-ouigo-espana\/","title":{"rendered":"Lead with clarity-Conversando con CEO\u2019s: H\u00e9l\u00e8ne Valenzuela, CEO de Ouigo Espa\u00f1a"},"content":{"rendered":"\n<p>Hoy en Lead with Clarity conversamos con H\u00e9l\u00e8ne Valenzuela, CEO de Ouigo Espa\u00f1a, el nuevo operador de la alta velocidad en Espa\u00f1a, que comenzar\u00e1 a prestar servicio entre Madrid y Barcelona el pr\u00f3ximo 15 de marzo del 2021, sobre valores y din\u00e1micas internas de las organizaciones:<\/p>\n\n\n\n<p><strong>Las 3 habilidades m\u00e1s valoradas en tu empresa?<\/strong><\/p>\n\n\n\n<ul class=\"wp-block-list\"><li>Orientaci\u00f3n al cliente<\/li><li>Innovaci\u00f3n<\/li><li>Trabajo en equipo&nbsp;&nbsp;<\/li><\/ul>\n\n\n\n<p><strong>Los 3 temas m\u00e1s importantes encima del comit\u00e9 de direcci\u00f3n para el \u00faltimo trimestre del a\u00f1o?&nbsp;<\/strong><\/p>\n\n\n\n<ul class=\"wp-block-list\"><li>La apertura de las ventas de OUIGO, que ofrecer\u00e1 5 idas y vueltas al d\u00eda entre Madrid y Barcelona a partir del 15 de marzo<\/li><li>La formaci\u00f3n del personal OUIGO, que va a mimar a nuestros clientes en cada momento<\/li><li>Las \u00faltimas pruebas de nuestros trenes y de nuestros procesos operativos&nbsp;&nbsp;<\/li><\/ul>\n\n\n\n<p><strong>Qu\u00e9 has aprendido personalmente estos \u00faltimos meses?&nbsp;<br><\/strong><br>Que un gran proyecto como el nuestro requiere mantener la vista en el largo plazoQue una buena planificaci\u00f3n de las tareas es clave para el \u00e9xito &nbsp;Que el entusiasmo de los equipos permite vencer muchas dificultades de corto plazo<\/p>\n\n\n\n<p>Muchas gracias, H\u00e9l\u00e8ne, por compartir con nosotros estas reflexiones en un momento tan apasionante, tan retador\u2026 y tan ocupado, para vuestra empresa.<\/p>\n","protected":false},"excerpt":{"rendered":"<p>Hoy en Lead with Clarity conversamos con H\u00e9l\u00e8ne Valenzuela, CEO de Ouigo Espa\u00f1a, el nuevo operador de la alta velocidad en Espa\u00f1a, que comenzar\u00e1 a prestar servicio entre Madrid y&#8230;<\/p>\n","protected":false},"author":2,"featured_media":3255,"comment_status":"closed","ping_status":"closed","sticky":false,"template":"","format":"standard","meta":{"footnotes":""},"categories":[163,37],"tags":[],"class_list":{"0":"post-3253","1":"post","2":"type-post","3":"status-publish","4":"format-standard","5":"has-post-thumbnail","7":"category-comite-de-direccion","8":"category-comunicacion"},"yoast_head":"<!-- This site is optimized with the Yoast SEO plugin v25.6 - https:\/\/yoast.com\/wordpress\/plugins\/seo\/ -->\n<title>Lead with clarity-Conversando con CEO\u2019s: H\u00e9l\u00e8ne Valenzuela, CEO de Ouigo Espa\u00f1a - The Skeye<\/title>\n<meta name=\"robots\" content=\"index, follow, max-snippet:-1, max-image-preview:large, max-video-preview:-1\" \/>\n<link rel=\"canonical\" href=\"https:\/\/www.theskeye.com\/ca\/lead-with-clarity-conversando-con-ceos-helene-valenzuela-ceo-de-ouigo-espana\/\" \/>\n<meta property=\"og:locale\" content=\"ca_ES\" \/>\n<meta property=\"og:type\" content=\"article\" \/>\n<meta property=\"og:title\" content=\"Lead with clarity-Conversando con CEO\u2019s: H\u00e9l\u00e8ne Valenzuela, CEO de Ouigo Espa\u00f1a - The Skeye\" \/>\n<meta property=\"og:description\" content=\"Hoy en Lead with Clarity conversamos con H\u00e9l\u00e8ne Valenzuela, CEO de Ouigo Espa\u00f1a, el nuevo operador de la alta velocidad en Espa\u00f1a, que comenzar\u00e1 a prestar servicio entre Madrid y...\" \/>\n<meta property=\"og:url\" content=\"https:\/\/www.theskeye.com\/lead-with-clarity-conversando-con-ceos-helene-valenzuela-ceo-de-ouigo-espana\/\" \/>\n<meta property=\"og:site_name\" content=\"The Skeye\" \/>\n<meta property=\"article:published_time\" content=\"2020-10-28T10:01:00+00:00\" \/>\n<meta property=\"article:modified_time\" content=\"2021-10-25T12:00:16+00:00\" \/>\n<meta property=\"og:image\" content=\"https:\/\/www.theskeye.com\/wp-content\/uploads\/2020\/10\/Lead-with-clarity....Conversando-con-CEOS-4.jpg\" \/>\n\t<meta property=\"og:image:width\" content=\"1024\" \/>\n\t<meta property=\"og:image:height\" content=\"512\" \/>\n\t<meta property=\"og:image:type\" content=\"image\/jpeg\" \/>\n<meta name=\"author\" content=\"The Skeye\" \/>\n<meta name=\"twitter:card\" content=\"summary_large_image\" \/>\n<meta name=\"twitter:label1\" content=\"Escrit per\" \/>\n\t<meta name=\"twitter:data1\" content=\"The Skeye\" \/>\n\t<meta name=\"twitter:label2\" content=\"Temps estimat de lectura\" \/>\n\t<meta name=\"twitter:data2\" content=\"1 minut\" \/>\n<script type=\"application\/ld+json\" class=\"yoast-schema-graph\">{\"@context\":\"https:\/\/schema.org\",\"@graph\":[{\"@type\":\"WebPage\",\"@id\":\"https:\/\/www.theskeye.com\/lead-with-clarity-conversando-con-ceos-helene-valenzuela-ceo-de-ouigo-espana\/\",\"url\":\"https:\/\/www.theskeye.com\/lead-with-clarity-conversando-con-ceos-helene-valenzuela-ceo-de-ouigo-espana\/\",\"name\":\"Lead with clarity-Conversando con CEO\u2019s: H\u00e9l\u00e8ne Valenzuela, CEO de Ouigo Espa\u00f1a - The Skeye\",\"isPartOf\":{\"@id\":\"https:\/\/www.theskeye.com\/#website\"},\"primaryImageOfPage\":{\"@id\":\"https:\/\/www.theskeye.com\/lead-with-clarity-conversando-con-ceos-helene-valenzuela-ceo-de-ouigo-espana\/#primaryimage\"},\"image\":{\"@id\":\"https:\/\/www.theskeye.com\/lead-with-clarity-conversando-con-ceos-helene-valenzuela-ceo-de-ouigo-espana\/#primaryimage\"},\"thumbnailUrl\":\"https:\/\/www.theskeye.com\/wp-content\/uploads\/2020\/10\/Lead-with-clarity....Conversando-con-CEOS-4.jpg\",\"datePublished\":\"2020-10-28T10:01:00+00:00\",\"dateModified\":\"2021-10-25T12:00:16+00:00\",\"author\":{\"@id\":\"https:\/\/www.theskeye.com\/#\/schema\/person\/d68cdf279635f30f976579cf114e8305\"},\"breadcrumb\":{\"@id\":\"https:\/\/www.theskeye.com\/lead-with-clarity-conversando-con-ceos-helene-valenzuela-ceo-de-ouigo-espana\/#breadcrumb\"},\"inLanguage\":\"ca\",\"potentialAction\":[{\"@type\":\"ReadAction\",\"target\":[\"https:\/\/www.theskeye.com\/lead-with-clarity-conversando-con-ceos-helene-valenzuela-ceo-de-ouigo-espana\/\"]}]},{\"@type\":\"ImageObject\",\"inLanguage\":\"ca\",\"@id\":\"https:\/\/www.theskeye.com\/lead-with-clarity-conversando-con-ceos-helene-valenzuela-ceo-de-ouigo-espana\/#primaryimage\",\"url\":\"https:\/\/www.theskeye.com\/wp-content\/uploads\/2020\/10\/Lead-with-clarity....Conversando-con-CEOS-4.jpg\",\"contentUrl\":\"https:\/\/www.theskeye.com\/wp-content\/uploads\/2020\/10\/Lead-with-clarity....Conversando-con-CEOS-4.jpg\",\"width\":1024,\"height\":512},{\"@type\":\"BreadcrumbList\",\"@id\":\"https:\/\/www.theskeye.com\/lead-with-clarity-conversando-con-ceos-helene-valenzuela-ceo-de-ouigo-espana\/#breadcrumb\",\"itemListElement\":[{\"@type\":\"ListItem\",\"position\":1,\"name\":\"Inicio\",\"item\":\"https:\/\/www.theskeye.com\/ca\/homepage\/\"},{\"@type\":\"ListItem\",\"position\":2,\"name\":\"Lead with clarity-Conversando con CEO\u2019s: H\u00e9l\u00e8ne Valenzuela, CEO de Ouigo Espa\u00f1a\"}]},{\"@type\":\"WebSite\",\"@id\":\"https:\/\/www.theskeye.com\/#website\",\"url\":\"https:\/\/www.theskeye.com\/\",\"name\":\"The Skeye\",\"description\":\"Consultora boutique que ofrece servicio de alto valor a\u00f1adido vinculados a la direcci\u00f3n estrat\u00e9gica y la direcci\u00f3n de personas\",\"potentialAction\":[{\"@type\":\"SearchAction\",\"target\":{\"@type\":\"EntryPoint\",\"urlTemplate\":\"https:\/\/www.theskeye.com\/?s={search_term_string}\"},\"query-input\":{\"@type\":\"PropertyValueSpecification\",\"valueRequired\":true,\"valueName\":\"search_term_string\"}}],\"inLanguage\":\"ca\"},{\"@type\":\"Person\",\"@id\":\"https:\/\/www.theskeye.com\/#\/schema\/person\/d68cdf279635f30f976579cf114e8305\",\"name\":\"The Skeye\",\"url\":\"https:\/\/www.theskeye.com\/ca\/author\/theskeye\/\"}]}<\/script>\n<!-- \/ Yoast SEO plugin. -->","yoast_head_json":{"title":"Lead with clarity-Conversando con CEO\u2019s: H\u00e9l\u00e8ne Valenzuela, CEO de Ouigo Espa\u00f1a - The Skeye","robots":{"index":"index","follow":"follow","max-snippet":"max-snippet:-1","max-image-preview":"max-image-preview:large","max-video-preview":"max-video-preview:-1"},"canonical":"https:\/\/www.theskeye.com\/ca\/lead-with-clarity-conversando-con-ceos-helene-valenzuela-ceo-de-ouigo-espana\/","og_locale":"ca_ES","og_type":"article","og_title":"Lead with clarity-Conversando con CEO\u2019s: H\u00e9l\u00e8ne Valenzuela, CEO de Ouigo Espa\u00f1a - The Skeye","og_description":"Hoy en Lead with Clarity conversamos con H\u00e9l\u00e8ne Valenzuela, CEO de Ouigo Espa\u00f1a, el nuevo operador de la alta velocidad en Espa\u00f1a, que comenzar\u00e1 a prestar servicio entre Madrid y...","og_url":"https:\/\/www.theskeye.com\/lead-with-clarity-conversando-con-ceos-helene-valenzuela-ceo-de-ouigo-espana\/","og_site_name":"The Skeye","article_published_time":"2020-10-28T10:01:00+00:00","article_modified_time":"2021-10-25T12:00:16+00:00","og_image":[{"width":1024,"height":512,"url":"https:\/\/www.theskeye.com\/wp-content\/uploads\/2020\/10\/Lead-with-clarity....Conversando-con-CEOS-4.jpg","type":"image\/jpeg"}],"author":"The Skeye","twitter_card":"summary_large_image","twitter_misc":{"Escrit per":"The Skeye","Temps estimat de lectura":"1 minut"},"schema":{"@context":"https:\/\/schema.org","@graph":[{"@type":"WebPage","@id":"https:\/\/www.theskeye.com\/lead-with-clarity-conversando-con-ceos-helene-valenzuela-ceo-de-ouigo-espana\/","url":"https:\/\/www.theskeye.com\/lead-with-clarity-conversando-con-ceos-helene-valenzuela-ceo-de-ouigo-espana\/","name":"Lead with clarity-Conversando con CEO\u2019s: H\u00e9l\u00e8ne Valenzuela, CEO de Ouigo Espa\u00f1a - The Skeye","isPartOf":{"@id":"https:\/\/www.theskeye.com\/#website"},"primaryImageOfPage":{"@id":"https:\/\/www.theskeye.com\/lead-with-clarity-conversando-con-ceos-helene-valenzuela-ceo-de-ouigo-espana\/#primaryimage"},"image":{"@id":"https:\/\/www.theskeye.com\/lead-with-clarity-conversando-con-ceos-helene-valenzuela-ceo-de-ouigo-espana\/#primaryimage"},"thumbnailUrl":"https:\/\/www.theskeye.com\/wp-content\/uploads\/2020\/10\/Lead-with-clarity....Conversando-con-CEOS-4.jpg","datePublished":"2020-10-28T10:01:00+00:00","dateModified":"2021-10-25T12:00:16+00:00","author":{"@id":"https:\/\/www.theskeye.com\/#\/schema\/person\/d68cdf279635f30f976579cf114e8305"},"breadcrumb":{"@id":"https:\/\/www.theskeye.com\/lead-with-clarity-conversando-con-ceos-helene-valenzuela-ceo-de-ouigo-espana\/#breadcrumb"},"inLanguage":"ca","potentialAction":[{"@type":"ReadAction","target":["https:\/\/www.theskeye.com\/lead-with-clarity-conversando-con-ceos-helene-valenzuela-ceo-de-ouigo-espana\/"]}]},{"@type":"ImageObject","inLanguage":"ca","@id":"https:\/\/www.theskeye.com\/lead-with-clarity-conversando-con-ceos-helene-valenzuela-ceo-de-ouigo-espana\/#primaryimage","url":"https:\/\/www.theskeye.com\/wp-content\/uploads\/2020\/10\/Lead-with-clarity....Conversando-con-CEOS-4.jpg","contentUrl":"https:\/\/www.theskeye.com\/wp-content\/uploads\/2020\/10\/Lead-with-clarity....Conversando-con-CEOS-4.jpg","width":1024,"height":512},{"@type":"BreadcrumbList","@id":"https:\/\/www.theskeye.com\/lead-with-clarity-conversando-con-ceos-helene-valenzuela-ceo-de-ouigo-espana\/#breadcrumb","itemListElement":[{"@type":"ListItem","position":1,"name":"Inicio","item":"https:\/\/www.theskeye.com\/ca\/homepage\/"},{"@type":"ListItem","position":2,"name":"Lead with clarity-Conversando con CEO\u2019s: H\u00e9l\u00e8ne Valenzuela, CEO de Ouigo Espa\u00f1a"}]},{"@type":"WebSite","@id":"https:\/\/www.theskeye.com\/#website","url":"https:\/\/www.theskeye.com\/","name":"The Skeye","description":"Consultora boutique que ofrece servicio de alto valor a\u00f1adido vinculados a la direcci\u00f3n estrat\u00e9gica y la direcci\u00f3n de personas","potentialAction":[{"@type":"SearchAction","target":{"@type":"EntryPoint","urlTemplate":"https:\/\/www.theskeye.com\/?s={search_term_string}"},"query-input":{"@type":"PropertyValueSpecification","valueRequired":true,"valueName":"search_term_string"}}],"inLanguage":"ca"},{"@type":"Person","@id":"https:\/\/www.theskeye.com\/#\/schema\/person\/d68cdf279635f30f976579cf114e8305","name":"The Skeye","url":"https:\/\/www.theskeye.com\/ca\/author\/theskeye\/"}]}},"_links":{"self":[{"href":"https:\/\/www.theskeye.com\/ca\/wp-json\/wp\/v2\/posts\/3253"}],"collection":[{"href":"https:\/\/www.theskeye.com\/ca\/wp-json\/wp\/v2\/posts"}],"about":[{"href":"https:\/\/www.theskeye.com\/ca\/wp-json\/wp\/v2\/types\/post"}],"author":[{"embeddable":true,"href":"https:\/\/www.theskeye.com\/ca\/wp-json\/wp\/v2\/users\/2"}],"replies":[{"embeddable":true,"href":"https:\/\/www.theskeye.com\/ca\/wp-json\/wp\/v2\/comments?post=3253"}],"version-history":[{"count":3,"href":"https:\/\/www.theskeye.com\/ca\/wp-json\/wp\/v2\/posts\/3253\/revisions"}],"predecessor-version":[{"id":5233,"href":"https:\/\/www.theskeye.com\/ca\/wp-json\/wp\/v2\/posts\/3253\/revisions\/5233"}],"wp:featuredmedia":[{"embeddable":true,"href":"https:\/\/www.theskeye.com\/ca\/wp-json\/wp\/v2\/media\/3255"}],"wp:attachment":[{"href":"https:\/\/www.theskeye.com\/ca\/wp-json\/wp\/v2\/media?parent=3253"}],"wp:term":[{"taxonomy":"category","embeddable":true,"href":"https:\/\/www.theskeye.com\/ca\/wp-json\/wp\/v2\/categories?post=3253"},{"taxonomy":"post_tag","embeddable":true,"href":"https:\/\/www.theskeye.com\/ca\/wp-json\/wp\/v2\/tags?post=3253"}],"curies":[{"name":"wp","href":"https:\/\/api.w.org\/{rel}","templated":true}]}}