{"id":3267,"date":"2020-12-15T16:53:50","date_gmt":"2020-12-15T16:53:50","guid":{"rendered":"https:\/\/www.theskeye.com\/?p=3267"},"modified":"2021-10-25T12:45:51","modified_gmt":"2021-10-25T11:45:51","slug":"que-duro-es-ser-drh","status":"publish","type":"post","link":"https:\/\/www.theskeye.com\/ca\/que-duro-es-ser-drh\/","title":{"rendered":"\u00a1Qu\u00e9 duro es ser DRH!"},"content":{"rendered":"\n<p>Muy en contra de lo que muchos agoreros pontifican, afirmo que no es nada f\u00e1cil &#8211; en general \u2013 ser Director de Recursos Humanos (o de Personas, o de Felicidad y Compromiso, o como quieran llamar seg\u00fan la moda de turno a ese rol que se ocupa de atraer talento, comprometerlo, gestionarlo y adem\u00e1s obtener resultados mientras es el culpable de casi todos los males que asolan a su empresa). Y es especialmente dif\u00edcil en estos tiempos de incertidumbre en que nuestros pilares s\u00f3lidos est\u00e1n en entredicho, mutando m\u00e1s r\u00e1pidamente que nuestra capacidad de adaptarnos. Seguro que tu Director General te ha sentado para reflexionar sobre el futuro del empleo (dicho as\u00ed, en general, suena muy bonito pero la realidad es que te est\u00e1 preguntando por el de tu empresa) y la estrategia para atraer talento y motivar al que tanto te ha costado conseguir, y por supuesto reciclando a esa gran parte de tu plantilla a la que hay que adaptar a ese tiempo nuevo; su trabajo ha sido enunciar la idea, y el tuyo es llevarla a la pr\u00e1ctica, no lo va a hacer \u00e9l todo, por lo que ya debes estar buceando en Amazon o Aliexpress para encontrar ese chip virtual que le das a tu plantilla y se transforman c\u00f3moda e indoloramente en empleados del futuro. Y todo ello mientras consigues resultados porque, no nos enga\u00f1emos, la excusa COVID para no alcanzar los objetivos te valdr\u00e1 para este a\u00f1o pero es como los cupones de descuento, que solo los puedes aplicar una vez.&nbsp;<\/p>\n\n\n\n<p>Y t\u00fa, como sesudo DRH, te sientas a reflexionar sobre el empleo del futuro, las competencias que ser\u00e1n necesarias, y si eres el \u00fanico responsable de cubrir ese hueco. La respuesta es meridianamente clara: no eres el \u00fanico con ese problema ni la soluci\u00f3n est\u00e1 solo en tus manos. En mi pasada columna de este mismo foro reflexionaba sobre la altura de miras que los diferentes estamentos involucrados necesitan para conformar ese mercado laboral futuro; hoy me voy a centrar en algunos de esos aspectos, sobre todo en las competencias necesarias y c\u00f3mo se adquieren.&nbsp;<\/p>\n\n\n\n<p>Y la primera reflexi\u00f3n es si este momento, en que estamos en <em>shock<\/em>, es el adecuado para decidir sobre ello por la visi\u00f3n sesgada que involuntariamente nos provoca estar en medio del bosque. Puedes encontrar mucha documentaci\u00f3n sobre las competencias que van ser necesarias en el futuro \u2013 por cierto, el futuro es hoy, no te retrases \u2013 y muchos de ellos coinciden; tomo un excelente informe de Deloitte&nbsp; (Future Skills Assesment Report) en que destacan, m\u00e1s all\u00e1 de las esperables <em>hard<\/em> como digitalizaci\u00f3n, entornos virtuales, etc, algunas competencias <em>soft<\/em> bien definidas y que no se ense\u00f1an: empat\u00eda, gesti\u00f3n del estr\u00e9s, enfoque intercultural, diversidad e inclusi\u00f3n, trabajo en equipo virtual y colaboraci\u00f3n, resiliencia, pensamiento cr\u00edtico, etc. No soy capaz de ponerle ni un solo pero al listado, y al mismo tiempo me doy cuenta de que la tarea es herc\u00falea. \u00bfNo te lo crees? Coge el listado de tu plantilla y pon en una columna cada una de estas competencias y eval\u00faa cr\u00edticamente a todos ellos distinguiendo entre quienes la tienen, la pueden adquirir o jam\u00e1s podr\u00e1n, y si pones a estos \u00faltimos en rojo puedes darte cuenta de que tienes una muleta para torear. No nos rasguemos las vestiduras porque no todos deben ser uniformemente homocig\u00f3ticos, pero tener una base buena nos vendr\u00eda bien, digo yo. Bueno, ya tienes trabajo para fomentar esos comportamientos empezando por ti y por tu jefe, que sois ejemplo (se atribuye a Les Luthiers una afortunada frase: \u201cno es verdad que no valgo para nada: por lo menos sirvo de mal ejemplo\u201d) y para contratar empleados que las tengan y que contaminen al resto. Ya tenemos un plan; ahora te desaf\u00edo a que repitas el ejercicio de evaluaci\u00f3n con todos los candidatos que han pasado por tus manos en los \u00faltimos dos a\u00f1os\u2026descorazonador \u00bfno?.<\/p>\n\n\n\n<p>Es cierto que est\u00e1 cambiando y hay brotes verdes, pero muy despacio. El sistema educativo no los produce por defecto; mientras la mayor\u00eda de los egresados posee competencias t\u00e9cnicas suficientes hay una alarmante falta de esas competencias <em>soft<\/em> modernas, las necesarias para tener la capacidad de relacionarse con otros en una empresa. No conozco el sistema educativo en profundidad, si bien me da la impresi\u00f3n de que pone el \u00e9nfasis en educar en temarios similares a los que yo estudiaba, pero con t\u00e9cnicas m\u00e1s modernas; es cierto que cada vez hay m\u00e1s colaboraci\u00f3n, trabajo en grupos, presentaciones, exposici\u00f3n a las empresas, etc \u00a1pero esa es una carencia detectada hace 30 a\u00f1os! No podemos esperar otro tanto para mejorar esas otras competencias y me da la impresi\u00f3n de que nuestros pol\u00edticos dedican m\u00e1s tiempo a pol\u00e9micas partidistas con la Educaci\u00f3n que a construir un sistema escuchando no solo a profesores y padres sino a las empresas para los que van a trabajar casi todos ellos en el futuro. No seamos catastrofistas porque los candidatos, nativos digitales,se han relacionado desde siempre con esos par\u00e1metros y tienen muchas de ellas de serie: tan solo se trata de ayudarles a descubrirlas y potenciarlas. Como siempre, f\u00e1cil de decir, pero ya me dir\u00e9is como aprendemos resiliencia si no es a base de tropezones.<\/p>\n\n\n\n<p>Deber\u00edamos aprovechar el <em>momentum<\/em> creado por la pandemia para acelerar, por lo menos en la conceptualizaci\u00f3n. No puedo terminar sin sorprenderme de otro documento, este del IFTF que se llama \u201cFuture Work Skiills 2020\u201d. En \u00e9l desgranan las competencias necesarias y aparecen algunas como inteligencia social, pensamiento adaptativo, pensamiento computacional y maestr\u00eda en nuevos medios, transdisciplinaridad o colaboraci\u00f3n virtual, vamos que lo han clavado\u2026porque esto lo crearon hace una d\u00e9cada. Ardo en deseos de ver su apuesta 2030.&nbsp;<\/p>\n\n\n\n<p>Parafraseando al inefable Pazos en \u201cAirbag\u201d, va a ser estresante (a la vez que interesante) transformar nuestra plantilla a ese mundo nuevo. El hecho de que lo hayamos descrito no lo hace m\u00e1s f\u00e1cil, sino m\u00e1s bien al contrario ya que puede ser un caldo de frustraciones. No desesperes, da el primer paso sin miedo porque estoy convencido de que va a haber mucha prueba y error; debemos asumirlos con madurez y rectificar, \u00bfcu\u00e1l es si no la esencia de un buen DRH?<\/p>\n","protected":false},"excerpt":{"rendered":"<p>Muy en contra de lo que muchos agoreros pontifican, afirmo que no es nada f\u00e1cil &#8211; en general \u2013 ser Director de Recursos Humanos (o de Personas, o de Felicidad&#8230;<\/p>\n","protected":false},"author":10,"featured_media":3272,"comment_status":"closed","ping_status":"closed","sticky":false,"template":"","format":"standard","meta":{"footnotes":""},"categories":[37,167],"tags":[],"class_list":{"0":"post-3267","1":"post","2":"type-post","3":"status-publish","4":"format-standard","5":"has-post-thumbnail","7":"category-comunicacion","8":"category-interim-management"},"yoast_head":"<!-- This site is optimized with the Yoast SEO plugin v25.6 - https:\/\/yoast.com\/wordpress\/plugins\/seo\/ -->\n<title>\u00a1Qu\u00e9 duro es ser DRH! - The Skeye<\/title>\n<meta name=\"robots\" content=\"index, follow, max-snippet:-1, max-image-preview:large, max-video-preview:-1\" \/>\n<link rel=\"canonical\" href=\"https:\/\/www.theskeye.com\/ca\/que-duro-es-ser-drh\/\" \/>\n<meta property=\"og:locale\" content=\"ca_ES\" \/>\n<meta property=\"og:type\" content=\"article\" \/>\n<meta property=\"og:title\" content=\"\u00a1Qu\u00e9 duro es ser DRH! - The Skeye\" \/>\n<meta property=\"og:description\" content=\"Muy en contra de lo que muchos agoreros pontifican, afirmo que no es nada f\u00e1cil &#8211; en general \u2013 ser Director de Recursos Humanos (o de Personas, o de Felicidad...\" \/>\n<meta property=\"og:url\" content=\"https:\/\/www.theskeye.com\/que-duro-es-ser-drh\/\" \/>\n<meta property=\"og:site_name\" content=\"The Skeye\" \/>\n<meta property=\"article:published_time\" content=\"2020-12-15T16:53:50+00:00\" \/>\n<meta property=\"article:modified_time\" content=\"2021-10-25T11:45:51+00:00\" \/>\n<meta property=\"og:image\" content=\"https:\/\/www.theskeye.com\/wp-content\/uploads\/2020\/12\/Captura-de-Pantalla-2020-12-15-a-les-17.50.59.png\" \/>\n\t<meta property=\"og:image:width\" content=\"1087\" \/>\n\t<meta property=\"og:image:height\" content=\"721\" \/>\n\t<meta property=\"og:image:type\" content=\"image\/png\" \/>\n<meta name=\"author\" content=\"Javier Fa\u00f1an\u00e1s\" \/>\n<meta name=\"twitter:card\" content=\"summary_large_image\" \/>\n<meta name=\"twitter:label1\" content=\"Escrit per\" \/>\n\t<meta name=\"twitter:data1\" content=\"Javier Fa\u00f1an\u00e1s\" \/>\n\t<meta name=\"twitter:label2\" content=\"Temps estimat de lectura\" \/>\n\t<meta name=\"twitter:data2\" content=\"5 minuts\" \/>\n<script type=\"application\/ld+json\" class=\"yoast-schema-graph\">{\"@context\":\"https:\/\/schema.org\",\"@graph\":[{\"@type\":\"WebPage\",\"@id\":\"https:\/\/www.theskeye.com\/que-duro-es-ser-drh\/\",\"url\":\"https:\/\/www.theskeye.com\/que-duro-es-ser-drh\/\",\"name\":\"\u00a1Qu\u00e9 duro es ser DRH! - The Skeye\",\"isPartOf\":{\"@id\":\"https:\/\/www.theskeye.com\/#website\"},\"primaryImageOfPage\":{\"@id\":\"https:\/\/www.theskeye.com\/que-duro-es-ser-drh\/#primaryimage\"},\"image\":{\"@id\":\"https:\/\/www.theskeye.com\/que-duro-es-ser-drh\/#primaryimage\"},\"thumbnailUrl\":\"https:\/\/www.theskeye.com\/wp-content\/uploads\/2020\/12\/Captura-de-Pantalla-2020-12-15-a-les-17.50.59.png\",\"datePublished\":\"2020-12-15T16:53:50+00:00\",\"dateModified\":\"2021-10-25T11:45:51+00:00\",\"author\":{\"@id\":\"https:\/\/www.theskeye.com\/#\/schema\/person\/d8e226036cd8f3655e3e0dd98b3e1444\"},\"breadcrumb\":{\"@id\":\"https:\/\/www.theskeye.com\/que-duro-es-ser-drh\/#breadcrumb\"},\"inLanguage\":\"ca\",\"potentialAction\":[{\"@type\":\"ReadAction\",\"target\":[\"https:\/\/www.theskeye.com\/que-duro-es-ser-drh\/\"]}]},{\"@type\":\"ImageObject\",\"inLanguage\":\"ca\",\"@id\":\"https:\/\/www.theskeye.com\/que-duro-es-ser-drh\/#primaryimage\",\"url\":\"https:\/\/www.theskeye.com\/wp-content\/uploads\/2020\/12\/Captura-de-Pantalla-2020-12-15-a-les-17.50.59.png\",\"contentUrl\":\"https:\/\/www.theskeye.com\/wp-content\/uploads\/2020\/12\/Captura-de-Pantalla-2020-12-15-a-les-17.50.59.png\",\"width\":1087,\"height\":721},{\"@type\":\"BreadcrumbList\",\"@id\":\"https:\/\/www.theskeye.com\/que-duro-es-ser-drh\/#breadcrumb\",\"itemListElement\":[{\"@type\":\"ListItem\",\"position\":1,\"name\":\"Inicio\",\"item\":\"https:\/\/www.theskeye.com\/ca\/homepage\/\"},{\"@type\":\"ListItem\",\"position\":2,\"name\":\"\u00a1Qu\u00e9 duro es ser DRH!\"}]},{\"@type\":\"WebSite\",\"@id\":\"https:\/\/www.theskeye.com\/#website\",\"url\":\"https:\/\/www.theskeye.com\/\",\"name\":\"The Skeye\",\"description\":\"Consultora boutique que ofrece servicio de alto valor a\u00f1adido vinculados a la direcci\u00f3n estrat\u00e9gica y la direcci\u00f3n de personas\",\"potentialAction\":[{\"@type\":\"SearchAction\",\"target\":{\"@type\":\"EntryPoint\",\"urlTemplate\":\"https:\/\/www.theskeye.com\/?s={search_term_string}\"},\"query-input\":{\"@type\":\"PropertyValueSpecification\",\"valueRequired\":true,\"valueName\":\"search_term_string\"}}],\"inLanguage\":\"ca\"},{\"@type\":\"Person\",\"@id\":\"https:\/\/www.theskeye.com\/#\/schema\/person\/d8e226036cd8f3655e3e0dd98b3e1444\",\"name\":\"Javier Fa\u00f1an\u00e1s\",\"description\":\"Director de proyectos y senior HRBP\",\"url\":\"https:\/\/www.theskeye.com\/ca\/author\/javier-fananas\/\"}]}<\/script>\n<!-- \/ Yoast SEO plugin. -->","yoast_head_json":{"title":"\u00a1Qu\u00e9 duro es ser DRH! - The Skeye","robots":{"index":"index","follow":"follow","max-snippet":"max-snippet:-1","max-image-preview":"max-image-preview:large","max-video-preview":"max-video-preview:-1"},"canonical":"https:\/\/www.theskeye.com\/ca\/que-duro-es-ser-drh\/","og_locale":"ca_ES","og_type":"article","og_title":"\u00a1Qu\u00e9 duro es ser DRH! - The Skeye","og_description":"Muy en contra de lo que muchos agoreros pontifican, afirmo que no es nada f\u00e1cil &#8211; en general \u2013 ser Director de Recursos Humanos (o de Personas, o de Felicidad...","og_url":"https:\/\/www.theskeye.com\/que-duro-es-ser-drh\/","og_site_name":"The Skeye","article_published_time":"2020-12-15T16:53:50+00:00","article_modified_time":"2021-10-25T11:45:51+00:00","og_image":[{"width":1087,"height":721,"url":"https:\/\/www.theskeye.com\/wp-content\/uploads\/2020\/12\/Captura-de-Pantalla-2020-12-15-a-les-17.50.59.png","type":"image\/png"}],"author":"Javier Fa\u00f1an\u00e1s","twitter_card":"summary_large_image","twitter_misc":{"Escrit per":"Javier Fa\u00f1an\u00e1s","Temps estimat de lectura":"5 minuts"},"schema":{"@context":"https:\/\/schema.org","@graph":[{"@type":"WebPage","@id":"https:\/\/www.theskeye.com\/que-duro-es-ser-drh\/","url":"https:\/\/www.theskeye.com\/que-duro-es-ser-drh\/","name":"\u00a1Qu\u00e9 duro es ser DRH! - The Skeye","isPartOf":{"@id":"https:\/\/www.theskeye.com\/#website"},"primaryImageOfPage":{"@id":"https:\/\/www.theskeye.com\/que-duro-es-ser-drh\/#primaryimage"},"image":{"@id":"https:\/\/www.theskeye.com\/que-duro-es-ser-drh\/#primaryimage"},"thumbnailUrl":"https:\/\/www.theskeye.com\/wp-content\/uploads\/2020\/12\/Captura-de-Pantalla-2020-12-15-a-les-17.50.59.png","datePublished":"2020-12-15T16:53:50+00:00","dateModified":"2021-10-25T11:45:51+00:00","author":{"@id":"https:\/\/www.theskeye.com\/#\/schema\/person\/d8e226036cd8f3655e3e0dd98b3e1444"},"breadcrumb":{"@id":"https:\/\/www.theskeye.com\/que-duro-es-ser-drh\/#breadcrumb"},"inLanguage":"ca","potentialAction":[{"@type":"ReadAction","target":["https:\/\/www.theskeye.com\/que-duro-es-ser-drh\/"]}]},{"@type":"ImageObject","inLanguage":"ca","@id":"https:\/\/www.theskeye.com\/que-duro-es-ser-drh\/#primaryimage","url":"https:\/\/www.theskeye.com\/wp-content\/uploads\/2020\/12\/Captura-de-Pantalla-2020-12-15-a-les-17.50.59.png","contentUrl":"https:\/\/www.theskeye.com\/wp-content\/uploads\/2020\/12\/Captura-de-Pantalla-2020-12-15-a-les-17.50.59.png","width":1087,"height":721},{"@type":"BreadcrumbList","@id":"https:\/\/www.theskeye.com\/que-duro-es-ser-drh\/#breadcrumb","itemListElement":[{"@type":"ListItem","position":1,"name":"Inicio","item":"https:\/\/www.theskeye.com\/ca\/homepage\/"},{"@type":"ListItem","position":2,"name":"\u00a1Qu\u00e9 duro es ser DRH!"}]},{"@type":"WebSite","@id":"https:\/\/www.theskeye.com\/#website","url":"https:\/\/www.theskeye.com\/","name":"The Skeye","description":"Consultora boutique que ofrece servicio de alto valor a\u00f1adido vinculados a la direcci\u00f3n estrat\u00e9gica y la direcci\u00f3n de personas","potentialAction":[{"@type":"SearchAction","target":{"@type":"EntryPoint","urlTemplate":"https:\/\/www.theskeye.com\/?s={search_term_string}"},"query-input":{"@type":"PropertyValueSpecification","valueRequired":true,"valueName":"search_term_string"}}],"inLanguage":"ca"},{"@type":"Person","@id":"https:\/\/www.theskeye.com\/#\/schema\/person\/d8e226036cd8f3655e3e0dd98b3e1444","name":"Javier Fa\u00f1an\u00e1s","description":"Director de proyectos y senior HRBP","url":"https:\/\/www.theskeye.com\/ca\/author\/javier-fananas\/"}]}},"_links":{"self":[{"href":"https:\/\/www.theskeye.com\/ca\/wp-json\/wp\/v2\/posts\/3267"}],"collection":[{"href":"https:\/\/www.theskeye.com\/ca\/wp-json\/wp\/v2\/posts"}],"about":[{"href":"https:\/\/www.theskeye.com\/ca\/wp-json\/wp\/v2\/types\/post"}],"author":[{"embeddable":true,"href":"https:\/\/www.theskeye.com\/ca\/wp-json\/wp\/v2\/users\/10"}],"replies":[{"embeddable":true,"href":"https:\/\/www.theskeye.com\/ca\/wp-json\/wp\/v2\/comments?post=3267"}],"version-history":[{"count":1,"href":"https:\/\/www.theskeye.com\/ca\/wp-json\/wp\/v2\/posts\/3267\/revisions"}],"predecessor-version":[{"id":3271,"href":"https:\/\/www.theskeye.com\/ca\/wp-json\/wp\/v2\/posts\/3267\/revisions\/3271"}],"wp:featuredmedia":[{"embeddable":true,"href":"https:\/\/www.theskeye.com\/ca\/wp-json\/wp\/v2\/media\/3272"}],"wp:attachment":[{"href":"https:\/\/www.theskeye.com\/ca\/wp-json\/wp\/v2\/media?parent=3267"}],"wp:term":[{"taxonomy":"category","embeddable":true,"href":"https:\/\/www.theskeye.com\/ca\/wp-json\/wp\/v2\/categories?post=3267"},{"taxonomy":"post_tag","embeddable":true,"href":"https:\/\/www.theskeye.com\/ca\/wp-json\/wp\/v2\/tags?post=3267"}],"curies":[{"name":"wp","href":"https:\/\/api.w.org\/{rel}","templated":true}]}}