{"id":3308,"date":"2021-02-11T10:07:00","date_gmt":"2021-02-11T10:07:00","guid":{"rendered":"https:\/\/www.theskeye.com\/?p=3308"},"modified":"2021-10-25T12:36:57","modified_gmt":"2021-10-25T11:36:57","slug":"el-poderio-de-mi-admirada-lola-flores","status":"publish","type":"post","link":"https:\/\/www.theskeye.com\/ca\/el-poderio-de-mi-admirada-lola-flores\/","title":{"rendered":"El poder\u00edo de mi admirada Lola Flores. Nuestro Quej\u00edo Corporativo."},"content":{"rendered":"\n<p>Con m\u00e1s de 350.000 visualizaciones en YouTube, la cerveza Cruzcampo resucita a Lola Flores, uno de los personajes mas ic\u00f3nicos de nuestro pa\u00eds. Gracias a la tecnolog\u00eda <em>deepfake<\/em>, reaparece en nuestros televisores marcando su acento andaluz en la nueva campa\u00f1a. Un spot imponente que, gracias a la inteligencia artificial, hace posible lo imposible. Lola Flores se dirige a las nuevas generaciones (los <em>boomers<\/em> ya tuvimos nuestro momento) para reivindicar la esencia, el quej\u00edo, el poder\u00edo. \u201cLa faraona\u201d honra, una vez m\u00e1s, a la cr\u00edtica: \u201cNo canta ni baila, pero no se la pierdan\u201d. Y es que Lola Flores fue mucho m\u00e1s que cantante o bailaora, fue mujer, alma, autenticidad y pasi\u00f3n. Cabe recordar que \u201cLa faraona\u201d verbaliz\u00f3 en prime time: \u201cYa es hora de que dejen a la gente vivir. De tener amigas, de tener amigos, de salir con un se\u00f1or o no salir. Que dejen a la gente vivir\u201d. A\u00f1os m\u00e1s tarde mostr\u00f3 su respeto abiertamente a la comunidad trans. As\u00ed, esa jerezana se convirti\u00f3 en un icono de la diversidad, de la defensa de la esencia y el poder de la autenticidad.<\/p>\n\n\n\n<p>Durante d\u00e9cadas, el mundo corporativo ha testimoniado desde la distancia, el \u201cpoder\u00edo\u201d (<em>empowerment<\/em>). Se ha considerado que los empleados est\u00e1n subordinados a la direcci\u00f3n y rara vez existe rechazo con respecto a qui\u00e9n dirige. Afortunadamente, los tiempos han cambiado. Los l\u00edderes, en su mayor parte, ahora han descubierto la viabilidad de fomentar y cultivar la creatividad, las percepciones, las ideas y los talentos individuales de sus empleados. Empoderar a los empleados para que desarrollen sus funciones no les quita el poder a los managers, como muchos tem\u00edan. En cambio, el empoderamiento genera un mejor ambiente de trabajo. Tambi\u00e9n beneficia el resultado final del negocio cuando los empleados est\u00e1n comprometidos, implicados y son parte del motor que mantiene todo funcionando.<\/p>\n\n\n\n<p>Actualmente, seguimos sin poder relacionarnos con nuestros compa\u00f1eros de trabajo, se han acabado las an\u00e9cdotas, los desayunos consumiendo el tiempo libre (que de libre nada, un peque\u00f1o descanso permitido con la finalidad de optimizaci\u00f3n). Ahora tenemos \u201cvivencias organizacionales descafeinadas\u201d adheridas al desarrollo profesional. \u00bfPero, qu\u00e9 pasa con las capacidades que nuestras organizaciones han valorado hasta el momento, la capacidad de decisi\u00f3n, de autonom\u00eda, responsabilidad, compromiso, en definitiva lo que nuestra protagonista Lola Flores explica entre cervecita y cervecita: el <em>empowerment<\/em>. \u00bfC\u00f3mo vamos a generarlo?<\/p>\n\n\n\n<p>Es momento de pasar a la acci\u00f3n y buscar en nosotros mismos y en nuestra organizaci\u00f3n ese \u201cquej\u00edo\u201d que nos hace aut\u00e9nticos, el \u201corgullo de ser como somos\u201d. Liberar el poder y creatividad que hemos adquirido a trav\u00e9s de las experiencias y conocimientos y ponerlos al servicio de nosotros mismos y de nuestra organizaci\u00f3n, trabajando desde el c\u00edrculo de influencia de lo que realmente depende de nosotros, pasando de la preocupaci\u00f3n a la acci\u00f3n sin perder en dicho proceso lo que nos hace aut\u00e9nticos.<\/p>\n\n\n\n<p>El otro d\u00eda asist\u00ed a una conferencia en iese en la que se hablaba de talento post-Covid. Las conclusiones a las que se llegaron eran resultantes de m\u00e1s de 1000 entrevistas a CEOS. Aparec\u00edan diversas cuestiones: \u00bfQu\u00e9 es lo que realmente creemos que vamos a necesitar y valorar, una vez pase la pandemia? \u00bfC\u00f3mo queremos que sean nuestros directivos, que les vamos a pedir? Me sorprendi\u00f3 gratamente comprobar que lo que vamos a necesitar son l\u00edderes capaces de motivar a los equipos, flexibles y con capacidad de gestionar el cambio. L\u00edderes solidarios, humildes, con optimismo y valent\u00eda. Resilientes y con capacidad de gestionar la adversidad. Sin olvidar la eficiencia y orientaci\u00f3n de resultados. Pero de todas las competencias resaltadas la que m\u00e1s me alivi\u00f3 fue la capacidad de escucha. Nos preocupamos cuando nuestros hijos no logran hablar o andar en los meses posteriores al nacimiento. Nos preguntamos si pueden tener cierto retraso evolutivo (seg\u00fan Piaget). Pero no nos preocupamos de que nuestros hijos sepan escuchar ni les damos las herramientas para que lo puedan desarrollar. \u00bfC\u00f3mo vamos a ser buenos l\u00edderes si no sabemos escuchar de forma activa? Escuchar es un acto de solidaridad y humildad. L\u00e8vinas sosten\u00eda que el rostro del otro no debe ser adquirido por nuestra percepci\u00f3n de este, debemos dejar que incida en nuestra experiencia vital, escuchar. Solo as\u00ed creceremos como sociedad.<\/p>\n\n\n\n<p>Qu\u00e9date con qui\u00e9n quieras, con Lola Flores, con Piaget o con L\u00e8vinas. Decidas lo que decidas, gracias por escuchar este mon\u00f3logo interior.<\/p>\n","protected":false},"excerpt":{"rendered":"<p>Con m\u00e1s de 350.000 visualizaciones en YouTube, la cerveza Cruzcampo resucita a Lola Flores, uno de los personajes mas ic\u00f3nicos de nuestro pa\u00eds. Gracias a la tecnolog\u00eda deepfake, reaparece en&#8230;<\/p>\n","protected":false},"author":5,"featured_media":3309,"comment_status":"closed","ping_status":"closed","sticky":false,"template":"","format":"standard","meta":{"footnotes":""},"categories":[168,37],"tags":[],"class_list":{"0":"post-3308","1":"post","2":"type-post","3":"status-publish","4":"format-standard","5":"has-post-thumbnail","7":"category-coaching-ejecutivo","8":"category-comunicacion"},"yoast_head":"<!-- This site is optimized with the Yoast SEO plugin v25.6 - https:\/\/yoast.com\/wordpress\/plugins\/seo\/ -->\n<title>El poder\u00edo de mi admirada Lola Flores. Nuestro Quej\u00edo Corporativo. - The Skeye<\/title>\n<meta name=\"robots\" content=\"index, follow, max-snippet:-1, max-image-preview:large, max-video-preview:-1\" \/>\n<link rel=\"canonical\" href=\"https:\/\/www.theskeye.com\/ca\/el-poderio-de-mi-admirada-lola-flores\/\" \/>\n<meta property=\"og:locale\" content=\"ca_ES\" \/>\n<meta property=\"og:type\" content=\"article\" \/>\n<meta property=\"og:title\" content=\"El poder\u00edo de mi admirada Lola Flores. Nuestro Quej\u00edo Corporativo. - The Skeye\" \/>\n<meta property=\"og:description\" content=\"Con m\u00e1s de 350.000 visualizaciones en YouTube, la cerveza Cruzcampo resucita a Lola Flores, uno de los personajes mas ic\u00f3nicos de nuestro pa\u00eds. Gracias a la tecnolog\u00eda deepfake, reaparece en...\" \/>\n<meta property=\"og:url\" content=\"https:\/\/www.theskeye.com\/ca\/el-poderio-de-mi-admirada-lola-flores\/\" \/>\n<meta property=\"og:site_name\" content=\"The Skeye\" \/>\n<meta property=\"article:published_time\" content=\"2021-02-11T10:07:00+00:00\" \/>\n<meta property=\"article:modified_time\" content=\"2021-10-25T11:36:57+00:00\" \/>\n<meta property=\"og:image\" content=\"https:\/\/www.theskeye.com\/wp-content\/uploads\/2021\/02\/2009-04-2615.44.56.jpg\" \/>\n\t<meta property=\"og:image:width\" content=\"2500\" \/>\n\t<meta property=\"og:image:height\" content=\"1667\" \/>\n\t<meta property=\"og:image:type\" content=\"image\/jpeg\" \/>\n<meta name=\"author\" content=\"Natalia Segura\" \/>\n<meta name=\"twitter:card\" content=\"summary_large_image\" \/>\n<meta name=\"twitter:label1\" content=\"Escrit per\" \/>\n\t<meta name=\"twitter:data1\" content=\"Natalia Segura\" \/>\n\t<meta name=\"twitter:label2\" content=\"Temps estimat de lectura\" \/>\n\t<meta name=\"twitter:data2\" content=\"4 minuts\" \/>\n<script type=\"application\/ld+json\" class=\"yoast-schema-graph\">{\"@context\":\"https:\/\/schema.org\",\"@graph\":[{\"@type\":\"WebPage\",\"@id\":\"https:\/\/www.theskeye.com\/ca\/el-poderio-de-mi-admirada-lola-flores\/\",\"url\":\"https:\/\/www.theskeye.com\/ca\/el-poderio-de-mi-admirada-lola-flores\/\",\"name\":\"El poder\u00edo de mi admirada Lola Flores. Nuestro Quej\u00edo Corporativo. - The Skeye\",\"isPartOf\":{\"@id\":\"https:\/\/www.theskeye.com\/#website\"},\"primaryImageOfPage\":{\"@id\":\"https:\/\/www.theskeye.com\/ca\/el-poderio-de-mi-admirada-lola-flores\/#primaryimage\"},\"image\":{\"@id\":\"https:\/\/www.theskeye.com\/ca\/el-poderio-de-mi-admirada-lola-flores\/#primaryimage\"},\"thumbnailUrl\":\"https:\/\/www.theskeye.com\/wp-content\/uploads\/2021\/02\/2009-04-2615.44.56.jpg\",\"datePublished\":\"2021-02-11T10:07:00+00:00\",\"dateModified\":\"2021-10-25T11:36:57+00:00\",\"author\":{\"@id\":\"https:\/\/www.theskeye.com\/#\/schema\/person\/be7877a1d244ce21281e7e769a3fd041\"},\"breadcrumb\":{\"@id\":\"https:\/\/www.theskeye.com\/ca\/el-poderio-de-mi-admirada-lola-flores\/#breadcrumb\"},\"inLanguage\":\"ca\",\"potentialAction\":[{\"@type\":\"ReadAction\",\"target\":[\"https:\/\/www.theskeye.com\/ca\/el-poderio-de-mi-admirada-lola-flores\/\"]}]},{\"@type\":\"ImageObject\",\"inLanguage\":\"ca\",\"@id\":\"https:\/\/www.theskeye.com\/ca\/el-poderio-de-mi-admirada-lola-flores\/#primaryimage\",\"url\":\"https:\/\/www.theskeye.com\/wp-content\/uploads\/2021\/02\/2009-04-2615.44.56.jpg\",\"contentUrl\":\"https:\/\/www.theskeye.com\/wp-content\/uploads\/2021\/02\/2009-04-2615.44.56.jpg\",\"width\":2500,\"height\":1667},{\"@type\":\"BreadcrumbList\",\"@id\":\"https:\/\/www.theskeye.com\/ca\/el-poderio-de-mi-admirada-lola-flores\/#breadcrumb\",\"itemListElement\":[{\"@type\":\"ListItem\",\"position\":1,\"name\":\"Inicio\",\"item\":\"https:\/\/www.theskeye.com\/ca\/homepage\/\"},{\"@type\":\"ListItem\",\"position\":2,\"name\":\"El poder\u00edo de mi admirada Lola Flores. Nuestro Quej\u00edo Corporativo.\"}]},{\"@type\":\"WebSite\",\"@id\":\"https:\/\/www.theskeye.com\/#website\",\"url\":\"https:\/\/www.theskeye.com\/\",\"name\":\"The Skeye\",\"description\":\"Consultora boutique que ofrece servicio de alto valor a\u00f1adido vinculados a la direcci\u00f3n estrat\u00e9gica y la direcci\u00f3n de personas\",\"potentialAction\":[{\"@type\":\"SearchAction\",\"target\":{\"@type\":\"EntryPoint\",\"urlTemplate\":\"https:\/\/www.theskeye.com\/?s={search_term_string}\"},\"query-input\":{\"@type\":\"PropertyValueSpecification\",\"valueRequired\":true,\"valueName\":\"search_term_string\"}}],\"inLanguage\":\"ca\"},{\"@type\":\"Person\",\"@id\":\"https:\/\/www.theskeye.com\/#\/schema\/person\/be7877a1d244ce21281e7e769a3fd041\",\"name\":\"Natalia Segura\",\"description\":\"Socia directora\",\"url\":\"https:\/\/www.theskeye.com\/ca\/author\/natalia-segura\/\"}]}<\/script>\n<!-- \/ Yoast SEO plugin. -->","yoast_head_json":{"title":"El poder\u00edo de mi admirada Lola Flores. Nuestro Quej\u00edo Corporativo. - The Skeye","robots":{"index":"index","follow":"follow","max-snippet":"max-snippet:-1","max-image-preview":"max-image-preview:large","max-video-preview":"max-video-preview:-1"},"canonical":"https:\/\/www.theskeye.com\/ca\/el-poderio-de-mi-admirada-lola-flores\/","og_locale":"ca_ES","og_type":"article","og_title":"El poder\u00edo de mi admirada Lola Flores. Nuestro Quej\u00edo Corporativo. - The Skeye","og_description":"Con m\u00e1s de 350.000 visualizaciones en YouTube, la cerveza Cruzcampo resucita a Lola Flores, uno de los personajes mas ic\u00f3nicos de nuestro pa\u00eds. Gracias a la tecnolog\u00eda deepfake, reaparece en...","og_url":"https:\/\/www.theskeye.com\/ca\/el-poderio-de-mi-admirada-lola-flores\/","og_site_name":"The Skeye","article_published_time":"2021-02-11T10:07:00+00:00","article_modified_time":"2021-10-25T11:36:57+00:00","og_image":[{"width":2500,"height":1667,"url":"https:\/\/www.theskeye.com\/wp-content\/uploads\/2021\/02\/2009-04-2615.44.56.jpg","type":"image\/jpeg"}],"author":"Natalia Segura","twitter_card":"summary_large_image","twitter_misc":{"Escrit per":"Natalia Segura","Temps estimat de lectura":"4 minuts"},"schema":{"@context":"https:\/\/schema.org","@graph":[{"@type":"WebPage","@id":"https:\/\/www.theskeye.com\/ca\/el-poderio-de-mi-admirada-lola-flores\/","url":"https:\/\/www.theskeye.com\/ca\/el-poderio-de-mi-admirada-lola-flores\/","name":"El poder\u00edo de mi admirada Lola Flores. Nuestro Quej\u00edo Corporativo. - The Skeye","isPartOf":{"@id":"https:\/\/www.theskeye.com\/#website"},"primaryImageOfPage":{"@id":"https:\/\/www.theskeye.com\/ca\/el-poderio-de-mi-admirada-lola-flores\/#primaryimage"},"image":{"@id":"https:\/\/www.theskeye.com\/ca\/el-poderio-de-mi-admirada-lola-flores\/#primaryimage"},"thumbnailUrl":"https:\/\/www.theskeye.com\/wp-content\/uploads\/2021\/02\/2009-04-2615.44.56.jpg","datePublished":"2021-02-11T10:07:00+00:00","dateModified":"2021-10-25T11:36:57+00:00","author":{"@id":"https:\/\/www.theskeye.com\/#\/schema\/person\/be7877a1d244ce21281e7e769a3fd041"},"breadcrumb":{"@id":"https:\/\/www.theskeye.com\/ca\/el-poderio-de-mi-admirada-lola-flores\/#breadcrumb"},"inLanguage":"ca","potentialAction":[{"@type":"ReadAction","target":["https:\/\/www.theskeye.com\/ca\/el-poderio-de-mi-admirada-lola-flores\/"]}]},{"@type":"ImageObject","inLanguage":"ca","@id":"https:\/\/www.theskeye.com\/ca\/el-poderio-de-mi-admirada-lola-flores\/#primaryimage","url":"https:\/\/www.theskeye.com\/wp-content\/uploads\/2021\/02\/2009-04-2615.44.56.jpg","contentUrl":"https:\/\/www.theskeye.com\/wp-content\/uploads\/2021\/02\/2009-04-2615.44.56.jpg","width":2500,"height":1667},{"@type":"BreadcrumbList","@id":"https:\/\/www.theskeye.com\/ca\/el-poderio-de-mi-admirada-lola-flores\/#breadcrumb","itemListElement":[{"@type":"ListItem","position":1,"name":"Inicio","item":"https:\/\/www.theskeye.com\/ca\/homepage\/"},{"@type":"ListItem","position":2,"name":"El poder\u00edo de mi admirada Lola Flores. Nuestro Quej\u00edo Corporativo."}]},{"@type":"WebSite","@id":"https:\/\/www.theskeye.com\/#website","url":"https:\/\/www.theskeye.com\/","name":"The Skeye","description":"Consultora boutique que ofrece servicio de alto valor a\u00f1adido vinculados a la direcci\u00f3n estrat\u00e9gica y la direcci\u00f3n de personas","potentialAction":[{"@type":"SearchAction","target":{"@type":"EntryPoint","urlTemplate":"https:\/\/www.theskeye.com\/?s={search_term_string}"},"query-input":{"@type":"PropertyValueSpecification","valueRequired":true,"valueName":"search_term_string"}}],"inLanguage":"ca"},{"@type":"Person","@id":"https:\/\/www.theskeye.com\/#\/schema\/person\/be7877a1d244ce21281e7e769a3fd041","name":"Natalia Segura","description":"Socia directora","url":"https:\/\/www.theskeye.com\/ca\/author\/natalia-segura\/"}]}},"_links":{"self":[{"href":"https:\/\/www.theskeye.com\/ca\/wp-json\/wp\/v2\/posts\/3308"}],"collection":[{"href":"https:\/\/www.theskeye.com\/ca\/wp-json\/wp\/v2\/posts"}],"about":[{"href":"https:\/\/www.theskeye.com\/ca\/wp-json\/wp\/v2\/types\/post"}],"author":[{"embeddable":true,"href":"https:\/\/www.theskeye.com\/ca\/wp-json\/wp\/v2\/users\/5"}],"replies":[{"embeddable":true,"href":"https:\/\/www.theskeye.com\/ca\/wp-json\/wp\/v2\/comments?post=3308"}],"version-history":[{"count":2,"href":"https:\/\/www.theskeye.com\/ca\/wp-json\/wp\/v2\/posts\/3308\/revisions"}],"predecessor-version":[{"id":3313,"href":"https:\/\/www.theskeye.com\/ca\/wp-json\/wp\/v2\/posts\/3308\/revisions\/3313"}],"wp:featuredmedia":[{"embeddable":true,"href":"https:\/\/www.theskeye.com\/ca\/wp-json\/wp\/v2\/media\/3309"}],"wp:attachment":[{"href":"https:\/\/www.theskeye.com\/ca\/wp-json\/wp\/v2\/media?parent=3308"}],"wp:term":[{"taxonomy":"category","embeddable":true,"href":"https:\/\/www.theskeye.com\/ca\/wp-json\/wp\/v2\/categories?post=3308"},{"taxonomy":"post_tag","embeddable":true,"href":"https:\/\/www.theskeye.com\/ca\/wp-json\/wp\/v2\/tags?post=3308"}],"curies":[{"name":"wp","href":"https:\/\/api.w.org\/{rel}","templated":true}]}}