{"id":3365,"date":"2021-04-14T12:10:03","date_gmt":"2021-04-14T12:10:03","guid":{"rendered":"https:\/\/www.theskeye.com\/?p=3365"},"modified":"2021-10-25T14:43:16","modified_gmt":"2021-10-25T13:43:16","slug":"lead-with-clarity-direccion-de-personas-ana-aller-directora-corporativa-de-desarrollo-de-personas-en-grupo-planeta","status":"publish","type":"post","link":"https:\/\/www.theskeye.com\/ca\/lead-with-clarity-direccion-de-personas-ana-aller-directora-corporativa-de-desarrollo-de-personas-en-grupo-planeta\/","title":{"rendered":"Lead with clarity-Direcci\u00f3n de Personas: Ana Aller, Directora Corporativa de Desarrollo de Personas en Grupo Planeta"},"content":{"rendered":"\n<p>Seguimos con el ciclo de entrevistas centradas en Director@s de Personas. Hoy charlamos con Ana Aller, Directora Corporativa de Desarrollo de Personas en Grupo Planeta.<\/p>\n\n\n\n<p><strong>C\u00f3mo ha cambiado la percepci\u00f3n sobre el Departamento de Personas en tu empresa el \u00faltimo a\u00f1o?<\/strong><\/p>\n\n\n\n<p>Este a\u00f1o ha sido posiblemente uno de los mas complejos a los que nos hemos enfrentado los Departamentos de Recursos Humanos de las organizaciones. Inauguramos el 2020 en medio de una transformaci\u00f3n digital y cultural sin precedentes, con una funci\u00f3n de Recursos Humanos en constante evoluci\u00f3n para convertirnos en socios de negocio y contribuidores de la estrategia. Y en marzo lleg\u00f3 el tsunami que lo cambi\u00f3 todo. Durante estos meses Recursos Humanos ha desempe\u00f1ado un rol doble y complementario: por un lado estando cerca de las personas para ayudarlas a gestionar sus miedos e incertidumbres, y por otro lado acompa\u00f1ando a los negocios para encontrar la mejor manera de adaptarse a la nueva realidad y garantizar la continuidad empresarial. Encontrar el equilibrio entre ambos roles ha sido todo un reto.<\/p>\n\n\n\n<p>\u00bf<strong>Qu\u00e9 crees que debe aportar hoy la Direcci\u00f3n de Personas al Comit\u00e9 de Direcci\u00f3n?<\/strong><\/p>\n\n\n\n<p><br>Claramente la Direcci\u00f3n de Personas constituye un elemento clave en la toma de decisiones del Comit\u00e9 de Direcci\u00f3n. Las personas, su estilo de liderazgo, su motivaci\u00f3n, su creatividad, sus valores\u2026 son lo que hace a las organizaciones \u00fanicas y diferenciales. Las nuevas generaciones, las nuevas formas de trabajar, los nuevos modelos retributivos, la digitalizaci\u00f3n, \u2026 obliga a las empresas a adaptarse a los nuevos paradigmas para seguir atrayendo e ilusionando al mejor talento. Cualquier decisi\u00f3n de negocio debe tener en cuenta a las personas, son ellas quienes van a hacerlo posible.<\/p>\n\n\n\n<p><strong>\u00bfCu\u00e1les son las 3 competencias que m\u00e1s valoras en la selecci\u00f3n de un Directivo para tu Empresa?<\/strong><\/p>\n\n\n\n<ul class=\"wp-block-list\"><li>Sin duda la flexibilidad, la agilidad y la resiliencia son competencias que cualquier directivo debe tener integradas para innovar y adaptarse en un entorno tan cambiante como el actual.<\/li><li>Sin embargo esas competencias deben complementarse con empat\u00eda, escucha activa y comunicaci\u00f3n para poder liderar equipos de manera eficiente.<\/li><li>Por \u00faltimo competencias vinculadas a la visi\u00f3n estrat\u00e9gica y de negocio hacen que no pierdas nunca el foco en los resultados sobre una base \u00e9tica y de valores.<\/li><\/ul>\n\n\n\n<p><strong>A nivel personal y profesional, \u00bfqu\u00e9 has aprendido durante estos meses?<\/strong><\/p>\n\n\n\n<p><strong><br><\/strong>Estos meses han servido para darme cuenta de que las personas estamos mas comprometidas con nuestro proyecto empresarial de lo que nos imagin\u00e1bamos, especialmente durante los peores meses de la pandemia. Y esto nos ha unido aun mas como equipo, trabajando juntos para reinventarnos.<br>A nivel personal he aprendido a disfrutar m\u00e1s con las peque\u00f1as cosas que el fren\u00e9tico d\u00eda a d\u00eda muchas veces no te permite ver. He aprendido a sonre\u00edr con los ojos, a abrazar a trav\u00e9s de una pantalla de ordenador y sobre todo a dar las gracias siempre que tengo la oportunidad.<br><\/p>\n\n\n\n<p>\u00a1Muchas gracias por tu colaboraci\u00f3n!<\/p>\n","protected":false},"excerpt":{"rendered":"<p>Seguimos con el ciclo de entrevistas centradas en Director@s de Personas. Hoy charlamos con Ana Aller, Directora Corporativa de Desarrollo de Personas en Grupo Planeta. C\u00f3mo ha cambiado la percepci\u00f3n&#8230;<\/p>\n","protected":false},"author":2,"featured_media":3368,"comment_status":"closed","ping_status":"closed","sticky":false,"template":"","format":"standard","meta":{"footnotes":""},"categories":[37,165],"tags":[],"class_list":{"0":"post-3365","1":"post","2":"type-post","3":"status-publish","4":"format-standard","5":"has-post-thumbnail","7":"category-comunicacion","8":"category-consultoria-estrategica-de-rrhh"},"yoast_head":"<!-- This site is optimized with the Yoast SEO plugin v25.6 - https:\/\/yoast.com\/wordpress\/plugins\/seo\/ -->\n<title>Lead with clarity-Direcci\u00f3n de Personas: Ana Aller, Directora Corporativa de Desarrollo de Personas en Grupo Planeta - The Skeye<\/title>\n<meta name=\"robots\" content=\"index, follow, max-snippet:-1, max-image-preview:large, max-video-preview:-1\" \/>\n<link rel=\"canonical\" href=\"https:\/\/www.theskeye.com\/ca\/lead-with-clarity-direccion-de-personas-ana-aller-directora-corporativa-de-desarrollo-de-personas-en-grupo-planeta\/\" \/>\n<meta property=\"og:locale\" content=\"ca_ES\" \/>\n<meta property=\"og:type\" content=\"article\" \/>\n<meta property=\"og:title\" content=\"Lead with clarity-Direcci\u00f3n de Personas: Ana Aller, Directora Corporativa de Desarrollo de Personas en Grupo Planeta - The Skeye\" \/>\n<meta property=\"og:description\" content=\"Seguimos con el ciclo de entrevistas centradas en Director@s de Personas. Hoy charlamos con Ana Aller, Directora Corporativa de Desarrollo de Personas en Grupo Planeta. C\u00f3mo ha cambiado la percepci\u00f3n...\" \/>\n<meta property=\"og:url\" content=\"https:\/\/www.theskeye.com\/lead-with-clarity-direccion-de-personas-ana-aller-directora-corporativa-de-desarrollo-de-personas-en-grupo-planeta\/\" \/>\n<meta property=\"og:site_name\" content=\"The Skeye\" \/>\n<meta property=\"article:published_time\" content=\"2021-04-14T12:10:03+00:00\" \/>\n<meta property=\"article:modified_time\" content=\"2021-10-25T13:43:16+00:00\" \/>\n<meta property=\"og:image\" content=\"https:\/\/www.theskeye.com\/wp-content\/uploads\/2021\/04\/Lead-with-clarity....Conversando-con-CEOS.png\" \/>\n\t<meta property=\"og:image:width\" content=\"3072\" \/>\n\t<meta property=\"og:image:height\" content=\"1536\" \/>\n\t<meta property=\"og:image:type\" content=\"image\/png\" \/>\n<meta name=\"author\" content=\"The Skeye\" \/>\n<meta name=\"twitter:card\" content=\"summary_large_image\" \/>\n<meta name=\"twitter:label1\" content=\"Escrit per\" \/>\n\t<meta name=\"twitter:data1\" content=\"The Skeye\" \/>\n\t<meta name=\"twitter:label2\" content=\"Temps estimat de lectura\" \/>\n\t<meta name=\"twitter:data2\" content=\"3 minuts\" \/>\n<script type=\"application\/ld+json\" class=\"yoast-schema-graph\">{\"@context\":\"https:\/\/schema.org\",\"@graph\":[{\"@type\":\"WebPage\",\"@id\":\"https:\/\/www.theskeye.com\/lead-with-clarity-direccion-de-personas-ana-aller-directora-corporativa-de-desarrollo-de-personas-en-grupo-planeta\/\",\"url\":\"https:\/\/www.theskeye.com\/lead-with-clarity-direccion-de-personas-ana-aller-directora-corporativa-de-desarrollo-de-personas-en-grupo-planeta\/\",\"name\":\"Lead with clarity-Direcci\u00f3n de Personas: Ana Aller, Directora Corporativa de Desarrollo de Personas en Grupo Planeta - The Skeye\",\"isPartOf\":{\"@id\":\"https:\/\/www.theskeye.com\/#website\"},\"primaryImageOfPage\":{\"@id\":\"https:\/\/www.theskeye.com\/lead-with-clarity-direccion-de-personas-ana-aller-directora-corporativa-de-desarrollo-de-personas-en-grupo-planeta\/#primaryimage\"},\"image\":{\"@id\":\"https:\/\/www.theskeye.com\/lead-with-clarity-direccion-de-personas-ana-aller-directora-corporativa-de-desarrollo-de-personas-en-grupo-planeta\/#primaryimage\"},\"thumbnailUrl\":\"https:\/\/www.theskeye.com\/wp-content\/uploads\/2021\/04\/Lead-with-clarity....Conversando-con-CEOS.png\",\"datePublished\":\"2021-04-14T12:10:03+00:00\",\"dateModified\":\"2021-10-25T13:43:16+00:00\",\"author\":{\"@id\":\"https:\/\/www.theskeye.com\/#\/schema\/person\/d68cdf279635f30f976579cf114e8305\"},\"breadcrumb\":{\"@id\":\"https:\/\/www.theskeye.com\/lead-with-clarity-direccion-de-personas-ana-aller-directora-corporativa-de-desarrollo-de-personas-en-grupo-planeta\/#breadcrumb\"},\"inLanguage\":\"ca\",\"potentialAction\":[{\"@type\":\"ReadAction\",\"target\":[\"https:\/\/www.theskeye.com\/lead-with-clarity-direccion-de-personas-ana-aller-directora-corporativa-de-desarrollo-de-personas-en-grupo-planeta\/\"]}]},{\"@type\":\"ImageObject\",\"inLanguage\":\"ca\",\"@id\":\"https:\/\/www.theskeye.com\/lead-with-clarity-direccion-de-personas-ana-aller-directora-corporativa-de-desarrollo-de-personas-en-grupo-planeta\/#primaryimage\",\"url\":\"https:\/\/www.theskeye.com\/wp-content\/uploads\/2021\/04\/Lead-with-clarity....Conversando-con-CEOS.png\",\"contentUrl\":\"https:\/\/www.theskeye.com\/wp-content\/uploads\/2021\/04\/Lead-with-clarity....Conversando-con-CEOS.png\",\"width\":3072,\"height\":1536},{\"@type\":\"BreadcrumbList\",\"@id\":\"https:\/\/www.theskeye.com\/lead-with-clarity-direccion-de-personas-ana-aller-directora-corporativa-de-desarrollo-de-personas-en-grupo-planeta\/#breadcrumb\",\"itemListElement\":[{\"@type\":\"ListItem\",\"position\":1,\"name\":\"Inicio\",\"item\":\"https:\/\/www.theskeye.com\/ca\/homepage\/\"},{\"@type\":\"ListItem\",\"position\":2,\"name\":\"Lead with clarity-Direcci\u00f3n de Personas: Ana Aller, Directora Corporativa de Desarrollo de Personas en Grupo Planeta\"}]},{\"@type\":\"WebSite\",\"@id\":\"https:\/\/www.theskeye.com\/#website\",\"url\":\"https:\/\/www.theskeye.com\/\",\"name\":\"The Skeye\",\"description\":\"Consultora boutique que ofrece servicio de alto valor a\u00f1adido vinculados a la direcci\u00f3n estrat\u00e9gica y la direcci\u00f3n de personas\",\"potentialAction\":[{\"@type\":\"SearchAction\",\"target\":{\"@type\":\"EntryPoint\",\"urlTemplate\":\"https:\/\/www.theskeye.com\/?s={search_term_string}\"},\"query-input\":{\"@type\":\"PropertyValueSpecification\",\"valueRequired\":true,\"valueName\":\"search_term_string\"}}],\"inLanguage\":\"ca\"},{\"@type\":\"Person\",\"@id\":\"https:\/\/www.theskeye.com\/#\/schema\/person\/d68cdf279635f30f976579cf114e8305\",\"name\":\"The Skeye\",\"url\":\"https:\/\/www.theskeye.com\/ca\/author\/theskeye\/\"}]}<\/script>\n<!-- \/ Yoast SEO plugin. -->","yoast_head_json":{"title":"Lead with clarity-Direcci\u00f3n de Personas: Ana Aller, Directora Corporativa de Desarrollo de Personas en Grupo Planeta - The Skeye","robots":{"index":"index","follow":"follow","max-snippet":"max-snippet:-1","max-image-preview":"max-image-preview:large","max-video-preview":"max-video-preview:-1"},"canonical":"https:\/\/www.theskeye.com\/ca\/lead-with-clarity-direccion-de-personas-ana-aller-directora-corporativa-de-desarrollo-de-personas-en-grupo-planeta\/","og_locale":"ca_ES","og_type":"article","og_title":"Lead with clarity-Direcci\u00f3n de Personas: Ana Aller, Directora Corporativa de Desarrollo de Personas en Grupo Planeta - The Skeye","og_description":"Seguimos con el ciclo de entrevistas centradas en Director@s de Personas. Hoy charlamos con Ana Aller, Directora Corporativa de Desarrollo de Personas en Grupo Planeta. C\u00f3mo ha cambiado la percepci\u00f3n...","og_url":"https:\/\/www.theskeye.com\/lead-with-clarity-direccion-de-personas-ana-aller-directora-corporativa-de-desarrollo-de-personas-en-grupo-planeta\/","og_site_name":"The Skeye","article_published_time":"2021-04-14T12:10:03+00:00","article_modified_time":"2021-10-25T13:43:16+00:00","og_image":[{"width":3072,"height":1536,"url":"https:\/\/www.theskeye.com\/wp-content\/uploads\/2021\/04\/Lead-with-clarity....Conversando-con-CEOS.png","type":"image\/png"}],"author":"The Skeye","twitter_card":"summary_large_image","twitter_misc":{"Escrit per":"The Skeye","Temps estimat de lectura":"3 minuts"},"schema":{"@context":"https:\/\/schema.org","@graph":[{"@type":"WebPage","@id":"https:\/\/www.theskeye.com\/lead-with-clarity-direccion-de-personas-ana-aller-directora-corporativa-de-desarrollo-de-personas-en-grupo-planeta\/","url":"https:\/\/www.theskeye.com\/lead-with-clarity-direccion-de-personas-ana-aller-directora-corporativa-de-desarrollo-de-personas-en-grupo-planeta\/","name":"Lead with clarity-Direcci\u00f3n de Personas: Ana Aller, Directora Corporativa de Desarrollo de Personas en Grupo Planeta - The Skeye","isPartOf":{"@id":"https:\/\/www.theskeye.com\/#website"},"primaryImageOfPage":{"@id":"https:\/\/www.theskeye.com\/lead-with-clarity-direccion-de-personas-ana-aller-directora-corporativa-de-desarrollo-de-personas-en-grupo-planeta\/#primaryimage"},"image":{"@id":"https:\/\/www.theskeye.com\/lead-with-clarity-direccion-de-personas-ana-aller-directora-corporativa-de-desarrollo-de-personas-en-grupo-planeta\/#primaryimage"},"thumbnailUrl":"https:\/\/www.theskeye.com\/wp-content\/uploads\/2021\/04\/Lead-with-clarity....Conversando-con-CEOS.png","datePublished":"2021-04-14T12:10:03+00:00","dateModified":"2021-10-25T13:43:16+00:00","author":{"@id":"https:\/\/www.theskeye.com\/#\/schema\/person\/d68cdf279635f30f976579cf114e8305"},"breadcrumb":{"@id":"https:\/\/www.theskeye.com\/lead-with-clarity-direccion-de-personas-ana-aller-directora-corporativa-de-desarrollo-de-personas-en-grupo-planeta\/#breadcrumb"},"inLanguage":"ca","potentialAction":[{"@type":"ReadAction","target":["https:\/\/www.theskeye.com\/lead-with-clarity-direccion-de-personas-ana-aller-directora-corporativa-de-desarrollo-de-personas-en-grupo-planeta\/"]}]},{"@type":"ImageObject","inLanguage":"ca","@id":"https:\/\/www.theskeye.com\/lead-with-clarity-direccion-de-personas-ana-aller-directora-corporativa-de-desarrollo-de-personas-en-grupo-planeta\/#primaryimage","url":"https:\/\/www.theskeye.com\/wp-content\/uploads\/2021\/04\/Lead-with-clarity....Conversando-con-CEOS.png","contentUrl":"https:\/\/www.theskeye.com\/wp-content\/uploads\/2021\/04\/Lead-with-clarity....Conversando-con-CEOS.png","width":3072,"height":1536},{"@type":"BreadcrumbList","@id":"https:\/\/www.theskeye.com\/lead-with-clarity-direccion-de-personas-ana-aller-directora-corporativa-de-desarrollo-de-personas-en-grupo-planeta\/#breadcrumb","itemListElement":[{"@type":"ListItem","position":1,"name":"Inicio","item":"https:\/\/www.theskeye.com\/ca\/homepage\/"},{"@type":"ListItem","position":2,"name":"Lead with clarity-Direcci\u00f3n de Personas: Ana Aller, Directora Corporativa de Desarrollo de Personas en Grupo Planeta"}]},{"@type":"WebSite","@id":"https:\/\/www.theskeye.com\/#website","url":"https:\/\/www.theskeye.com\/","name":"The Skeye","description":"Consultora boutique que ofrece servicio de alto valor a\u00f1adido vinculados a la direcci\u00f3n estrat\u00e9gica y la direcci\u00f3n de personas","potentialAction":[{"@type":"SearchAction","target":{"@type":"EntryPoint","urlTemplate":"https:\/\/www.theskeye.com\/?s={search_term_string}"},"query-input":{"@type":"PropertyValueSpecification","valueRequired":true,"valueName":"search_term_string"}}],"inLanguage":"ca"},{"@type":"Person","@id":"https:\/\/www.theskeye.com\/#\/schema\/person\/d68cdf279635f30f976579cf114e8305","name":"The Skeye","url":"https:\/\/www.theskeye.com\/ca\/author\/theskeye\/"}]}},"_links":{"self":[{"href":"https:\/\/www.theskeye.com\/ca\/wp-json\/wp\/v2\/posts\/3365"}],"collection":[{"href":"https:\/\/www.theskeye.com\/ca\/wp-json\/wp\/v2\/posts"}],"about":[{"href":"https:\/\/www.theskeye.com\/ca\/wp-json\/wp\/v2\/types\/post"}],"author":[{"embeddable":true,"href":"https:\/\/www.theskeye.com\/ca\/wp-json\/wp\/v2\/users\/2"}],"replies":[{"embeddable":true,"href":"https:\/\/www.theskeye.com\/ca\/wp-json\/wp\/v2\/comments?post=3365"}],"version-history":[{"count":2,"href":"https:\/\/www.theskeye.com\/ca\/wp-json\/wp\/v2\/posts\/3365\/revisions"}],"predecessor-version":[{"id":3367,"href":"https:\/\/www.theskeye.com\/ca\/wp-json\/wp\/v2\/posts\/3365\/revisions\/3367"}],"wp:featuredmedia":[{"embeddable":true,"href":"https:\/\/www.theskeye.com\/ca\/wp-json\/wp\/v2\/media\/3368"}],"wp:attachment":[{"href":"https:\/\/www.theskeye.com\/ca\/wp-json\/wp\/v2\/media?parent=3365"}],"wp:term":[{"taxonomy":"category","embeddable":true,"href":"https:\/\/www.theskeye.com\/ca\/wp-json\/wp\/v2\/categories?post=3365"},{"taxonomy":"post_tag","embeddable":true,"href":"https:\/\/www.theskeye.com\/ca\/wp-json\/wp\/v2\/tags?post=3365"}],"curies":[{"name":"wp","href":"https:\/\/api.w.org\/{rel}","templated":true}]}}