{"id":3373,"date":"2021-04-21T09:45:04","date_gmt":"2021-04-21T09:45:04","guid":{"rendered":"https:\/\/www.theskeye.com\/?p=3373"},"modified":"2021-10-25T14:54:06","modified_gmt":"2021-10-25T13:54:06","slug":"y-digo-yo-sobre-atravesar-el-vidrio-sin-romperlo","status":"publish","type":"post","link":"https:\/\/www.theskeye.com\/ca\/y-digo-yo-sobre-atravesar-el-vidrio-sin-romperlo\/","title":{"rendered":"Y digo yo\u2026 \u2026sobre atravesar el vidrio sin romperlo"},"content":{"rendered":"\n<p>Como bien sab\u00e9is nunca desprecio una buena pol\u00e9mica (bueno, tampoco las insulsas) ni dejo pasar un charco sin pisar; ahora no puedo menos que reflexionar en voz alta sobre la evoluci\u00f3n del 8-M, el progreso evidente de la sociedad en el sentido correcto y algunas actitudes farisaicas acompa\u00f1adas de poses para la foto. y para atraer vuestra atenci\u00f3n&nbsp; en esta sexta l\u00ednea y evitar que salt\u00e9is a otro art\u00edculo, os cuento una escena impactante sin necesidad de remontarnos a aquel incendio con las 120 mujeres fallecidas defendiendo sus derechos: una sala de reuniones en la planta noble de un edificio de oficinas de, digamos, Barcelona, con una reuni\u00f3n masiva de la Direcci\u00f3n de una empresa multinacional, digamos Sale el Sol Inc, para tratar un tema de esos de Recursos Humanos en los que todos tienen opini\u00f3n, saben lo que hay que hacer pero nos dejan solos cuando hay que bajar a las trincheras por si les salpica. Ya hab\u00eda habido alguna tensa reuni\u00f3n previa de modo que todo el mundo asumi\u00f3 con naturalidad que una Directora, digamos que del departamento de Cuentas y Colores, espet\u00f3 textualmente \u201c\u00a1C., me tienes hasta los c\u2026! Pod\u00e9is iros todos a <em>[permitidme que obvie las tres palabras que faltan pero os doy una pista: la \u00faltima es el sitio por donde amargan los pepinos]<\/em> ! \u201c. La \u00e9poca era distinta \u2013 hace m\u00e1s de veinte a\u00f1os \u2013 y no era habitual ver mujeres en esas responsabilidades,; yo ven\u00eda de otro entorno en que esas cosas eran impensables porque el ambiente era mucho menos competitivo \u2026 y porque no hab\u00eda mujeres en esos niveles.&nbsp;<\/p>\n\n\n\n<p>Da igual c\u00f3mo acab\u00f3 la discusi\u00f3n o si hubo r\u00e9plica. Recuerdo a esa mujer, brillante en su \u00e1rea y que ha hecho una buena carrera profesional despu\u00e9s, defendiendo con ardor su postura en un entorno masculino con actitudes de macho hoy afortunadamente superadas. Y le rindo pleites\u00eda porque gracias a esas actitudes individuales valientes muchos hemos comprendido que la igualdad es un concepto evolutivo que se gana en peque\u00f1as batallas diarias, batallas en las que las decisiones que tomamos los que tenemos alguna responsabilidad tienen un impacto superlativo. Cada vez que promocionamos a alguien sin mirar el apartado \u201cSexo\u201d de su DNI (\u00bfde verdad hace falta que eso figure?), cada vez que obviamos la posibilidad de un embarazo como un factor a tener en cuenta, cada vez que pagamos a un candidato por su val\u00eda real con independencia de si tiene que conciliar m\u00e1s o menos, cada vez que discriminamos en positivo para conseguir esas virtudes bien descritas por la inteligencia emocional, cada vez que rellenamos una encuesta sin masajear los datos para no tener que dar explicaciones, cada vez que hacemos esas cosas o una infinidad de otras en la misma direcci\u00f3n estamos contribuyendo a crear un mundo m\u00e1s justo e igual. Falta mucho, y no debemos conformarnos con ver avances, con las cuotas en los Consejos, con disminuir la brecha salarial; no se trata tanto de competir como de constatar lo que esas mujeres est\u00e1n aportando y pueden aportar todav\u00eda.&nbsp;<\/p>\n\n\n\n<p>Y asimismo no puedo menos que criticar el postureo de esos hombres que se hacen fotos molonas el 8-M o se ponen un fondo de pantalla reivindicativo y solidario que cambian a los dos d\u00edas, los mismos que tardan en volver a sus comportamientos digamos que poco consecuentes, por ser generosos.<\/p>\n\n\n\n<p>El 8-M se ha instalado en nuestras conciencias como un d\u00eda de reivindicaci\u00f3n; hagamos que cada d\u00eda del a\u00f1o sea 8-M sin necesidad de recordar que no estamos todav\u00eda ah\u00ed. El objetivo es claro y la predisposici\u00f3n existe; es el momento de que todos, todos, seamos generosos en el esfuerzo y en la cesi\u00f3n de privilegios mal entendidos porque el premio es enorme. Romper el techo de cristal no es el premio, sino contribuir a que todas y cada una tengan las condiciones para atravesar ese vidrio hasta que nos demos cuenta de que esa met\u00e1fora ha quedado superada; ya est\u00e1 bien que el techo permanezca para que nos acordemos del punto al que no hay que volver en cuanto bajemos la guardia. No digo que sea f\u00e1cil ni inmediato, pero debemos seguir empujando para atravesar ese vidrio.<\/p>\n\n\n\n<p>Y mientras tanto aplaudiremos esos actos de rebeld\u00eda que nos acerquen al objetivo. La joven directora lo consigui\u00f3 hace d\u00e9cadas, y he visto a muchas otras haciendo lo propio; d\u00e9mosle carta de naturaleza sin necesidad de que vayan acompa\u00f1adas de comportamientos altisonantes porque esa es la nueva normalidad que necesitamos.<br><\/p>\n","protected":false},"excerpt":{"rendered":"<p>Como bien sab\u00e9is nunca desprecio una buena pol\u00e9mica (bueno, tampoco las insulsas) ni dejo pasar un charco sin pisar; ahora no puedo menos que reflexionar en voz alta sobre la&#8230;<\/p>\n","protected":false},"author":10,"featured_media":3374,"comment_status":"closed","ping_status":"closed","sticky":false,"template":"","format":"standard","meta":{"footnotes":""},"categories":[37],"tags":[],"class_list":{"0":"post-3373","1":"post","2":"type-post","3":"status-publish","4":"format-standard","5":"has-post-thumbnail","7":"category-comunicacion"},"yoast_head":"<!-- This site is optimized with the Yoast SEO plugin v25.6 - https:\/\/yoast.com\/wordpress\/plugins\/seo\/ -->\n<title>Y digo yo\u2026 \u2026sobre atravesar el vidrio sin romperlo - The Skeye<\/title>\n<meta name=\"robots\" content=\"index, follow, max-snippet:-1, max-image-preview:large, max-video-preview:-1\" \/>\n<link rel=\"canonical\" href=\"https:\/\/www.theskeye.com\/ca\/y-digo-yo-sobre-atravesar-el-vidrio-sin-romperlo\/\" \/>\n<meta property=\"og:locale\" content=\"ca_ES\" \/>\n<meta property=\"og:type\" content=\"article\" \/>\n<meta property=\"og:title\" content=\"Y digo yo\u2026 \u2026sobre atravesar el vidrio sin romperlo - The Skeye\" \/>\n<meta property=\"og:description\" content=\"Como bien sab\u00e9is nunca desprecio una buena pol\u00e9mica (bueno, tampoco las insulsas) ni dejo pasar un charco sin pisar; ahora no puedo menos que reflexionar en voz alta sobre la...\" \/>\n<meta property=\"og:url\" content=\"https:\/\/www.theskeye.com\/y-digo-yo-sobre-atravesar-el-vidrio-sin-romperlo\/\" \/>\n<meta property=\"og:site_name\" content=\"The Skeye\" \/>\n<meta property=\"article:published_time\" content=\"2021-04-21T09:45:04+00:00\" \/>\n<meta property=\"article:modified_time\" content=\"2021-10-25T13:54:06+00:00\" \/>\n<meta property=\"og:image\" content=\"https:\/\/www.theskeye.com\/wp-content\/uploads\/2021\/04\/hector-j-rivas-1FxMET2U5dU-unsplash.jpg\" \/>\n\t<meta property=\"og:image:width\" content=\"1920\" \/>\n\t<meta property=\"og:image:height\" content=\"1289\" \/>\n\t<meta property=\"og:image:type\" content=\"image\/jpeg\" \/>\n<meta name=\"author\" content=\"Javier Fa\u00f1an\u00e1s\" \/>\n<meta name=\"twitter:card\" content=\"summary_large_image\" \/>\n<meta name=\"twitter:label1\" content=\"Escrit per\" \/>\n\t<meta name=\"twitter:data1\" content=\"Javier Fa\u00f1an\u00e1s\" \/>\n\t<meta name=\"twitter:label2\" content=\"Temps estimat de lectura\" \/>\n\t<meta name=\"twitter:data2\" content=\"4 minuts\" \/>\n<script type=\"application\/ld+json\" class=\"yoast-schema-graph\">{\"@context\":\"https:\/\/schema.org\",\"@graph\":[{\"@type\":\"WebPage\",\"@id\":\"https:\/\/www.theskeye.com\/y-digo-yo-sobre-atravesar-el-vidrio-sin-romperlo\/\",\"url\":\"https:\/\/www.theskeye.com\/y-digo-yo-sobre-atravesar-el-vidrio-sin-romperlo\/\",\"name\":\"Y digo yo\u2026 \u2026sobre atravesar el vidrio sin romperlo - The Skeye\",\"isPartOf\":{\"@id\":\"https:\/\/www.theskeye.com\/#website\"},\"primaryImageOfPage\":{\"@id\":\"https:\/\/www.theskeye.com\/y-digo-yo-sobre-atravesar-el-vidrio-sin-romperlo\/#primaryimage\"},\"image\":{\"@id\":\"https:\/\/www.theskeye.com\/y-digo-yo-sobre-atravesar-el-vidrio-sin-romperlo\/#primaryimage\"},\"thumbnailUrl\":\"https:\/\/www.theskeye.com\/wp-content\/uploads\/2021\/04\/hector-j-rivas-1FxMET2U5dU-unsplash.jpg\",\"datePublished\":\"2021-04-21T09:45:04+00:00\",\"dateModified\":\"2021-10-25T13:54:06+00:00\",\"author\":{\"@id\":\"https:\/\/www.theskeye.com\/#\/schema\/person\/d8e226036cd8f3655e3e0dd98b3e1444\"},\"breadcrumb\":{\"@id\":\"https:\/\/www.theskeye.com\/y-digo-yo-sobre-atravesar-el-vidrio-sin-romperlo\/#breadcrumb\"},\"inLanguage\":\"ca\",\"potentialAction\":[{\"@type\":\"ReadAction\",\"target\":[\"https:\/\/www.theskeye.com\/y-digo-yo-sobre-atravesar-el-vidrio-sin-romperlo\/\"]}]},{\"@type\":\"ImageObject\",\"inLanguage\":\"ca\",\"@id\":\"https:\/\/www.theskeye.com\/y-digo-yo-sobre-atravesar-el-vidrio-sin-romperlo\/#primaryimage\",\"url\":\"https:\/\/www.theskeye.com\/wp-content\/uploads\/2021\/04\/hector-j-rivas-1FxMET2U5dU-unsplash.jpg\",\"contentUrl\":\"https:\/\/www.theskeye.com\/wp-content\/uploads\/2021\/04\/hector-j-rivas-1FxMET2U5dU-unsplash.jpg\",\"width\":1920,\"height\":1289},{\"@type\":\"BreadcrumbList\",\"@id\":\"https:\/\/www.theskeye.com\/y-digo-yo-sobre-atravesar-el-vidrio-sin-romperlo\/#breadcrumb\",\"itemListElement\":[{\"@type\":\"ListItem\",\"position\":1,\"name\":\"Inicio\",\"item\":\"https:\/\/www.theskeye.com\/ca\/homepage\/\"},{\"@type\":\"ListItem\",\"position\":2,\"name\":\"Y digo yo\u2026 \u2026sobre atravesar el vidrio sin romperlo\"}]},{\"@type\":\"WebSite\",\"@id\":\"https:\/\/www.theskeye.com\/#website\",\"url\":\"https:\/\/www.theskeye.com\/\",\"name\":\"The Skeye\",\"description\":\"Consultora boutique que ofrece servicio de alto valor a\u00f1adido vinculados a la direcci\u00f3n estrat\u00e9gica y la direcci\u00f3n de personas\",\"potentialAction\":[{\"@type\":\"SearchAction\",\"target\":{\"@type\":\"EntryPoint\",\"urlTemplate\":\"https:\/\/www.theskeye.com\/?s={search_term_string}\"},\"query-input\":{\"@type\":\"PropertyValueSpecification\",\"valueRequired\":true,\"valueName\":\"search_term_string\"}}],\"inLanguage\":\"ca\"},{\"@type\":\"Person\",\"@id\":\"https:\/\/www.theskeye.com\/#\/schema\/person\/d8e226036cd8f3655e3e0dd98b3e1444\",\"name\":\"Javier Fa\u00f1an\u00e1s\",\"description\":\"Director de proyectos y senior HRBP\",\"url\":\"https:\/\/www.theskeye.com\/ca\/author\/javier-fananas\/\"}]}<\/script>\n<!-- \/ Yoast SEO plugin. -->","yoast_head_json":{"title":"Y digo yo\u2026 \u2026sobre atravesar el vidrio sin romperlo - The Skeye","robots":{"index":"index","follow":"follow","max-snippet":"max-snippet:-1","max-image-preview":"max-image-preview:large","max-video-preview":"max-video-preview:-1"},"canonical":"https:\/\/www.theskeye.com\/ca\/y-digo-yo-sobre-atravesar-el-vidrio-sin-romperlo\/","og_locale":"ca_ES","og_type":"article","og_title":"Y digo yo\u2026 \u2026sobre atravesar el vidrio sin romperlo - The Skeye","og_description":"Como bien sab\u00e9is nunca desprecio una buena pol\u00e9mica (bueno, tampoco las insulsas) ni dejo pasar un charco sin pisar; ahora no puedo menos que reflexionar en voz alta sobre la...","og_url":"https:\/\/www.theskeye.com\/y-digo-yo-sobre-atravesar-el-vidrio-sin-romperlo\/","og_site_name":"The Skeye","article_published_time":"2021-04-21T09:45:04+00:00","article_modified_time":"2021-10-25T13:54:06+00:00","og_image":[{"width":1920,"height":1289,"url":"https:\/\/www.theskeye.com\/wp-content\/uploads\/2021\/04\/hector-j-rivas-1FxMET2U5dU-unsplash.jpg","type":"image\/jpeg"}],"author":"Javier Fa\u00f1an\u00e1s","twitter_card":"summary_large_image","twitter_misc":{"Escrit per":"Javier Fa\u00f1an\u00e1s","Temps estimat de lectura":"4 minuts"},"schema":{"@context":"https:\/\/schema.org","@graph":[{"@type":"WebPage","@id":"https:\/\/www.theskeye.com\/y-digo-yo-sobre-atravesar-el-vidrio-sin-romperlo\/","url":"https:\/\/www.theskeye.com\/y-digo-yo-sobre-atravesar-el-vidrio-sin-romperlo\/","name":"Y digo yo\u2026 \u2026sobre atravesar el vidrio sin romperlo - The Skeye","isPartOf":{"@id":"https:\/\/www.theskeye.com\/#website"},"primaryImageOfPage":{"@id":"https:\/\/www.theskeye.com\/y-digo-yo-sobre-atravesar-el-vidrio-sin-romperlo\/#primaryimage"},"image":{"@id":"https:\/\/www.theskeye.com\/y-digo-yo-sobre-atravesar-el-vidrio-sin-romperlo\/#primaryimage"},"thumbnailUrl":"https:\/\/www.theskeye.com\/wp-content\/uploads\/2021\/04\/hector-j-rivas-1FxMET2U5dU-unsplash.jpg","datePublished":"2021-04-21T09:45:04+00:00","dateModified":"2021-10-25T13:54:06+00:00","author":{"@id":"https:\/\/www.theskeye.com\/#\/schema\/person\/d8e226036cd8f3655e3e0dd98b3e1444"},"breadcrumb":{"@id":"https:\/\/www.theskeye.com\/y-digo-yo-sobre-atravesar-el-vidrio-sin-romperlo\/#breadcrumb"},"inLanguage":"ca","potentialAction":[{"@type":"ReadAction","target":["https:\/\/www.theskeye.com\/y-digo-yo-sobre-atravesar-el-vidrio-sin-romperlo\/"]}]},{"@type":"ImageObject","inLanguage":"ca","@id":"https:\/\/www.theskeye.com\/y-digo-yo-sobre-atravesar-el-vidrio-sin-romperlo\/#primaryimage","url":"https:\/\/www.theskeye.com\/wp-content\/uploads\/2021\/04\/hector-j-rivas-1FxMET2U5dU-unsplash.jpg","contentUrl":"https:\/\/www.theskeye.com\/wp-content\/uploads\/2021\/04\/hector-j-rivas-1FxMET2U5dU-unsplash.jpg","width":1920,"height":1289},{"@type":"BreadcrumbList","@id":"https:\/\/www.theskeye.com\/y-digo-yo-sobre-atravesar-el-vidrio-sin-romperlo\/#breadcrumb","itemListElement":[{"@type":"ListItem","position":1,"name":"Inicio","item":"https:\/\/www.theskeye.com\/ca\/homepage\/"},{"@type":"ListItem","position":2,"name":"Y digo yo\u2026 \u2026sobre atravesar el vidrio sin romperlo"}]},{"@type":"WebSite","@id":"https:\/\/www.theskeye.com\/#website","url":"https:\/\/www.theskeye.com\/","name":"The Skeye","description":"Consultora boutique que ofrece servicio de alto valor a\u00f1adido vinculados a la direcci\u00f3n estrat\u00e9gica y la direcci\u00f3n de personas","potentialAction":[{"@type":"SearchAction","target":{"@type":"EntryPoint","urlTemplate":"https:\/\/www.theskeye.com\/?s={search_term_string}"},"query-input":{"@type":"PropertyValueSpecification","valueRequired":true,"valueName":"search_term_string"}}],"inLanguage":"ca"},{"@type":"Person","@id":"https:\/\/www.theskeye.com\/#\/schema\/person\/d8e226036cd8f3655e3e0dd98b3e1444","name":"Javier Fa\u00f1an\u00e1s","description":"Director de proyectos y senior HRBP","url":"https:\/\/www.theskeye.com\/ca\/author\/javier-fananas\/"}]}},"_links":{"self":[{"href":"https:\/\/www.theskeye.com\/ca\/wp-json\/wp\/v2\/posts\/3373"}],"collection":[{"href":"https:\/\/www.theskeye.com\/ca\/wp-json\/wp\/v2\/posts"}],"about":[{"href":"https:\/\/www.theskeye.com\/ca\/wp-json\/wp\/v2\/types\/post"}],"author":[{"embeddable":true,"href":"https:\/\/www.theskeye.com\/ca\/wp-json\/wp\/v2\/users\/10"}],"replies":[{"embeddable":true,"href":"https:\/\/www.theskeye.com\/ca\/wp-json\/wp\/v2\/comments?post=3373"}],"version-history":[{"count":1,"href":"https:\/\/www.theskeye.com\/ca\/wp-json\/wp\/v2\/posts\/3373\/revisions"}],"predecessor-version":[{"id":3377,"href":"https:\/\/www.theskeye.com\/ca\/wp-json\/wp\/v2\/posts\/3373\/revisions\/3377"}],"wp:featuredmedia":[{"embeddable":true,"href":"https:\/\/www.theskeye.com\/ca\/wp-json\/wp\/v2\/media\/3374"}],"wp:attachment":[{"href":"https:\/\/www.theskeye.com\/ca\/wp-json\/wp\/v2\/media?parent=3373"}],"wp:term":[{"taxonomy":"category","embeddable":true,"href":"https:\/\/www.theskeye.com\/ca\/wp-json\/wp\/v2\/categories?post=3373"},{"taxonomy":"post_tag","embeddable":true,"href":"https:\/\/www.theskeye.com\/ca\/wp-json\/wp\/v2\/tags?post=3373"}],"curies":[{"name":"wp","href":"https:\/\/api.w.org\/{rel}","templated":true}]}}