{"id":3612,"date":"2021-05-31T10:25:22","date_gmt":"2021-05-31T10:25:22","guid":{"rendered":"https:\/\/www.theskeye.com\/?p=3612"},"modified":"2021-10-25T14:41:27","modified_gmt":"2021-10-25T13:41:27","slug":"lead-with-clarity-direccion-de-personas-montse-mora-hr-spain-director-at-elis","status":"publish","type":"post","link":"https:\/\/www.theskeye.com\/ca\/lead-with-clarity-direccion-de-personas-montse-mora-hr-spain-director-at-elis\/","title":{"rendered":"Lead with clarity-Direcci\u00f3n de Personas: Montse Mora, HR Spain Director at ELIS"},"content":{"rendered":"\n<p>Nueva entrega de Lead with clarity centrado en la Direcci\u00f3n de Personas, hoy de la mano de Montse Mora,  Directora de Recursos Humanos de Espa\u00f1a en Elis.<\/p>\n\n\n\n<p><strong>\u00bfC\u00f3mo ha cambiado la percepci\u00f3n sobre el Departamento de Personas en tu empresa el \u00faltimo a\u00f1o?<\/strong><\/p>\n\n\n\n<p>Realmente ha sido un a\u00f1o complicado para todos los equipos de RH. Dif\u00edcilmente olvidaremos el 2020. Se han vivido situaciones extremas, en las que la toma de decisi\u00f3n requer\u00eda de m\u00e1xima agilidad y adaptaci\u00f3n a cada una de las diferentes realidades que est\u00e1bamos viviendo. Nuestros equipos se han involucrado m\u00e1s all\u00e1 de lo profesional, acompa\u00f1ando de cerca a las personas y la organizaci\u00f3n ha sentido que nuestra funci\u00f3n era m\u00e1s que nunca necesaria. Esta pandemia ha afectado mucho m\u00e1s all\u00e1 de lo econ\u00f3mico ya que ha impactado sobre todo la parte social y emocional de las personas. Y all\u00ed los equipos de HR hemos tenido un papel fundamental para ayudar a sobrellevarlo y seguir motivando a los equipos. Creo que hoy m\u00e1s que nunca, las organizaciones que apuestan por el futuro tienen claro que es muy importante tener un buen departamento de Personas.&nbsp;<\/p>\n\n\n\n<p><strong>\u00bfQu\u00e9 crees que debe aportar hoy la Direcci\u00f3n de Personas al Comit\u00e9 de Direcci\u00f3n?<\/strong><\/p>\n\n\n\n<p>Debe acompa\u00f1ar a los diferentes miembros del Comit\u00e9 en la gesti\u00f3n de sus equipos y ayudarles para asegurar la consecuci\u00f3n de los resultados. Hoy en d\u00eda est\u00e1 m\u00e1s que demostrado que los buenos resultados no se consiguen trabajando solo, sino con el conjunto de las personas que forman la compa\u00f1\u00eda. No solo es necesario atraer el talento sino que lo m\u00e1s importante es generar un entorno que ofrezca oportunidades profesionales y la ilusi\u00f3n por un proyecto como empresa para que nuestros talentos internos decidan quedarse en \u00e9l.&nbsp;<\/p>\n\n\n\n<p><strong>\u00bfCu\u00e1les son las 3 competencias que m\u00e1s valoras en la selecci\u00f3n de un Directivo para tu Empresa?<\/strong><\/p>\n\n\n\n<p>Me es dif\u00edcil resumirlo en 3 ya que creo que son la suma de varias competencias lo que ayuda a seleccionar un buen Directivo para la organizaci\u00f3n. Quiz\u00e1s las que m\u00e1s valoro son la flexibilidad, la capacidad de empat\u00eda y la visi\u00f3n global. Y seguro que sonar\u00e1 t\u00f3pico\u2026\u2026.pero m\u00e1s all\u00e1 de las competencias lo esencial es que sea buena persona! Que sepa escuchar y estar cerca de sus equipos, orient\u00e1ndolos a un objetivo com\u00fan desde la proximidad y el liderazgo. Que priorice el \u00e9xito colectivo versus el individual. Creo que es esencial que, en cualquier posici\u00f3n pero m\u00e1s en la de un Directivo, los valores personales est\u00e9n alineados con los de la Empresa.<\/p>\n\n\n\n<p><br><strong> A nivel personal y profesional, \u00bfqu\u00e9 has aprendido durante estos meses?<\/strong><\/p>\n\n\n\n<p>Realmente ha sido un aprendizaje express! En t\u00e9rminos globales, tengo claro que despu\u00e9s del a\u00f1o vivido nada es imposible ni nada es para siempre. A nivel profesional he aprendido a que debemos ser flexibles, priorizar lo importante en cada situaci\u00f3n y que cuando nos involucramos y disfrutamos con lo que hacemos a pesar de las dificultades, las cosas salen bien. Tambi\u00e9n he aprendido a escuchar m\u00e1s a las personas que me rodean y a confiar en ellas. Tener un buen equipo a tu lado es la clave para avanzar!<\/p>\n\n\n\n<p>Y a nivel personal\u2026\u2026 sobre todo he aprendido a valorar mucho m\u00e1s los momentos con mi familia. Y he de decir que he aprendido mucho de mis hijos: de su capacidad para adaptarse a una situaci\u00f3n tambi\u00e9n dif\u00edcil para ellos, a esforzarse, a comprender y disfrutar de las peque\u00f1as cosas.&nbsp; A veces nuestros mejores maestros est\u00e1n m\u00e1s cerca de lo que creemos\u2026<\/p>\n\n\n\n<p>\u00a1Muchas gracias Montse por tus interesantes reflexiones!<\/p>\n","protected":false},"excerpt":{"rendered":"<p>Nueva entrega de Lead with clarity centrado en la Direcci\u00f3n de Personas, hoy de la mano de Montse Mora, Directora de Recursos Humanos de Espa\u00f1a en Elis. \u00bfC\u00f3mo ha cambiado&#8230;<\/p>\n","protected":false},"author":2,"featured_media":3613,"comment_status":"closed","ping_status":"closed","sticky":false,"template":"","format":"standard","meta":{"footnotes":""},"categories":[37,165],"tags":[],"class_list":{"0":"post-3612","1":"post","2":"type-post","3":"status-publish","4":"format-standard","5":"has-post-thumbnail","7":"category-comunicacion","8":"category-consultoria-estrategica-de-rrhh"},"yoast_head":"<!-- This site is optimized with the Yoast SEO plugin v25.6 - https:\/\/yoast.com\/wordpress\/plugins\/seo\/ -->\n<title>Lead with clarity-Direcci\u00f3n de Personas: Montse Mora, HR Spain Director at ELIS - The Skeye<\/title>\n<meta name=\"robots\" content=\"index, follow, max-snippet:-1, max-image-preview:large, max-video-preview:-1\" \/>\n<link rel=\"canonical\" href=\"https:\/\/www.theskeye.com\/ca\/lead-with-clarity-direccion-de-personas-montse-mora-hr-spain-director-at-elis\/\" \/>\n<meta property=\"og:locale\" content=\"ca_ES\" \/>\n<meta property=\"og:type\" content=\"article\" \/>\n<meta property=\"og:title\" content=\"Lead with clarity-Direcci\u00f3n de Personas: Montse Mora, HR Spain Director at ELIS - The Skeye\" \/>\n<meta property=\"og:description\" content=\"Nueva entrega de Lead with clarity centrado en la Direcci\u00f3n de Personas, hoy de la mano de Montse Mora, Directora de Recursos Humanos de Espa\u00f1a en Elis. \u00bfC\u00f3mo ha cambiado...\" \/>\n<meta property=\"og:url\" content=\"https:\/\/www.theskeye.com\/ca\/lead-with-clarity-direccion-de-personas-montse-mora-hr-spain-director-at-elis\/\" \/>\n<meta property=\"og:site_name\" content=\"The Skeye\" \/>\n<meta property=\"article:published_time\" content=\"2021-05-31T10:25:22+00:00\" \/>\n<meta property=\"article:modified_time\" content=\"2021-10-25T13:41:27+00:00\" \/>\n<meta property=\"og:image\" content=\"https:\/\/www.theskeye.com\/wp-content\/uploads\/2021\/05\/9.png\" \/>\n\t<meta property=\"og:image:width\" content=\"1024\" \/>\n\t<meta property=\"og:image:height\" content=\"512\" \/>\n\t<meta property=\"og:image:type\" content=\"image\/png\" \/>\n<meta name=\"author\" content=\"The Skeye\" \/>\n<meta name=\"twitter:card\" content=\"summary_large_image\" \/>\n<meta name=\"twitter:label1\" content=\"Escrit per\" \/>\n\t<meta name=\"twitter:data1\" content=\"The Skeye\" \/>\n\t<meta name=\"twitter:label2\" content=\"Temps estimat de lectura\" \/>\n\t<meta name=\"twitter:data2\" content=\"3 minuts\" \/>\n<script type=\"application\/ld+json\" class=\"yoast-schema-graph\">{\"@context\":\"https:\/\/schema.org\",\"@graph\":[{\"@type\":\"WebPage\",\"@id\":\"https:\/\/www.theskeye.com\/ca\/lead-with-clarity-direccion-de-personas-montse-mora-hr-spain-director-at-elis\/\",\"url\":\"https:\/\/www.theskeye.com\/ca\/lead-with-clarity-direccion-de-personas-montse-mora-hr-spain-director-at-elis\/\",\"name\":\"Lead with clarity-Direcci\u00f3n de Personas: Montse Mora, HR Spain Director at ELIS - The Skeye\",\"isPartOf\":{\"@id\":\"https:\/\/www.theskeye.com\/#website\"},\"primaryImageOfPage\":{\"@id\":\"https:\/\/www.theskeye.com\/ca\/lead-with-clarity-direccion-de-personas-montse-mora-hr-spain-director-at-elis\/#primaryimage\"},\"image\":{\"@id\":\"https:\/\/www.theskeye.com\/ca\/lead-with-clarity-direccion-de-personas-montse-mora-hr-spain-director-at-elis\/#primaryimage\"},\"thumbnailUrl\":\"https:\/\/www.theskeye.com\/wp-content\/uploads\/2021\/05\/9.png\",\"datePublished\":\"2021-05-31T10:25:22+00:00\",\"dateModified\":\"2021-10-25T13:41:27+00:00\",\"author\":{\"@id\":\"https:\/\/www.theskeye.com\/#\/schema\/person\/d68cdf279635f30f976579cf114e8305\"},\"breadcrumb\":{\"@id\":\"https:\/\/www.theskeye.com\/ca\/lead-with-clarity-direccion-de-personas-montse-mora-hr-spain-director-at-elis\/#breadcrumb\"},\"inLanguage\":\"ca\",\"potentialAction\":[{\"@type\":\"ReadAction\",\"target\":[\"https:\/\/www.theskeye.com\/ca\/lead-with-clarity-direccion-de-personas-montse-mora-hr-spain-director-at-elis\/\"]}]},{\"@type\":\"ImageObject\",\"inLanguage\":\"ca\",\"@id\":\"https:\/\/www.theskeye.com\/ca\/lead-with-clarity-direccion-de-personas-montse-mora-hr-spain-director-at-elis\/#primaryimage\",\"url\":\"https:\/\/www.theskeye.com\/wp-content\/uploads\/2021\/05\/9.png\",\"contentUrl\":\"https:\/\/www.theskeye.com\/wp-content\/uploads\/2021\/05\/9.png\",\"width\":1024,\"height\":512},{\"@type\":\"BreadcrumbList\",\"@id\":\"https:\/\/www.theskeye.com\/ca\/lead-with-clarity-direccion-de-personas-montse-mora-hr-spain-director-at-elis\/#breadcrumb\",\"itemListElement\":[{\"@type\":\"ListItem\",\"position\":1,\"name\":\"Inicio\",\"item\":\"https:\/\/www.theskeye.com\/ca\/homepage\/\"},{\"@type\":\"ListItem\",\"position\":2,\"name\":\"Lead with clarity-Direcci\u00f3n de Personas: Montse Mora, HR Spain Director at ELIS\"}]},{\"@type\":\"WebSite\",\"@id\":\"https:\/\/www.theskeye.com\/#website\",\"url\":\"https:\/\/www.theskeye.com\/\",\"name\":\"The Skeye\",\"description\":\"Consultora boutique que ofrece servicio de alto valor a\u00f1adido vinculados a la direcci\u00f3n estrat\u00e9gica y la direcci\u00f3n de personas\",\"potentialAction\":[{\"@type\":\"SearchAction\",\"target\":{\"@type\":\"EntryPoint\",\"urlTemplate\":\"https:\/\/www.theskeye.com\/?s={search_term_string}\"},\"query-input\":{\"@type\":\"PropertyValueSpecification\",\"valueRequired\":true,\"valueName\":\"search_term_string\"}}],\"inLanguage\":\"ca\"},{\"@type\":\"Person\",\"@id\":\"https:\/\/www.theskeye.com\/#\/schema\/person\/d68cdf279635f30f976579cf114e8305\",\"name\":\"The Skeye\",\"url\":\"https:\/\/www.theskeye.com\/ca\/author\/theskeye\/\"}]}<\/script>\n<!-- \/ Yoast SEO plugin. -->","yoast_head_json":{"title":"Lead with clarity-Direcci\u00f3n de Personas: Montse Mora, HR Spain Director at ELIS - The Skeye","robots":{"index":"index","follow":"follow","max-snippet":"max-snippet:-1","max-image-preview":"max-image-preview:large","max-video-preview":"max-video-preview:-1"},"canonical":"https:\/\/www.theskeye.com\/ca\/lead-with-clarity-direccion-de-personas-montse-mora-hr-spain-director-at-elis\/","og_locale":"ca_ES","og_type":"article","og_title":"Lead with clarity-Direcci\u00f3n de Personas: Montse Mora, HR Spain Director at ELIS - The Skeye","og_description":"Nueva entrega de Lead with clarity centrado en la Direcci\u00f3n de Personas, hoy de la mano de Montse Mora, Directora de Recursos Humanos de Espa\u00f1a en Elis. \u00bfC\u00f3mo ha cambiado...","og_url":"https:\/\/www.theskeye.com\/ca\/lead-with-clarity-direccion-de-personas-montse-mora-hr-spain-director-at-elis\/","og_site_name":"The Skeye","article_published_time":"2021-05-31T10:25:22+00:00","article_modified_time":"2021-10-25T13:41:27+00:00","og_image":[{"width":1024,"height":512,"url":"https:\/\/www.theskeye.com\/wp-content\/uploads\/2021\/05\/9.png","type":"image\/png"}],"author":"The Skeye","twitter_card":"summary_large_image","twitter_misc":{"Escrit per":"The Skeye","Temps estimat de lectura":"3 minuts"},"schema":{"@context":"https:\/\/schema.org","@graph":[{"@type":"WebPage","@id":"https:\/\/www.theskeye.com\/ca\/lead-with-clarity-direccion-de-personas-montse-mora-hr-spain-director-at-elis\/","url":"https:\/\/www.theskeye.com\/ca\/lead-with-clarity-direccion-de-personas-montse-mora-hr-spain-director-at-elis\/","name":"Lead with clarity-Direcci\u00f3n de Personas: Montse Mora, HR Spain Director at ELIS - The Skeye","isPartOf":{"@id":"https:\/\/www.theskeye.com\/#website"},"primaryImageOfPage":{"@id":"https:\/\/www.theskeye.com\/ca\/lead-with-clarity-direccion-de-personas-montse-mora-hr-spain-director-at-elis\/#primaryimage"},"image":{"@id":"https:\/\/www.theskeye.com\/ca\/lead-with-clarity-direccion-de-personas-montse-mora-hr-spain-director-at-elis\/#primaryimage"},"thumbnailUrl":"https:\/\/www.theskeye.com\/wp-content\/uploads\/2021\/05\/9.png","datePublished":"2021-05-31T10:25:22+00:00","dateModified":"2021-10-25T13:41:27+00:00","author":{"@id":"https:\/\/www.theskeye.com\/#\/schema\/person\/d68cdf279635f30f976579cf114e8305"},"breadcrumb":{"@id":"https:\/\/www.theskeye.com\/ca\/lead-with-clarity-direccion-de-personas-montse-mora-hr-spain-director-at-elis\/#breadcrumb"},"inLanguage":"ca","potentialAction":[{"@type":"ReadAction","target":["https:\/\/www.theskeye.com\/ca\/lead-with-clarity-direccion-de-personas-montse-mora-hr-spain-director-at-elis\/"]}]},{"@type":"ImageObject","inLanguage":"ca","@id":"https:\/\/www.theskeye.com\/ca\/lead-with-clarity-direccion-de-personas-montse-mora-hr-spain-director-at-elis\/#primaryimage","url":"https:\/\/www.theskeye.com\/wp-content\/uploads\/2021\/05\/9.png","contentUrl":"https:\/\/www.theskeye.com\/wp-content\/uploads\/2021\/05\/9.png","width":1024,"height":512},{"@type":"BreadcrumbList","@id":"https:\/\/www.theskeye.com\/ca\/lead-with-clarity-direccion-de-personas-montse-mora-hr-spain-director-at-elis\/#breadcrumb","itemListElement":[{"@type":"ListItem","position":1,"name":"Inicio","item":"https:\/\/www.theskeye.com\/ca\/homepage\/"},{"@type":"ListItem","position":2,"name":"Lead with clarity-Direcci\u00f3n de Personas: Montse Mora, HR Spain Director at ELIS"}]},{"@type":"WebSite","@id":"https:\/\/www.theskeye.com\/#website","url":"https:\/\/www.theskeye.com\/","name":"The Skeye","description":"Consultora boutique que ofrece servicio de alto valor a\u00f1adido vinculados a la direcci\u00f3n estrat\u00e9gica y la direcci\u00f3n de personas","potentialAction":[{"@type":"SearchAction","target":{"@type":"EntryPoint","urlTemplate":"https:\/\/www.theskeye.com\/?s={search_term_string}"},"query-input":{"@type":"PropertyValueSpecification","valueRequired":true,"valueName":"search_term_string"}}],"inLanguage":"ca"},{"@type":"Person","@id":"https:\/\/www.theskeye.com\/#\/schema\/person\/d68cdf279635f30f976579cf114e8305","name":"The Skeye","url":"https:\/\/www.theskeye.com\/ca\/author\/theskeye\/"}]}},"_links":{"self":[{"href":"https:\/\/www.theskeye.com\/ca\/wp-json\/wp\/v2\/posts\/3612"}],"collection":[{"href":"https:\/\/www.theskeye.com\/ca\/wp-json\/wp\/v2\/posts"}],"about":[{"href":"https:\/\/www.theskeye.com\/ca\/wp-json\/wp\/v2\/types\/post"}],"author":[{"embeddable":true,"href":"https:\/\/www.theskeye.com\/ca\/wp-json\/wp\/v2\/users\/2"}],"replies":[{"embeddable":true,"href":"https:\/\/www.theskeye.com\/ca\/wp-json\/wp\/v2\/comments?post=3612"}],"version-history":[{"count":3,"href":"https:\/\/www.theskeye.com\/ca\/wp-json\/wp\/v2\/posts\/3612\/revisions"}],"predecessor-version":[{"id":5231,"href":"https:\/\/www.theskeye.com\/ca\/wp-json\/wp\/v2\/posts\/3612\/revisions\/5231"}],"wp:featuredmedia":[{"embeddable":true,"href":"https:\/\/www.theskeye.com\/ca\/wp-json\/wp\/v2\/media\/3613"}],"wp:attachment":[{"href":"https:\/\/www.theskeye.com\/ca\/wp-json\/wp\/v2\/media?parent=3612"}],"wp:term":[{"taxonomy":"category","embeddable":true,"href":"https:\/\/www.theskeye.com\/ca\/wp-json\/wp\/v2\/categories?post=3612"},{"taxonomy":"post_tag","embeddable":true,"href":"https:\/\/www.theskeye.com\/ca\/wp-json\/wp\/v2\/tags?post=3612"}],"curies":[{"name":"wp","href":"https:\/\/api.w.org\/{rel}","templated":true}]}}