{"id":3623,"date":"2021-07-08T05:54:20","date_gmt":"2021-07-08T05:54:20","guid":{"rendered":"https:\/\/www.theskeye.com\/?p=3623"},"modified":"2021-10-28T17:32:03","modified_gmt":"2021-10-28T16:32:03","slug":"sere-breve-el-lider-nace-en-enero-o-se-hace","status":"publish","type":"post","link":"https:\/\/www.theskeye.com\/ca\/sere-breve-el-lider-nace-en-enero-o-se-hace\/","title":{"rendered":"Ser\u00e9 breve: El l\u00edder nace en ENERO, o se hace?"},"content":{"rendered":"\n<p>Hace ya tiempo que sigo los art\u00edculos de @kikollaneras, que suele escribir en el Pa\u00eds y en la revista Jot Down.<\/p>\n\n\n\n<p>Recientemente escrib\u00eda que en <strong>La Liga<\/strong> y la Segunda Divisi\u00f3n de F\u00fatbol, hay el doble de jugadores nacidos en Enero que en Diciembre. Es decir: los nacidos en el primer trimestre tienen el doble de posibilidades que los nacidos a finales de a\u00f1o&nbsp; para convertirse en deportistas de \u00e9lite!&nbsp;<\/p>\n\n\n\n<p>Estad\u00edstica pura.&nbsp;<\/p>\n\n\n\n<p>Y no s\u00f3lo en Espa\u00f1a, sino en cualquier pa\u00eds del mundo, donde los cortes de edad para las actividades y los cursos escolares empiezan en Enero. La regla, que seguro os resulta f\u00e1cil de entender, se repite siempre vinculada a la fecha de \u201ccorte\u201d. As\u00ed, en Inglaterra, tienes m\u00e1s opciones de ser aceptado en Oxford si has nacido en Septiembre, dado que el corte se realiza en Agosto.<\/p>\n\n\n\n<p>Por tanto \u201cl@s mayores\u201d de cada clase, efectivamente tienen m\u00e1s opciones de llegar m\u00e1s lejos, ya que desde peque\u00f1@s est\u00e1n m\u00e1s arropad@s: leen m\u00e1s deprisa, son m\u00e1s fuertes, m\u00e1s habilidosos, corren m\u00e1s, tienen m\u00e1s facilidad para aprender, etc. Este hecho, a los 6 a\u00f1os tiene una incidencia enorme. A los 21 ya no, pero los imputs recibidos durante todo el per\u00edodo escolar por parte de la familia, las profesoras, los tutores deportivos, etc., ya permanece.&nbsp; &nbsp;<\/p>\n\n\n\n<p>Parece que hay estad\u00edsticas que reflejan situaciones parecidas en muchos \u00e1mbitos de nuestra vida: deportes, pol\u00edtica, direcci\u00f3n de empresas\u2026<\/p>\n\n\n\n<p>Esto me dio un matiz adicional a la pregunta de si el <strong>\u201cl\u00edder nace o se hace\u201d<\/strong>. S\u00f3lo un matiz.&nbsp;<\/p>\n\n\n\n<p>No soy de car\u00e1cter determinista (adem\u00e1s de haber nacido en Junio!) por lo que pens\u00e9 que la fecha de nacimiento no puede ser el \u201cfactor determinante\u201d del \u00e9xito profesional. Deben tener un peso elevad\u00edsimo, la familia, la educaci\u00f3n, el esfuerzo, la perseverancia, la preparaci\u00f3n y el entrenamiento, entre otros.<\/p>\n\n\n\n<p>Para no quedarme con el \u201crunr\u00fan\u201d, he buscado al azar listas de los mejores futbolistas de la historia. Los voy a escribir para que me lluevan las cr\u00edticas apasionadas que este deporte siempre suscita: <strong>Pel\u00e9, Messi, Mbapp\u00e9, Cruyff, Maradona, Beckembauer, Butrague\u00f1o, Platin\u00ed, Pusk\u00e1s, Di St\u00e9fano<\/strong>\u2026. Todos ellos han sido referentes en este deporte, aunque ninguno de ellos naci\u00f3 entre enero-marzo!!!<\/p>\n\n\n\n<p>Por lo tanto, creo que, los valores, el carisma, el ejemplo, la habilidad, el entrenamiento, tener buenos referentes, formarse\u2026, seguir\u00e1n formando parte de los elementos esenciales para ser un buen l\u00edder!<\/p>\n\n\n\n<p>Habr\u00e1 que seguir trabajando y esforz\u00e1ndose!<\/p>\n","protected":false},"excerpt":{"rendered":"<p>Hace ya tiempo que sigo los art\u00edculos de @kikollaneras, que suele escribir en el Pa\u00eds y en la revista Jot Down. Recientemente escrib\u00eda que en La Liga y la Segunda&#8230;<\/p>\n","protected":false},"author":7,"featured_media":3624,"comment_status":"closed","ping_status":"closed","sticky":false,"template":"","format":"standard","meta":{"footnotes":""},"categories":[37,169,162],"tags":[],"class_list":{"0":"post-3623","1":"post","2":"type-post","3":"status-publish","4":"format-standard","5":"has-post-thumbnail","7":"category-comunicacion","8":"category-evaluacion-de-directivos","9":"category-headhunting"},"yoast_head":"<!-- This site is optimized with the Yoast SEO plugin v25.6 - https:\/\/yoast.com\/wordpress\/plugins\/seo\/ -->\n<title>Ser\u00e9 breve: El l\u00edder nace en ENERO, o se hace? - The Skeye<\/title>\n<meta name=\"robots\" content=\"index, follow, max-snippet:-1, max-image-preview:large, max-video-preview:-1\" \/>\n<link rel=\"canonical\" href=\"https:\/\/www.theskeye.com\/ca\/sere-breve-el-lider-nace-en-enero-o-se-hace\/\" \/>\n<meta property=\"og:locale\" content=\"ca_ES\" \/>\n<meta property=\"og:type\" content=\"article\" \/>\n<meta property=\"og:title\" content=\"Ser\u00e9 breve: El l\u00edder nace en ENERO, o se hace? - The Skeye\" \/>\n<meta property=\"og:description\" content=\"Hace ya tiempo que sigo los art\u00edculos de @kikollaneras, que suele escribir en el Pa\u00eds y en la revista Jot Down. Recientemente escrib\u00eda que en La Liga y la Segunda...\" \/>\n<meta property=\"og:url\" content=\"https:\/\/www.theskeye.com\/ca\/sere-breve-el-lider-nace-en-enero-o-se-hace\/\" \/>\n<meta property=\"og:site_name\" content=\"The Skeye\" \/>\n<meta property=\"article:published_time\" content=\"2021-07-08T05:54:20+00:00\" \/>\n<meta property=\"article:modified_time\" content=\"2021-10-28T16:32:03+00:00\" \/>\n<meta property=\"og:image\" content=\"https:\/\/www.theskeye.com\/wp-content\/uploads\/2021\/07\/Captura-de-Pantalla-2021-07-08-a-les-7.52.21.jpg\" \/>\n\t<meta property=\"og:image:width\" content=\"2000\" \/>\n\t<meta property=\"og:image:height\" content=\"1342\" \/>\n\t<meta property=\"og:image:type\" content=\"image\/jpeg\" \/>\n<meta name=\"author\" content=\"Toni Sole\" \/>\n<meta name=\"twitter:card\" content=\"summary_large_image\" \/>\n<meta name=\"twitter:label1\" content=\"Escrit per\" \/>\n\t<meta name=\"twitter:data1\" content=\"Toni Sole\" \/>\n\t<meta name=\"twitter:label2\" content=\"Temps estimat de lectura\" \/>\n\t<meta name=\"twitter:data2\" content=\"2 minuts\" \/>\n<script type=\"application\/ld+json\" class=\"yoast-schema-graph\">{\"@context\":\"https:\/\/schema.org\",\"@graph\":[{\"@type\":\"WebPage\",\"@id\":\"https:\/\/www.theskeye.com\/ca\/sere-breve-el-lider-nace-en-enero-o-se-hace\/\",\"url\":\"https:\/\/www.theskeye.com\/ca\/sere-breve-el-lider-nace-en-enero-o-se-hace\/\",\"name\":\"Ser\u00e9 breve: El l\u00edder nace en ENERO, o se hace? - The Skeye\",\"isPartOf\":{\"@id\":\"https:\/\/www.theskeye.com\/#website\"},\"primaryImageOfPage\":{\"@id\":\"https:\/\/www.theskeye.com\/ca\/sere-breve-el-lider-nace-en-enero-o-se-hace\/#primaryimage\"},\"image\":{\"@id\":\"https:\/\/www.theskeye.com\/ca\/sere-breve-el-lider-nace-en-enero-o-se-hace\/#primaryimage\"},\"thumbnailUrl\":\"https:\/\/www.theskeye.com\/wp-content\/uploads\/2021\/07\/Captura-de-Pantalla-2021-07-08-a-les-7.52.21.jpg\",\"datePublished\":\"2021-07-08T05:54:20+00:00\",\"dateModified\":\"2021-10-28T16:32:03+00:00\",\"author\":{\"@id\":\"https:\/\/www.theskeye.com\/#\/schema\/person\/8d8d99f84ddebad2c7a7771fcde9aa74\"},\"breadcrumb\":{\"@id\":\"https:\/\/www.theskeye.com\/ca\/sere-breve-el-lider-nace-en-enero-o-se-hace\/#breadcrumb\"},\"inLanguage\":\"ca\",\"potentialAction\":[{\"@type\":\"ReadAction\",\"target\":[\"https:\/\/www.theskeye.com\/ca\/sere-breve-el-lider-nace-en-enero-o-se-hace\/\"]}]},{\"@type\":\"ImageObject\",\"inLanguage\":\"ca\",\"@id\":\"https:\/\/www.theskeye.com\/ca\/sere-breve-el-lider-nace-en-enero-o-se-hace\/#primaryimage\",\"url\":\"https:\/\/www.theskeye.com\/wp-content\/uploads\/2021\/07\/Captura-de-Pantalla-2021-07-08-a-les-7.52.21.jpg\",\"contentUrl\":\"https:\/\/www.theskeye.com\/wp-content\/uploads\/2021\/07\/Captura-de-Pantalla-2021-07-08-a-les-7.52.21.jpg\",\"width\":2000,\"height\":1342},{\"@type\":\"BreadcrumbList\",\"@id\":\"https:\/\/www.theskeye.com\/ca\/sere-breve-el-lider-nace-en-enero-o-se-hace\/#breadcrumb\",\"itemListElement\":[{\"@type\":\"ListItem\",\"position\":1,\"name\":\"Inicio\",\"item\":\"https:\/\/www.theskeye.com\/ca\/homepage\/\"},{\"@type\":\"ListItem\",\"position\":2,\"name\":\"Ser\u00e9 breve: El l\u00edder nace en ENERO, o se hace?\"}]},{\"@type\":\"WebSite\",\"@id\":\"https:\/\/www.theskeye.com\/#website\",\"url\":\"https:\/\/www.theskeye.com\/\",\"name\":\"The Skeye\",\"description\":\"Consultora boutique que ofrece servicio de alto valor a\u00f1adido vinculados a la direcci\u00f3n estrat\u00e9gica y la direcci\u00f3n de personas\",\"potentialAction\":[{\"@type\":\"SearchAction\",\"target\":{\"@type\":\"EntryPoint\",\"urlTemplate\":\"https:\/\/www.theskeye.com\/?s={search_term_string}\"},\"query-input\":{\"@type\":\"PropertyValueSpecification\",\"valueRequired\":true,\"valueName\":\"search_term_string\"}}],\"inLanguage\":\"ca\"},{\"@type\":\"Person\",\"@id\":\"https:\/\/www.theskeye.com\/#\/schema\/person\/8d8d99f84ddebad2c7a7771fcde9aa74\",\"name\":\"Toni Sole\",\"description\":\"Socio Director\",\"url\":\"https:\/\/www.theskeye.com\/ca\/author\/toni-sole\/\"}]}<\/script>\n<!-- \/ Yoast SEO plugin. -->","yoast_head_json":{"title":"Ser\u00e9 breve: El l\u00edder nace en ENERO, o se hace? - The Skeye","robots":{"index":"index","follow":"follow","max-snippet":"max-snippet:-1","max-image-preview":"max-image-preview:large","max-video-preview":"max-video-preview:-1"},"canonical":"https:\/\/www.theskeye.com\/ca\/sere-breve-el-lider-nace-en-enero-o-se-hace\/","og_locale":"ca_ES","og_type":"article","og_title":"Ser\u00e9 breve: El l\u00edder nace en ENERO, o se hace? - The Skeye","og_description":"Hace ya tiempo que sigo los art\u00edculos de @kikollaneras, que suele escribir en el Pa\u00eds y en la revista Jot Down. Recientemente escrib\u00eda que en La Liga y la Segunda...","og_url":"https:\/\/www.theskeye.com\/ca\/sere-breve-el-lider-nace-en-enero-o-se-hace\/","og_site_name":"The Skeye","article_published_time":"2021-07-08T05:54:20+00:00","article_modified_time":"2021-10-28T16:32:03+00:00","og_image":[{"width":2000,"height":1342,"url":"https:\/\/www.theskeye.com\/wp-content\/uploads\/2021\/07\/Captura-de-Pantalla-2021-07-08-a-les-7.52.21.jpg","type":"image\/jpeg"}],"author":"Toni Sole","twitter_card":"summary_large_image","twitter_misc":{"Escrit per":"Toni Sole","Temps estimat de lectura":"2 minuts"},"schema":{"@context":"https:\/\/schema.org","@graph":[{"@type":"WebPage","@id":"https:\/\/www.theskeye.com\/ca\/sere-breve-el-lider-nace-en-enero-o-se-hace\/","url":"https:\/\/www.theskeye.com\/ca\/sere-breve-el-lider-nace-en-enero-o-se-hace\/","name":"Ser\u00e9 breve: El l\u00edder nace en ENERO, o se hace? - The Skeye","isPartOf":{"@id":"https:\/\/www.theskeye.com\/#website"},"primaryImageOfPage":{"@id":"https:\/\/www.theskeye.com\/ca\/sere-breve-el-lider-nace-en-enero-o-se-hace\/#primaryimage"},"image":{"@id":"https:\/\/www.theskeye.com\/ca\/sere-breve-el-lider-nace-en-enero-o-se-hace\/#primaryimage"},"thumbnailUrl":"https:\/\/www.theskeye.com\/wp-content\/uploads\/2021\/07\/Captura-de-Pantalla-2021-07-08-a-les-7.52.21.jpg","datePublished":"2021-07-08T05:54:20+00:00","dateModified":"2021-10-28T16:32:03+00:00","author":{"@id":"https:\/\/www.theskeye.com\/#\/schema\/person\/8d8d99f84ddebad2c7a7771fcde9aa74"},"breadcrumb":{"@id":"https:\/\/www.theskeye.com\/ca\/sere-breve-el-lider-nace-en-enero-o-se-hace\/#breadcrumb"},"inLanguage":"ca","potentialAction":[{"@type":"ReadAction","target":["https:\/\/www.theskeye.com\/ca\/sere-breve-el-lider-nace-en-enero-o-se-hace\/"]}]},{"@type":"ImageObject","inLanguage":"ca","@id":"https:\/\/www.theskeye.com\/ca\/sere-breve-el-lider-nace-en-enero-o-se-hace\/#primaryimage","url":"https:\/\/www.theskeye.com\/wp-content\/uploads\/2021\/07\/Captura-de-Pantalla-2021-07-08-a-les-7.52.21.jpg","contentUrl":"https:\/\/www.theskeye.com\/wp-content\/uploads\/2021\/07\/Captura-de-Pantalla-2021-07-08-a-les-7.52.21.jpg","width":2000,"height":1342},{"@type":"BreadcrumbList","@id":"https:\/\/www.theskeye.com\/ca\/sere-breve-el-lider-nace-en-enero-o-se-hace\/#breadcrumb","itemListElement":[{"@type":"ListItem","position":1,"name":"Inicio","item":"https:\/\/www.theskeye.com\/ca\/homepage\/"},{"@type":"ListItem","position":2,"name":"Ser\u00e9 breve: El l\u00edder nace en ENERO, o se hace?"}]},{"@type":"WebSite","@id":"https:\/\/www.theskeye.com\/#website","url":"https:\/\/www.theskeye.com\/","name":"The Skeye","description":"Consultora boutique que ofrece servicio de alto valor a\u00f1adido vinculados a la direcci\u00f3n estrat\u00e9gica y la direcci\u00f3n de personas","potentialAction":[{"@type":"SearchAction","target":{"@type":"EntryPoint","urlTemplate":"https:\/\/www.theskeye.com\/?s={search_term_string}"},"query-input":{"@type":"PropertyValueSpecification","valueRequired":true,"valueName":"search_term_string"}}],"inLanguage":"ca"},{"@type":"Person","@id":"https:\/\/www.theskeye.com\/#\/schema\/person\/8d8d99f84ddebad2c7a7771fcde9aa74","name":"Toni Sole","description":"Socio Director","url":"https:\/\/www.theskeye.com\/ca\/author\/toni-sole\/"}]}},"_links":{"self":[{"href":"https:\/\/www.theskeye.com\/ca\/wp-json\/wp\/v2\/posts\/3623"}],"collection":[{"href":"https:\/\/www.theskeye.com\/ca\/wp-json\/wp\/v2\/posts"}],"about":[{"href":"https:\/\/www.theskeye.com\/ca\/wp-json\/wp\/v2\/types\/post"}],"author":[{"embeddable":true,"href":"https:\/\/www.theskeye.com\/ca\/wp-json\/wp\/v2\/users\/7"}],"replies":[{"embeddable":true,"href":"https:\/\/www.theskeye.com\/ca\/wp-json\/wp\/v2\/comments?post=3623"}],"version-history":[{"count":1,"href":"https:\/\/www.theskeye.com\/ca\/wp-json\/wp\/v2\/posts\/3623\/revisions"}],"predecessor-version":[{"id":3627,"href":"https:\/\/www.theskeye.com\/ca\/wp-json\/wp\/v2\/posts\/3623\/revisions\/3627"}],"wp:featuredmedia":[{"embeddable":true,"href":"https:\/\/www.theskeye.com\/ca\/wp-json\/wp\/v2\/media\/3624"}],"wp:attachment":[{"href":"https:\/\/www.theskeye.com\/ca\/wp-json\/wp\/v2\/media?parent=3623"}],"wp:term":[{"taxonomy":"category","embeddable":true,"href":"https:\/\/www.theskeye.com\/ca\/wp-json\/wp\/v2\/categories?post=3623"},{"taxonomy":"post_tag","embeddable":true,"href":"https:\/\/www.theskeye.com\/ca\/wp-json\/wp\/v2\/tags?post=3623"}],"curies":[{"name":"wp","href":"https:\/\/api.w.org\/{rel}","templated":true}]}}