{"id":6003,"date":"2023-10-08T21:11:10","date_gmt":"2023-10-08T20:11:10","guid":{"rendered":"https:\/\/www.theskeye.com\/?p=6003"},"modified":"2023-10-08T21:11:11","modified_gmt":"2023-10-08T20:11:11","slug":"no-es-lo-mismo-seis-que-tres-pares","status":"publish","type":"post","link":"https:\/\/www.theskeye.com\/ca\/no-es-lo-mismo-seis-que-tres-pares\/","title":{"rendered":"No es lo mismo seis que tres pares"},"content":{"rendered":"\n<p>Siempre se hab\u00eda preguntado por qu\u00e9 se usaba el circunloquio al hablar de un l\u00edo de tres pares de (l\u00e9ase aqu\u00ed g\u00f3nada masculina) en vez de hablar de un l\u00edo de seis de lo mismo, y ahora que estaba en uno de ellos resultaba que daba igual. O no. \u00c9l, que era un fiel lector de esta columna, que segu\u00eda las recomendaciones sobre el trato diferencial en funci\u00f3n de las necesidades individuales y de las diferentes generaciones, que hab\u00eda aguantado poniendo pie en pared las embestidas de todos aquellos que predicaban un modelo igualitario, casi mecanicista, como garant\u00eda de estabilidad, \u00e9l que siempre hac\u00eda lo mejor para la empresa ahora y en el futuro, estaba cuestionado.<\/p>\n\n\n\n<p>Por hacer un resumen somero, en primer lugar, hab\u00eda dado flexibilidad al departamento de Ingenier\u00eda para que la hora de entrada se adaptase a las prioridades vitales de esos j\u00f3venes ingenieros que hab\u00edan fichado; total, la mayor\u00eda de ellos trabajaban en proyectos individuales por lo que la cesi\u00f3n no era tan relevante. S\u00ed que tuvo un poco de tensi\u00f3n con otros departamentos que afirmaban tener el mismo derecho y similares condiciones, pero se mantuvo firme. El director general enarc\u00f3 una ceja, pero no se meti\u00f3.<\/p>\n\n\n\n<p>Como tampoco lo hizo cuando permiti\u00f3 a varios administrativos y agentes comerciales telef\u00f3nicos que hiciesen m\u00e1s d\u00edas de teletrabajo que el resto. Otra excepci\u00f3n, pero su jefe afirm\u00f3 que rend\u00edan lo mismo, eran m\u00e1s felices y no ped\u00edan ning\u00fan tipo de compensaci\u00f3n a cambio. Se complic\u00f3 un poco cuando admiti\u00f3 que un par de agentes trabajasen siempre en remoto: \u00bfqu\u00e9 culpa ten\u00eda \u00e9l de que en Teruel hubiese trabajadores disponibles y aqu\u00ed no, y que ellos no quisiesen moverse?<\/p>\n\n\n\n<p>Bueno, tambi\u00e9n hab\u00eda hecho un par de excepciones con empleados, buenos y comprometidos, que se iban muy lejos, que ve\u00edan poco a los suyos, y a los que les permiti\u00f3 unir las vacaciones con tres semanas extra de teletrabajo. Le cost\u00f3 m\u00e1s justificar el que se fue a Argentina, pero lo solucion\u00f3 pidi\u00e9ndole que empezase a trabajar a las 4 am; cre\u00eda que lo hab\u00eda cumplido bastantes d\u00edas. Tambi\u00e9n tuvo problemas con los que le pidieron lo mismo (pero en Burgos o en Camprod\u00f3n) y se lo neg\u00f3.<\/p>\n\n\n\n<p>En temas de compensaci\u00f3n no pod\u00eda decir que hubiese sido siempre coherente: cada vez le ped\u00edan perfiles m\u00e1s complejos que no exist\u00edan por la zona y a los que hab\u00eda tenido que ofrecerles m\u00e1s para atraerlos. Todo el mundo sabe que los sueldos son secretos durante los primeros diez minutos en la empresa; ahora ten\u00eda a todos los t\u00e9cnicos jugando con el Excel para analizar las inequidades, siempre basadas en antig\u00fcedad y no en rendimiento.<\/p>\n\n\n\n<p>El recuento era simple: ten\u00eda en su contra a sus compa\u00f1eros del Comit\u00e9 de Direcci\u00f3n, al Director General que odiaba el ruido, al Comit\u00e9 de Empresa, a los jefes de los departamentos donde hab\u00eda hecho excepciones porque quer\u00edan m\u00e1s, a los buenos trabajadores de toda la vida que ve\u00edan trato preferente a algunos (aqu\u00ed la palabra discriminaci\u00f3n aparec\u00eda en cada conversaci\u00f3n) y hasta al portero, a qui\u00e9n le hab\u00eda tenido que decir que la pol\u00edtica de la empresa era no contratar a familiares cuando rechaz\u00f3 a su hijo para un puesto medio.<\/p>\n\n\n\n<p>Las pol\u00edticas de la empresa, deb\u00eda reconocerlo, se hab\u00edan convertido en una referencia, pero no en aquellas proclamas dogm\u00e1ticas que antes se imprim\u00edan y colgaban en las paredes. Ahora eran interpretativas en funci\u00f3n de las circunstancias; incluso se estaba planteando reescribirlas desde una \u00f3ptica m\u00e1s abierta e inclusiva, pero hab\u00eda descartado los borradores porque insultaban a la inteligencia. Para ser honestos, estaban teniendo serios problemas para explicar las pr\u00e1cticas y pol\u00edticas a los nuevos empleados.<\/p>\n\n\n\n<p>\u00bfY por qu\u00e9 hab\u00edan llegado a esa situaci\u00f3n? Pues como se llega muchas veces en la vida real de las empresas, poniendo parches a una situaci\u00f3n puntual del presente que se magnifica hasta l\u00edmites que hacen tomar decisiones. En su caso el c\u00f3ctel hab\u00eda sido la retenci\u00f3n de empleados clave despu\u00e9s de un periodo de rotaci\u00f3n alta y la dificultad de encontrar ciertos perfiles e integrarlos en la din\u00e1mica del resto de la organizaci\u00f3n. S\u00ed, es una deriva peligrosa, pero a ver qui\u00e9n es el guapo que va contra el viento cuando est\u00e1s metido en la pol\u00e9mica; por ejemplo, fichar a un jefe de departamento que viene de Barcelona (digamos) a Valls (digamos), y pagarle m\u00e1s porque ese mercado del que procede es m\u00e1s caro, y aceptarle m\u00e1s d\u00edas de teletrabajo porque conducir es gravoso y adem\u00e1s resulta que le has puesto un plus de distancia que los dem\u00e1s no tienen. \u00bfSabemos que habr\u00e1 descontento? S\u00ed. \u00bfTenemos mejor opci\u00f3n en la selecci\u00f3n? No. \u00bfHay un candidato local con cara y ojos? No. Ergo la decisi\u00f3n es clara, m\u00e1xime cuando tardaremos otros tres meses en comenzar de cero la selecci\u00f3n y su trabajo se quedar\u00e1 sin hacer, y sin tener la garant\u00eda de que entonces tendremos un candidato local que se adec\u00fae a nuestras necesidades y pol\u00edticas.<\/p>\n\n\n\n<p>\u00bfY qu\u00e9 me dices de ese proyecto de ingenier\u00eda para el que necesitan un grupo grande de ingenieros j\u00f3venes con ganas de aprender y trabajar? Pues que los encontraste, incluso pudiste elegir, con el salario que pod\u00edas pagar\u2026pero en remoto, y conseguiste que viniesen a la oficina un d\u00eda por semana para mantener el contacto humano. \u00bfEra mejor no contratarlos y no hacer el proyecto? \u00bfO contratarlos, asegurar el proyecto y gestionar el descontento?<\/p>\n\n\n\n<p>\u00bfY qu\u00e9 me dices de ese departamento de Valoraci\u00f3n Algebraica de Olas Marinas que ha instalado un coworking en la capital porque all\u00ed hay m\u00e1s talento? Aqu\u00ed un apunte: el talento es una curva gaussiana en todos los sitios, no asumamos que cualquiera es mejor por ser de la capital. En todo caso, montaste un coworking para que pudiesen conciliar mejor, lo cual es muy loable si no afecta al rendimiento o a las sinergias con otros departamentos, pero no dejas que sea utilizado por otros reci\u00e9n llegados para los que podr\u00eda valer. \u00bfCon qu\u00e9 argumento? \u00bfVas a forzarles a que se tumben en el suelo del parking delante del coche del presidente? S\u00ed, nuevamente no hab\u00eda opci\u00f3n y la alternativa de no tenerlo era peor.<\/p>\n\n\n\n<p>\u00bfPeor? El jefe de departamento que ven\u00eda de fuera se hart\u00f3 de viajar un a\u00f1o despu\u00e9s de fichar y se volvi\u00f3 a sus cuarteles de invierno. Dos de los ingenieros j\u00f3venes se fueron, uno a las dos semanas porque no se acostumbraba a la rigidez de las normas, y el otro a los cuatro meses porque en la empresa de al lado ten\u00eda unas condiciones parecidas (vosotros que sab\u00e9is leer entre l\u00edneas entend\u00e9is que peores) pero terminaba a las cuatro y as\u00ed pod\u00eda pasear con su novia. Lo del coworking acab\u00f3 siendo un festival porque no se vislumbraba diferencia entre estar all\u00ed o teletrabajando.<\/p>\n\n\n\n<p>Y por eso el director general le hab\u00eda llamado y, enarcando la ceja nivel Sobera, le hab\u00eda conminado a explicarle por qu\u00e9 hab\u00edamos destruido la calma precedente si no bajaba la rotaci\u00f3n y qu\u00e9 \u00edbamos a hacer para solucionarlo ya. \u00bfEra o no era un problema de tres pares? Pod\u00eda buscar explicaciones individuales e intentar encontrar un patr\u00f3n, s\u00ed, seguro que lo hallar\u00eda poniendo a la generaci\u00f3n Z por el medio; sin embargo, responder a la pregunta 2 era m\u00e1s complicado porque solo hab\u00eda dos alternativas:<\/p>\n\n\n\n<ol class=\"wp-block-list\" type=\"a\">\n<li>Cancelar las excepciones a todas las pol\u00edticas (lentamente, sin romper nada) para volver a la situaci\u00f3n original que tanta estabilidad y \u00e9xito les hab\u00eda dado. S\u00ed, es cierto que quiz\u00e1s no captar\u00edan tanto talento, pero ya se apa\u00f1ar\u00edan con el que hubiese, como siempre hab\u00edan hecho. Y su experiencia demostraba que hay pocas empresas que crezcan de forma exponencial: una cosa son los planes estrat\u00e9gicos comerciales y otra la tozuda realidad<\/li>\n\n\n\n<li>Seguir adelante e insistir en la gesti\u00f3n que estaban haciendo. No estaba de acuerdo en que fuese aleatoria ni respondiese a desaf\u00edos puntuales; era una deriva que se estaba produciendo en todas las empresas y que era imparable. Podr\u00edan modularla, quiz\u00e1s regularla un poco, ampliarla a m\u00e1s empleados, pero era una ola que surfear. Seguramente habr\u00eda cambios futuros, retrocesiones en algunas cosas (voces que se alzaban y act\u00faan contra el teletrabajo est\u00e1n a la orden del d\u00eda), nuevas pr\u00e1cticas y desaf\u00edos, y la alternativa era adaptarse o adaptarse porque el retorno al mundo de hace diez a\u00f1os no parece una opci\u00f3n. Y educar a la organizaci\u00f3n en asumir mayores porcentajes de rotaci\u00f3n; quiz\u00e1s ese 5% que llamamos rotaci\u00f3n saludable ya no es una referencia nunca m\u00e1s.<\/li>\n<\/ol>\n\n\n\n<p>S\u00ed, lo ten\u00eda claro. La b). Ahora ten\u00eda que pensar c\u00f3mo cuadrar el c\u00edrculo: mayor gasto en salarios por correcci\u00f3n de inequidades vs los fichajes nuevos, m\u00e1s rotaci\u00f3n por el cabreo al comparar con las condiciones de los reci\u00e9n llegados a\u00f1adida a la rotaci\u00f3n propia de los nuevos, disminuci\u00f3n de la calidad de las contrataciones por la premura actual, cambio en los mandos medios incapaces de gestionar en estos espacios m\u00e1s grises, etc. Y la pregunta crucial: \u00bfC\u00f3mo vas a compensar ese gasto en salarios y en curvas de aprendizaje? \u00bfC\u00f3mo me aseguras que ese extra coste en la P&amp;L ser\u00e1 balanceado con mayor rendimiento, mejores ideas, nuevos procesos y oportunidades? De ninguna manera. Eso s\u00ed, pod\u00eda garantizarle que si no lo hac\u00eda el resultado a medio plazo ser\u00eda menos halag\u00fce\u00f1o: la sart\u00e9n y el fuego. Aparentemente, Ancelotti le pregunt\u00f3 a Camavinga si prefer\u00eda jugar de lateral o no jugar; pues lo mismito se puede aplicar aqu\u00ed, y la opci\u00f3n es jugar.<\/p>\n\n\n\n<p>Encantado con esta reflexi\u00f3n futbolera se fue a tomar su caf\u00e9 con leche, y tres pares de galletas.<\/p>\n","protected":false},"excerpt":{"rendered":"<p>Siempre se hab\u00eda preguntado por qu\u00e9 se usaba el circunloquio al hablar de un l\u00edo de tres pares de (l\u00e9ase aqu\u00ed g\u00f3nada masculina) en vez de hablar de un l\u00edo&#8230;<\/p>\n","protected":false},"author":10,"featured_media":6011,"comment_status":"closed","ping_status":"closed","sticky":false,"template":"","format":"standard","meta":{"footnotes":""},"categories":[163,165,162,40],"tags":[186,187,181,188,183,132],"class_list":{"0":"post-6003","1":"post","2":"type-post","3":"status-publish","4":"format-standard","5":"has-post-thumbnail","7":"category-comite-de-direccion","8":"category-consultoria-estrategica-de-rrhh","9":"category-headhunting","10":"category-retribucion","11":"tag-comite","12":"tag-empresa","13":"tag-headhunting","14":"tag-politicas","15":"tag-reclutamiento","16":"tag-retribucion"},"yoast_head":"<!-- This site is optimized with the Yoast SEO plugin v25.6 - https:\/\/yoast.com\/wordpress\/plugins\/seo\/ -->\n<title>No es lo mismo seis que tres pares - The Skeye<\/title>\n<meta name=\"description\" content=\"Las pol\u00edticas de la empresa son una referencia, pero no deben ser proclamas dogm\u00e1ticas, sino herramientas de optimizaci\u00f3n interna.\" \/>\n<meta name=\"robots\" content=\"index, follow, max-snippet:-1, max-image-preview:large, max-video-preview:-1\" \/>\n<link rel=\"canonical\" href=\"https:\/\/www.theskeye.com\/ca\/no-es-lo-mismo-seis-que-tres-pares\/\" \/>\n<meta property=\"og:locale\" content=\"ca_ES\" \/>\n<meta property=\"og:type\" content=\"article\" \/>\n<meta property=\"og:title\" content=\"No es lo mismo seis que tres pares - The Skeye\" \/>\n<meta property=\"og:description\" content=\"Las pol\u00edticas de la empresa son una referencia, pero no deben ser proclamas dogm\u00e1ticas, sino herramientas de optimizaci\u00f3n interna.\" \/>\n<meta property=\"og:url\" content=\"https:\/\/www.theskeye.com\/no-es-lo-mismo-seis-que-tres-pares\/\" \/>\n<meta property=\"og:site_name\" content=\"The Skeye\" \/>\n<meta property=\"article:published_time\" content=\"2023-10-08T20:11:10+00:00\" \/>\n<meta property=\"article:modified_time\" content=\"2023-10-08T20:11:11+00:00\" \/>\n<meta property=\"og:image\" content=\"https:\/\/www.theskeye.com\/wp-content\/uploads\/2023\/10\/No-es-lo-mismo-seis-que-tres-pares-2.jpeg\" \/>\n\t<meta property=\"og:image:width\" content=\"1152\" \/>\n\t<meta property=\"og:image:height\" content=\"768\" \/>\n\t<meta property=\"og:image:type\" content=\"image\/jpeg\" \/>\n<meta name=\"author\" content=\"Javier Fa\u00f1an\u00e1s\" \/>\n<meta name=\"twitter:card\" content=\"summary_large_image\" \/>\n<meta name=\"twitter:label1\" content=\"Escrit per\" \/>\n\t<meta name=\"twitter:data1\" content=\"Javier Fa\u00f1an\u00e1s\" \/>\n\t<meta name=\"twitter:label2\" content=\"Temps estimat de lectura\" \/>\n\t<meta name=\"twitter:data2\" content=\"8 minuts\" \/>\n<script type=\"application\/ld+json\" class=\"yoast-schema-graph\">{\"@context\":\"https:\/\/schema.org\",\"@graph\":[{\"@type\":\"WebPage\",\"@id\":\"https:\/\/www.theskeye.com\/no-es-lo-mismo-seis-que-tres-pares\/\",\"url\":\"https:\/\/www.theskeye.com\/no-es-lo-mismo-seis-que-tres-pares\/\",\"name\":\"No es lo mismo seis que tres pares - The Skeye\",\"isPartOf\":{\"@id\":\"https:\/\/www.theskeye.com\/#website\"},\"primaryImageOfPage\":{\"@id\":\"https:\/\/www.theskeye.com\/no-es-lo-mismo-seis-que-tres-pares\/#primaryimage\"},\"image\":{\"@id\":\"https:\/\/www.theskeye.com\/no-es-lo-mismo-seis-que-tres-pares\/#primaryimage\"},\"thumbnailUrl\":\"https:\/\/www.theskeye.com\/wp-content\/uploads\/2023\/10\/No-es-lo-mismo-seis-que-tres-pares-2.jpeg\",\"datePublished\":\"2023-10-08T20:11:10+00:00\",\"dateModified\":\"2023-10-08T20:11:11+00:00\",\"author\":{\"@id\":\"https:\/\/www.theskeye.com\/#\/schema\/person\/d8e226036cd8f3655e3e0dd98b3e1444\"},\"description\":\"Las pol\u00edticas de la empresa son una referencia, pero no deben ser proclamas dogm\u00e1ticas, sino herramientas de optimizaci\u00f3n interna.\",\"breadcrumb\":{\"@id\":\"https:\/\/www.theskeye.com\/no-es-lo-mismo-seis-que-tres-pares\/#breadcrumb\"},\"inLanguage\":\"ca\",\"potentialAction\":[{\"@type\":\"ReadAction\",\"target\":[\"https:\/\/www.theskeye.com\/no-es-lo-mismo-seis-que-tres-pares\/\"]}]},{\"@type\":\"ImageObject\",\"inLanguage\":\"ca\",\"@id\":\"https:\/\/www.theskeye.com\/no-es-lo-mismo-seis-que-tres-pares\/#primaryimage\",\"url\":\"https:\/\/www.theskeye.com\/wp-content\/uploads\/2023\/10\/No-es-lo-mismo-seis-que-tres-pares-2.jpeg\",\"contentUrl\":\"https:\/\/www.theskeye.com\/wp-content\/uploads\/2023\/10\/No-es-lo-mismo-seis-que-tres-pares-2.jpeg\",\"width\":1152,\"height\":768},{\"@type\":\"BreadcrumbList\",\"@id\":\"https:\/\/www.theskeye.com\/no-es-lo-mismo-seis-que-tres-pares\/#breadcrumb\",\"itemListElement\":[{\"@type\":\"ListItem\",\"position\":1,\"name\":\"Inicio\",\"item\":\"https:\/\/www.theskeye.com\/ca\/homepage\/\"},{\"@type\":\"ListItem\",\"position\":2,\"name\":\"No es lo mismo seis que tres pares\"}]},{\"@type\":\"WebSite\",\"@id\":\"https:\/\/www.theskeye.com\/#website\",\"url\":\"https:\/\/www.theskeye.com\/\",\"name\":\"The Skeye\",\"description\":\"Consultora boutique que ofrece servicio de alto valor a\u00f1adido vinculados a la direcci\u00f3n estrat\u00e9gica y la direcci\u00f3n de personas\",\"potentialAction\":[{\"@type\":\"SearchAction\",\"target\":{\"@type\":\"EntryPoint\",\"urlTemplate\":\"https:\/\/www.theskeye.com\/?s={search_term_string}\"},\"query-input\":{\"@type\":\"PropertyValueSpecification\",\"valueRequired\":true,\"valueName\":\"search_term_string\"}}],\"inLanguage\":\"ca\"},{\"@type\":\"Person\",\"@id\":\"https:\/\/www.theskeye.com\/#\/schema\/person\/d8e226036cd8f3655e3e0dd98b3e1444\",\"name\":\"Javier Fa\u00f1an\u00e1s\",\"description\":\"Director de proyectos y senior HRBP\",\"url\":\"https:\/\/www.theskeye.com\/ca\/author\/javier-fananas\/\"}]}<\/script>\n<!-- \/ Yoast SEO plugin. -->","yoast_head_json":{"title":"No es lo mismo seis que tres pares - The Skeye","description":"Las pol\u00edticas de la empresa son una referencia, pero no deben ser proclamas dogm\u00e1ticas, sino herramientas de optimizaci\u00f3n interna.","robots":{"index":"index","follow":"follow","max-snippet":"max-snippet:-1","max-image-preview":"max-image-preview:large","max-video-preview":"max-video-preview:-1"},"canonical":"https:\/\/www.theskeye.com\/ca\/no-es-lo-mismo-seis-que-tres-pares\/","og_locale":"ca_ES","og_type":"article","og_title":"No es lo mismo seis que tres pares - The Skeye","og_description":"Las pol\u00edticas de la empresa son una referencia, pero no deben ser proclamas dogm\u00e1ticas, sino herramientas de optimizaci\u00f3n interna.","og_url":"https:\/\/www.theskeye.com\/no-es-lo-mismo-seis-que-tres-pares\/","og_site_name":"The Skeye","article_published_time":"2023-10-08T20:11:10+00:00","article_modified_time":"2023-10-08T20:11:11+00:00","og_image":[{"width":1152,"height":768,"url":"https:\/\/www.theskeye.com\/wp-content\/uploads\/2023\/10\/No-es-lo-mismo-seis-que-tres-pares-2.jpeg","type":"image\/jpeg"}],"author":"Javier Fa\u00f1an\u00e1s","twitter_card":"summary_large_image","twitter_misc":{"Escrit per":"Javier Fa\u00f1an\u00e1s","Temps estimat de lectura":"8 minuts"},"schema":{"@context":"https:\/\/schema.org","@graph":[{"@type":"WebPage","@id":"https:\/\/www.theskeye.com\/no-es-lo-mismo-seis-que-tres-pares\/","url":"https:\/\/www.theskeye.com\/no-es-lo-mismo-seis-que-tres-pares\/","name":"No es lo mismo seis que tres pares - The Skeye","isPartOf":{"@id":"https:\/\/www.theskeye.com\/#website"},"primaryImageOfPage":{"@id":"https:\/\/www.theskeye.com\/no-es-lo-mismo-seis-que-tres-pares\/#primaryimage"},"image":{"@id":"https:\/\/www.theskeye.com\/no-es-lo-mismo-seis-que-tres-pares\/#primaryimage"},"thumbnailUrl":"https:\/\/www.theskeye.com\/wp-content\/uploads\/2023\/10\/No-es-lo-mismo-seis-que-tres-pares-2.jpeg","datePublished":"2023-10-08T20:11:10+00:00","dateModified":"2023-10-08T20:11:11+00:00","author":{"@id":"https:\/\/www.theskeye.com\/#\/schema\/person\/d8e226036cd8f3655e3e0dd98b3e1444"},"description":"Las pol\u00edticas de la empresa son una referencia, pero no deben ser proclamas dogm\u00e1ticas, sino herramientas de optimizaci\u00f3n interna.","breadcrumb":{"@id":"https:\/\/www.theskeye.com\/no-es-lo-mismo-seis-que-tres-pares\/#breadcrumb"},"inLanguage":"ca","potentialAction":[{"@type":"ReadAction","target":["https:\/\/www.theskeye.com\/no-es-lo-mismo-seis-que-tres-pares\/"]}]},{"@type":"ImageObject","inLanguage":"ca","@id":"https:\/\/www.theskeye.com\/no-es-lo-mismo-seis-que-tres-pares\/#primaryimage","url":"https:\/\/www.theskeye.com\/wp-content\/uploads\/2023\/10\/No-es-lo-mismo-seis-que-tres-pares-2.jpeg","contentUrl":"https:\/\/www.theskeye.com\/wp-content\/uploads\/2023\/10\/No-es-lo-mismo-seis-que-tres-pares-2.jpeg","width":1152,"height":768},{"@type":"BreadcrumbList","@id":"https:\/\/www.theskeye.com\/no-es-lo-mismo-seis-que-tres-pares\/#breadcrumb","itemListElement":[{"@type":"ListItem","position":1,"name":"Inicio","item":"https:\/\/www.theskeye.com\/ca\/homepage\/"},{"@type":"ListItem","position":2,"name":"No es lo mismo seis que tres pares"}]},{"@type":"WebSite","@id":"https:\/\/www.theskeye.com\/#website","url":"https:\/\/www.theskeye.com\/","name":"The Skeye","description":"Consultora boutique que ofrece servicio de alto valor a\u00f1adido vinculados a la direcci\u00f3n estrat\u00e9gica y la direcci\u00f3n de personas","potentialAction":[{"@type":"SearchAction","target":{"@type":"EntryPoint","urlTemplate":"https:\/\/www.theskeye.com\/?s={search_term_string}"},"query-input":{"@type":"PropertyValueSpecification","valueRequired":true,"valueName":"search_term_string"}}],"inLanguage":"ca"},{"@type":"Person","@id":"https:\/\/www.theskeye.com\/#\/schema\/person\/d8e226036cd8f3655e3e0dd98b3e1444","name":"Javier Fa\u00f1an\u00e1s","description":"Director de proyectos y senior HRBP","url":"https:\/\/www.theskeye.com\/ca\/author\/javier-fananas\/"}]}},"_links":{"self":[{"href":"https:\/\/www.theskeye.com\/ca\/wp-json\/wp\/v2\/posts\/6003"}],"collection":[{"href":"https:\/\/www.theskeye.com\/ca\/wp-json\/wp\/v2\/posts"}],"about":[{"href":"https:\/\/www.theskeye.com\/ca\/wp-json\/wp\/v2\/types\/post"}],"author":[{"embeddable":true,"href":"https:\/\/www.theskeye.com\/ca\/wp-json\/wp\/v2\/users\/10"}],"replies":[{"embeddable":true,"href":"https:\/\/www.theskeye.com\/ca\/wp-json\/wp\/v2\/comments?post=6003"}],"version-history":[{"count":1,"href":"https:\/\/www.theskeye.com\/ca\/wp-json\/wp\/v2\/posts\/6003\/revisions"}],"predecessor-version":[{"id":6007,"href":"https:\/\/www.theskeye.com\/ca\/wp-json\/wp\/v2\/posts\/6003\/revisions\/6007"}],"wp:featuredmedia":[{"embeddable":true,"href":"https:\/\/www.theskeye.com\/ca\/wp-json\/wp\/v2\/media\/6011"}],"wp:attachment":[{"href":"https:\/\/www.theskeye.com\/ca\/wp-json\/wp\/v2\/media?parent=6003"}],"wp:term":[{"taxonomy":"category","embeddable":true,"href":"https:\/\/www.theskeye.com\/ca\/wp-json\/wp\/v2\/categories?post=6003"},{"taxonomy":"post_tag","embeddable":true,"href":"https:\/\/www.theskeye.com\/ca\/wp-json\/wp\/v2\/tags?post=6003"}],"curies":[{"name":"wp","href":"https:\/\/api.w.org\/{rel}","templated":true}]}}