{"id":6278,"date":"2023-12-19T21:15:31","date_gmt":"2023-12-19T20:15:31","guid":{"rendered":"https:\/\/www.theskeye.com\/?p=6278"},"modified":"2023-12-19T21:15:33","modified_gmt":"2023-12-19T20:15:33","slug":"como-poner-a-las-personas-en-el-centro-de-la-estrategia-propositos-para-ceo-y-drh-en-2024","status":"publish","type":"post","link":"https:\/\/www.theskeye.com\/ca\/como-poner-a-las-personas-en-el-centro-de-la-estrategia-propositos-para-ceo-y-drh-en-2024\/","title":{"rendered":"C\u00f3mo poner a las personas en el centro de la estrategia. Prop\u00f3sitos para CEO y DRH en 2024"},"content":{"rendered":"\n<p>Hace exactamente un a\u00f1o, apareci\u00f3 para el gran p\u00fablico ChatGPT y nos pareci\u00f3 realmente incre\u00edble su capacidad de interlocuci\u00f3n y de edici\u00f3n de textos. La primeras veces, debo decir, que fue emocionante imaginar sus posibilidades.<\/p>\n\n\n\n<p>Un a\u00f1o m\u00e1s tarde, se ha generalizado tanto y de tal forma el uso de la IA que no deja de abrumarnos.<\/p>\n\n\n\n<p>Le hemos preguntado a ChatGPT, Google-Bard, Bing y otras fuentes: \u00bfCu\u00e1les son las tendencias en materia de gesti\u00f3n de RR.HH. para las personas en 2024? El resultado no os va a sorprender: \u201cEmployee value proposition\u201d, bienestar, conciliaci\u00f3n, efectividad, \u201cEmployee centric\u201d, modelos de trabajo, desarrollo de \u201csoft skills\u201d, diversidad e inclusi\u00f3n, inteligencia artificial aplicada a la gesti\u00f3n de personas y gesti\u00f3n del cambio entre otras tendencias.<\/p>\n\n\n\n<p>Por eso hemos querido proponer nuestra propia \u00ablista\u00bb de tendencias, sin el uso de IA, centr\u00e1ndonos en lo real, en lo que importa; es decir, en las verdaderas necesidades y preocupaciones de nuestros clientes, desde donde nos es posible establecer dos \u00e1mbitos de actuaci\u00f3n:<\/p>\n\n\n\n<p>El primero: Consiste en poner a las <strong>PERSONAS<\/strong> en el centro de la estrategia (Customer centricity &amp; Employee Centricity).<\/p>\n\n\n\n<p>El segundo: Es poder ver la <strong>CLARIDAD ORGANIZATIVA<\/strong> y c\u00f3mo se estructuran y se relacionan estas personas para avanzar (tomar decisiones, cumplir objetivos y abordar responsabilidades, entre otros aspectos, alrededor de un prop\u00f3sito.<\/p>\n\n\n\n<p>En este mundo BANI [Brittle (quebradizo), Anxious (que genera ansiedad), Non-linear (no lineal) e Incomprehensible (incomprensible)], en el que estamos inmersos, nadie tiene recetas, ya que la transformaci\u00f3n que experimentamos y la velocidad de la misma, no tienen precedentes.<\/p>\n\n\n\n<p>Sin embargo, a mayor complejidad, m\u00e1s simples deben ser las soluciones. En este momento las organizaciones necesitan asegurarse de tener los \u00abb\u00e1sicos\u00bb, que aporten confianza, seguridad, y capacidad de adaptaci\u00f3n para transformarse.<\/p>\n\n\n\n<p>Es por eso que en 2024, sugerimos centrarnos en estos <strong><u>8 prop\u00f3sitos b\u00e1sicos que pueden convertirse en tendencia<\/u><\/strong>:<\/p>\n\n\n\n<p>1.- Definir el <strong>Prop\u00f3sito<\/strong> y alinearlo con los <strong>valores<\/strong>, ya no deber\u00eda ser una opci\u00f3n. Porque la generaci\u00f3n de confianza de todos nuestros \u201cstake holders\u201d es una variable cr\u00edtica.<\/p>\n\n\n\n<p>2.- Igual de importante resulta revisar el <strong>an\u00e1lisis del modelo organizativo<\/strong>, asegurando su alineaci\u00f3n con el modelo de negocio, y hacerlo entendible, claro, sostenible y que garantice la adaptaci\u00f3n a futuro.<\/p>\n\n\n\n<p>3.- Es necesario, m\u00e1s que nunca, definir un <strong>plan de sucesi\u00f3n<\/strong>. Su dise\u00f1o, an\u00e1lisis e implementaci\u00f3n, nos asegurar\u00e1 no s\u00f3lo consensuar cu\u00e1les son las posiciones cr\u00edticas en el corto, medio y largo plazo, sino tambi\u00e9n definir un plan de gesti\u00f3n del talento y de continuidad de la compa\u00f1\u00eda.<\/p>\n\n\n\n<p>4.- Necesitamos saber cu\u00e1l es nuestra Propuesta de valor (<strong>Employee Value Proposition<\/strong>) &nbsp;y el modelo de compensaci\u00f3n, justo, equitativo y adaptable a la transformaci\u00f3n que vivimos. Las necesidades de las personas han cambiado. Nuestro modelo debe adaptarse a los cambios que se avecinan.<\/p>\n\n\n\n<p>5.- Necesitamos m\u00e1s que nunca definir nuestro <strong>Plan estrat\u00e9gico de Personas<\/strong>, alineado con el plan de la empresa. Con la humildad suficiente para reconocer que deberemos adaptarlo a las circunstancias del futuro. Quiz\u00e1s ya no nos vale un plan anual, inamovible y ajustado al presupuesto.<\/p>\n\n\n\n<p>6.- El <strong>modelo de trabajo<\/strong> (h\u00edbrido) debemos repensarlo. Sabemos que hay condicionantes legales y organizativas. Pero el principal elemento limitante es el modelo de liderazgo. Cualquier modelo de trabajo se basa en el nivel de confianza y nuestro estilo de liderazgo.<\/p>\n\n\n\n<p>7.- Necesitamos m\u00e1s que nunca <strong>desarrollar a los l\u00edderes<\/strong> y a los gestores de equipo. Venimos hablando y se seguir\u00e1 hablando en 2024 sobre \u201cmodel thriving\u201d. Nuestros l\u00edderes deben tener herramientas para gestionar equipos, tanto en momentos de crecimiento como en \u00e9pocas convulsas. La inversi\u00f3n en programas \u201cad hoc\u201d es fundamental.<\/p>\n\n\n\n<p>8.- No podemos olvidarnos del modelo organizativo del <strong>Departamento de Personas<\/strong>. Pensamos que el Modelo de Ulrich (quiz\u00e1s adaptado con los Centros de Excelencia) sigue siendo una buena opci\u00f3n, como lo son los modelos \u00e1giles.<\/p>\n\n\n\n<p>Somos conscientes de que estamos hablando de los \u201cindispensables\u201d, pero es el momento de asegurarnos de que los tenemos, de que nos sirven y de que los utilizamos.<\/p>\n\n\n\n<p>\u00bfPiensas que debemos incluir alg\u00fan otro prop\u00f3sito o tendencia para 2024?<\/p>\n","protected":false},"excerpt":{"rendered":"<p>Hace exactamente un a\u00f1o, apareci\u00f3 para el gran p\u00fablico ChatGPT y nos pareci\u00f3 realmente incre\u00edble su capacidad de interlocuci\u00f3n y de edici\u00f3n de textos. La primeras veces, debo decir, que&#8230;<\/p>\n","protected":false},"author":2,"featured_media":6279,"comment_status":"closed","ping_status":"closed","sticky":false,"template":"","format":"standard","meta":{"footnotes":""},"categories":[163,165,38],"tags":[174,190,120,184,210,211],"class_list":{"0":"post-6278","1":"post","2":"type-post","3":"status-publish","4":"format-standard","5":"has-post-thumbnail","7":"category-comite-de-direccion","8":"category-consultoria-estrategica-de-rrhh","9":"category-lideres","10":"tag-ceo","11":"tag-direccion","12":"tag-director-recursos-humanos","13":"tag-drh","14":"tag-propositos","15":"tag-rr-hh"},"yoast_head":"<!-- This site is optimized with the Yoast SEO plugin v25.6 - https:\/\/yoast.com\/wordpress\/plugins\/seo\/ -->\n<title>C\u00f3mo poner a las personas en el centro de la estrategia. Prop\u00f3sitos para CEO y DRH en 2024 - The Skeye<\/title>\n<meta name=\"description\" content=\"En este momento las organizaciones necesitan asegurarse de tener los \u00abb\u00e1sicos\u00bb, que aporten confianza, seguridad, y capacidad de adaptaci\u00f3n para transformarse\" \/>\n<meta name=\"robots\" content=\"index, follow, max-snippet:-1, max-image-preview:large, max-video-preview:-1\" \/>\n<link rel=\"canonical\" href=\"https:\/\/www.theskeye.com\/ca\/como-poner-a-las-personas-en-el-centro-de-la-estrategia-propositos-para-ceo-y-drh-en-2024\/\" \/>\n<meta property=\"og:locale\" content=\"ca_ES\" \/>\n<meta property=\"og:type\" content=\"article\" \/>\n<meta property=\"og:title\" content=\"C\u00f3mo poner a las personas en el centro de la estrategia. Prop\u00f3sitos para CEO y DRH en 2024 - The Skeye\" \/>\n<meta property=\"og:description\" content=\"En este momento las organizaciones necesitan asegurarse de tener los \u00abb\u00e1sicos\u00bb, que aporten confianza, seguridad, y capacidad de adaptaci\u00f3n para transformarse\" \/>\n<meta property=\"og:url\" content=\"https:\/\/www.theskeye.com\/como-poner-a-las-personas-en-el-centro-de-la-estrategia-propositos-para-ceo-y-drh-en-2024\/\" \/>\n<meta property=\"og:site_name\" content=\"The Skeye\" \/>\n<meta property=\"article:published_time\" content=\"2023-12-19T20:15:31+00:00\" \/>\n<meta property=\"article:modified_time\" content=\"2023-12-19T20:15:33+00:00\" \/>\n<meta property=\"og:image\" content=\"https:\/\/www.theskeye.com\/wp-content\/uploads\/2023\/12\/post-toni-dic-23.png\" \/>\n\t<meta property=\"og:image:width\" content=\"762\" \/>\n\t<meta property=\"og:image:height\" content=\"449\" \/>\n\t<meta property=\"og:image:type\" content=\"image\/png\" \/>\n<meta name=\"author\" content=\"The Skeye\" \/>\n<meta name=\"twitter:card\" content=\"summary_large_image\" \/>\n<meta name=\"twitter:label1\" content=\"Escrit per\" \/>\n\t<meta name=\"twitter:data1\" content=\"The Skeye\" \/>\n\t<meta name=\"twitter:label2\" content=\"Temps estimat de lectura\" \/>\n\t<meta name=\"twitter:data2\" content=\"4 minuts\" \/>\n<script type=\"application\/ld+json\" class=\"yoast-schema-graph\">{\"@context\":\"https:\/\/schema.org\",\"@graph\":[{\"@type\":\"WebPage\",\"@id\":\"https:\/\/www.theskeye.com\/como-poner-a-las-personas-en-el-centro-de-la-estrategia-propositos-para-ceo-y-drh-en-2024\/\",\"url\":\"https:\/\/www.theskeye.com\/como-poner-a-las-personas-en-el-centro-de-la-estrategia-propositos-para-ceo-y-drh-en-2024\/\",\"name\":\"C\u00f3mo poner a las personas en el centro de la estrategia. Prop\u00f3sitos para CEO y DRH en 2024 - The Skeye\",\"isPartOf\":{\"@id\":\"https:\/\/www.theskeye.com\/#website\"},\"primaryImageOfPage\":{\"@id\":\"https:\/\/www.theskeye.com\/como-poner-a-las-personas-en-el-centro-de-la-estrategia-propositos-para-ceo-y-drh-en-2024\/#primaryimage\"},\"image\":{\"@id\":\"https:\/\/www.theskeye.com\/como-poner-a-las-personas-en-el-centro-de-la-estrategia-propositos-para-ceo-y-drh-en-2024\/#primaryimage\"},\"thumbnailUrl\":\"https:\/\/www.theskeye.com\/wp-content\/uploads\/2023\/12\/post-toni-dic-23.png\",\"datePublished\":\"2023-12-19T20:15:31+00:00\",\"dateModified\":\"2023-12-19T20:15:33+00:00\",\"author\":{\"@id\":\"https:\/\/www.theskeye.com\/#\/schema\/person\/d68cdf279635f30f976579cf114e8305\"},\"description\":\"En este momento las organizaciones necesitan asegurarse de tener los \u00abb\u00e1sicos\u00bb, que aporten confianza, seguridad, y capacidad de adaptaci\u00f3n para transformarse\",\"breadcrumb\":{\"@id\":\"https:\/\/www.theskeye.com\/como-poner-a-las-personas-en-el-centro-de-la-estrategia-propositos-para-ceo-y-drh-en-2024\/#breadcrumb\"},\"inLanguage\":\"ca\",\"potentialAction\":[{\"@type\":\"ReadAction\",\"target\":[\"https:\/\/www.theskeye.com\/como-poner-a-las-personas-en-el-centro-de-la-estrategia-propositos-para-ceo-y-drh-en-2024\/\"]}]},{\"@type\":\"ImageObject\",\"inLanguage\":\"ca\",\"@id\":\"https:\/\/www.theskeye.com\/como-poner-a-las-personas-en-el-centro-de-la-estrategia-propositos-para-ceo-y-drh-en-2024\/#primaryimage\",\"url\":\"https:\/\/www.theskeye.com\/wp-content\/uploads\/2023\/12\/post-toni-dic-23.png\",\"contentUrl\":\"https:\/\/www.theskeye.com\/wp-content\/uploads\/2023\/12\/post-toni-dic-23.png\",\"width\":762,\"height\":449,\"caption\":\"personas prop\u00f3sitos y tendencias 2024\"},{\"@type\":\"BreadcrumbList\",\"@id\":\"https:\/\/www.theskeye.com\/como-poner-a-las-personas-en-el-centro-de-la-estrategia-propositos-para-ceo-y-drh-en-2024\/#breadcrumb\",\"itemListElement\":[{\"@type\":\"ListItem\",\"position\":1,\"name\":\"Inicio\",\"item\":\"https:\/\/www.theskeye.com\/ca\/homepage\/\"},{\"@type\":\"ListItem\",\"position\":2,\"name\":\"C\u00f3mo poner a las personas en el centro de la estrategia. Prop\u00f3sitos para CEO y DRH en 2024\"}]},{\"@type\":\"WebSite\",\"@id\":\"https:\/\/www.theskeye.com\/#website\",\"url\":\"https:\/\/www.theskeye.com\/\",\"name\":\"The Skeye\",\"description\":\"Consultora boutique que ofrece servicio de alto valor a\u00f1adido vinculados a la direcci\u00f3n estrat\u00e9gica y la direcci\u00f3n de personas\",\"potentialAction\":[{\"@type\":\"SearchAction\",\"target\":{\"@type\":\"EntryPoint\",\"urlTemplate\":\"https:\/\/www.theskeye.com\/?s={search_term_string}\"},\"query-input\":{\"@type\":\"PropertyValueSpecification\",\"valueRequired\":true,\"valueName\":\"search_term_string\"}}],\"inLanguage\":\"ca\"},{\"@type\":\"Person\",\"@id\":\"https:\/\/www.theskeye.com\/#\/schema\/person\/d68cdf279635f30f976579cf114e8305\",\"name\":\"The Skeye\",\"url\":\"https:\/\/www.theskeye.com\/ca\/author\/theskeye\/\"}]}<\/script>\n<!-- \/ Yoast SEO plugin. -->","yoast_head_json":{"title":"C\u00f3mo poner a las personas en el centro de la estrategia. Prop\u00f3sitos para CEO y DRH en 2024 - The Skeye","description":"En este momento las organizaciones necesitan asegurarse de tener los \u00abb\u00e1sicos\u00bb, que aporten confianza, seguridad, y capacidad de adaptaci\u00f3n para transformarse","robots":{"index":"index","follow":"follow","max-snippet":"max-snippet:-1","max-image-preview":"max-image-preview:large","max-video-preview":"max-video-preview:-1"},"canonical":"https:\/\/www.theskeye.com\/ca\/como-poner-a-las-personas-en-el-centro-de-la-estrategia-propositos-para-ceo-y-drh-en-2024\/","og_locale":"ca_ES","og_type":"article","og_title":"C\u00f3mo poner a las personas en el centro de la estrategia. Prop\u00f3sitos para CEO y DRH en 2024 - The Skeye","og_description":"En este momento las organizaciones necesitan asegurarse de tener los \u00abb\u00e1sicos\u00bb, que aporten confianza, seguridad, y capacidad de adaptaci\u00f3n para transformarse","og_url":"https:\/\/www.theskeye.com\/como-poner-a-las-personas-en-el-centro-de-la-estrategia-propositos-para-ceo-y-drh-en-2024\/","og_site_name":"The Skeye","article_published_time":"2023-12-19T20:15:31+00:00","article_modified_time":"2023-12-19T20:15:33+00:00","og_image":[{"width":762,"height":449,"url":"https:\/\/www.theskeye.com\/wp-content\/uploads\/2023\/12\/post-toni-dic-23.png","type":"image\/png"}],"author":"The Skeye","twitter_card":"summary_large_image","twitter_misc":{"Escrit per":"The Skeye","Temps estimat de lectura":"4 minuts"},"schema":{"@context":"https:\/\/schema.org","@graph":[{"@type":"WebPage","@id":"https:\/\/www.theskeye.com\/como-poner-a-las-personas-en-el-centro-de-la-estrategia-propositos-para-ceo-y-drh-en-2024\/","url":"https:\/\/www.theskeye.com\/como-poner-a-las-personas-en-el-centro-de-la-estrategia-propositos-para-ceo-y-drh-en-2024\/","name":"C\u00f3mo poner a las personas en el centro de la estrategia. Prop\u00f3sitos para CEO y DRH en 2024 - The Skeye","isPartOf":{"@id":"https:\/\/www.theskeye.com\/#website"},"primaryImageOfPage":{"@id":"https:\/\/www.theskeye.com\/como-poner-a-las-personas-en-el-centro-de-la-estrategia-propositos-para-ceo-y-drh-en-2024\/#primaryimage"},"image":{"@id":"https:\/\/www.theskeye.com\/como-poner-a-las-personas-en-el-centro-de-la-estrategia-propositos-para-ceo-y-drh-en-2024\/#primaryimage"},"thumbnailUrl":"https:\/\/www.theskeye.com\/wp-content\/uploads\/2023\/12\/post-toni-dic-23.png","datePublished":"2023-12-19T20:15:31+00:00","dateModified":"2023-12-19T20:15:33+00:00","author":{"@id":"https:\/\/www.theskeye.com\/#\/schema\/person\/d68cdf279635f30f976579cf114e8305"},"description":"En este momento las organizaciones necesitan asegurarse de tener los \u00abb\u00e1sicos\u00bb, que aporten confianza, seguridad, y capacidad de adaptaci\u00f3n para transformarse","breadcrumb":{"@id":"https:\/\/www.theskeye.com\/como-poner-a-las-personas-en-el-centro-de-la-estrategia-propositos-para-ceo-y-drh-en-2024\/#breadcrumb"},"inLanguage":"ca","potentialAction":[{"@type":"ReadAction","target":["https:\/\/www.theskeye.com\/como-poner-a-las-personas-en-el-centro-de-la-estrategia-propositos-para-ceo-y-drh-en-2024\/"]}]},{"@type":"ImageObject","inLanguage":"ca","@id":"https:\/\/www.theskeye.com\/como-poner-a-las-personas-en-el-centro-de-la-estrategia-propositos-para-ceo-y-drh-en-2024\/#primaryimage","url":"https:\/\/www.theskeye.com\/wp-content\/uploads\/2023\/12\/post-toni-dic-23.png","contentUrl":"https:\/\/www.theskeye.com\/wp-content\/uploads\/2023\/12\/post-toni-dic-23.png","width":762,"height":449,"caption":"personas prop\u00f3sitos y tendencias 2024"},{"@type":"BreadcrumbList","@id":"https:\/\/www.theskeye.com\/como-poner-a-las-personas-en-el-centro-de-la-estrategia-propositos-para-ceo-y-drh-en-2024\/#breadcrumb","itemListElement":[{"@type":"ListItem","position":1,"name":"Inicio","item":"https:\/\/www.theskeye.com\/ca\/homepage\/"},{"@type":"ListItem","position":2,"name":"C\u00f3mo poner a las personas en el centro de la estrategia. Prop\u00f3sitos para CEO y DRH en 2024"}]},{"@type":"WebSite","@id":"https:\/\/www.theskeye.com\/#website","url":"https:\/\/www.theskeye.com\/","name":"The Skeye","description":"Consultora boutique que ofrece servicio de alto valor a\u00f1adido vinculados a la direcci\u00f3n estrat\u00e9gica y la direcci\u00f3n de personas","potentialAction":[{"@type":"SearchAction","target":{"@type":"EntryPoint","urlTemplate":"https:\/\/www.theskeye.com\/?s={search_term_string}"},"query-input":{"@type":"PropertyValueSpecification","valueRequired":true,"valueName":"search_term_string"}}],"inLanguage":"ca"},{"@type":"Person","@id":"https:\/\/www.theskeye.com\/#\/schema\/person\/d68cdf279635f30f976579cf114e8305","name":"The Skeye","url":"https:\/\/www.theskeye.com\/ca\/author\/theskeye\/"}]}},"_links":{"self":[{"href":"https:\/\/www.theskeye.com\/ca\/wp-json\/wp\/v2\/posts\/6278"}],"collection":[{"href":"https:\/\/www.theskeye.com\/ca\/wp-json\/wp\/v2\/posts"}],"about":[{"href":"https:\/\/www.theskeye.com\/ca\/wp-json\/wp\/v2\/types\/post"}],"author":[{"embeddable":true,"href":"https:\/\/www.theskeye.com\/ca\/wp-json\/wp\/v2\/users\/2"}],"replies":[{"embeddable":true,"href":"https:\/\/www.theskeye.com\/ca\/wp-json\/wp\/v2\/comments?post=6278"}],"version-history":[{"count":2,"href":"https:\/\/www.theskeye.com\/ca\/wp-json\/wp\/v2\/posts\/6278\/revisions"}],"predecessor-version":[{"id":6284,"href":"https:\/\/www.theskeye.com\/ca\/wp-json\/wp\/v2\/posts\/6278\/revisions\/6284"}],"wp:featuredmedia":[{"embeddable":true,"href":"https:\/\/www.theskeye.com\/ca\/wp-json\/wp\/v2\/media\/6279"}],"wp:attachment":[{"href":"https:\/\/www.theskeye.com\/ca\/wp-json\/wp\/v2\/media?parent=6278"}],"wp:term":[{"taxonomy":"category","embeddable":true,"href":"https:\/\/www.theskeye.com\/ca\/wp-json\/wp\/v2\/categories?post=6278"},{"taxonomy":"post_tag","embeddable":true,"href":"https:\/\/www.theskeye.com\/ca\/wp-json\/wp\/v2\/tags?post=6278"}],"curies":[{"name":"wp","href":"https:\/\/api.w.org\/{rel}","templated":true}]}}