{"id":6293,"date":"2024-01-14T20:07:07","date_gmt":"2024-01-14T19:07:07","guid":{"rendered":"https:\/\/www.theskeye.com\/?p=6293"},"modified":"2024-01-14T20:07:08","modified_gmt":"2024-01-14T19:07:08","slug":"sigamos-siendo-optimistaso-no","status":"publish","type":"post","link":"https:\/\/www.theskeye.com\/ca\/sigamos-siendo-optimistaso-no\/","title":{"rendered":"Sigamos siendo optimistas\u2026o no"},"content":{"rendered":"\n<p>Hay una cu\u00f1a radiof\u00f3nica en la radio de Tarragona que repite una c\u00e9lebre frase de William James, fil\u00f3sofo y psic\u00f3logo estadounidense fallecido a principio del siglo XX, y que reza as\u00ed: \u201cEl pesimismo conduce a la debilidad, el optimismo al poder\u201d.<\/p>\n\n\n\n<p>Imposible no estar de acuerdo y repet\u00edrsela cada ma\u00f1ana como un chute de vitaminas y jalea real. Pero puestos a buscar frases c\u00e9lebres que creen una contradicci\u00f3n no puedo obviar otra c\u00e9lebre de Voltaire: \u201cEl optimismo es la locura de insistir en que todo est\u00e1 bien cuando somos desgraciados\u201d. Pues igual tiene raz\u00f3n tambi\u00e9n, como esos que insisten en que el pesimista no es m\u00e1s que un optimista bien informado.<\/p>\n\n\n\n<p>La realidad a la que nos enfrentamos es la misma pero el estado de \u00e1nimo con que lo afrontemos puede marcar la diferencia, y justo de eso es de lo que se trata; ahora solo falta sustanciarlo y usar la parte racional de nuestro cerebro para encontrar razones que act\u00faen cual endorfinas. Vamos a ello.<\/p>\n\n\n\n<p>Kiko Llaneras, autodefinido como periodista de datos en El Pa\u00eds, publica una relaci\u00f3n de razones para el optimismo, 43 en su caso, aunque seguro que hay m\u00e1s (Gracias, Toni Sol\u00e9, por compartirla y obligar a la reflexi\u00f3n). Os recomiendo una lectura cuidadosa porque cada una de ellas est\u00e1 fundamentada en datos macro muy sesudamente analizados buscando tendencias. Muchos de ellos los tenemos tan interiorizados que no nos damos cuenta del \u00e9xito que suponen, pero los que tenemos una cierta edad somos muy conscientes de su evoluci\u00f3n; os dejo unos titulares:<\/p>\n\n\n\n<ul class=\"wp-block-list\">\n<li>En 2023 la COVID desapareci\u00f3 de la lista de las diez enfermedades m\u00e1s mortales cuando hab\u00eda sido la primera en los a\u00f1os anteriores<\/li>\n\n\n\n<li>Se ha dado luz verde a la primera terapia CRISPR de edici\u00f3n de ADN, una herramienta incre\u00edble. Os recomiendo leer la biograf\u00eda de Jennifer Doudna, Nobel de Qu\u00edmica 2020, escrita por Walter Isaacson, nunca decepciona, y titulada \u201cEl c\u00f3digo de la vida\u201d.<\/li>\n\n\n\n<li>El PIB mundial se ha doblado en lo que llevamos de siglo<\/li>\n\n\n\n<li>En ese mismo periodo se han doblado los universitarios<\/li>\n\n\n\n<li>La inteligencia artificial generativa contin\u00faa con sus avances asombrosos. Una de ellas ha sido batir los modelos de c\u00e1lculo num\u00e9rico del ECMWF (Centro Europeo de Previsiones Meteorol\u00f3gicas a Plazo Medio)<\/li>\n\n\n\n<li>Los f\u00e1rmacos contra el VIH han evitado 21 millones de muertes desde 1996<\/li>\n\n\n\n<li>Liberar mosquitos infectados con bacterias fren\u00f3 el dengue en tres ciudades colombianas<\/li>\n\n\n\n<li>En los \u00faltimos 15 a\u00f1os China (el ogro del cambio clim\u00e1tico) multiplic\u00f3 por tres sus renovables hasta un notable 18% de su consumo de energ\u00eda. Os animo a que mir\u00e9is donde est\u00e1n otros pa\u00edses en esa lista, igual os sorprend\u00e9is<\/li>\n\n\n\n<li>Espa\u00f1a gener\u00f3 la mitad de su electricidad con fuentes renovables<\/li>\n\n\n\n<li>El mundo ha doblado la capacidad instalada de energ\u00eda solar en cuatro a\u00f1os<\/li>\n\n\n\n<li>La capa de ozono se recuperar\u00e1 por completo<\/li>\n\n\n\n<li>La mortalidad infantil en el mundo es un 4% (0,5% en Espa\u00f1a) cuando era del 25% hace menos de 75 a\u00f1os<\/li>\n<\/ul>\n\n\n\n<p>Os recomiendo la lectura completa del art\u00edculo porque aporta la web de donde extrae los datos; imprescindible una visita detallada al Happiness Report que sustenta su afirmaci\u00f3n de que la pandemia nos ha hecho m\u00e1s altruistas.<\/p>\n\n\n\n<p>Cuando lo hay\u00e1is hecho os unir\u00e9is al coro triunfalista que hemos decretado el estado de optimismo universal general del que solo podemos ir a mejor. No quiero subestimaros porque todos somos conscientes de que hay otros indicadores que incitan al pesimismo y que habr\u00e1 que doblegar para que el a\u00f1o pr\u00f3ximo aparezcan en la estad\u00edstica de Kiko, algunos de ellos de consecuencias impredecibles.<\/p>\n\n\n\n<p>Como soy vago pero inquieto le he pedido a ChatGPT que me diese 10 razones para ser optimista y otras tantas para ser pesimista; me centro en las segundas porque las primeras ser\u00edan redundantes con las que he detallado anteriormente. Y aqu\u00ed hay tantos grados de incertidumbre que su sola lectura provoca irremisiblemente una visita al bar: nuevas pandemias, crisis clim\u00e1tica (a nivel micro \u00bfnos preocupa la sequ\u00eda en Catalu\u00f1a?), tensiones geopol\u00edticas con o sin armas nucleares, crisis humanitarias, falta de recursos (no solo litio, n\u00edquel o f\u00f3sforo sino otros m\u00e1s b\u00e1sicos como agua o superficie agr\u00edcola), la desinformaci\u00f3n o las desigualdades sociales que crean polarizaci\u00f3n (palabra del a\u00f1o 2023 seg\u00fan la RAE, \u00bfpor qu\u00e9 ser\u00e1?).<\/p>\n\n\n\n<p>Bueno, no nos alarmemos que eso es nivel macro, sobre el que tenemos menos control, pero su impacto puede ser mayor. Me he venido arriba y le he pedido a mi fuente que las coloque en una matriz riesgo \u2013 impacto potencial&#8230; \u00a1y lo ha hecho! Y tengo que admitir adem\u00e1s que con cierto sentido.<\/p>\n\n\n\n<p>Es un ejercicio interesante que no voy a reproducir porque no espero que me lean lejos, pero s\u00ed me he permitido el lujo de atornillarle con la petici\u00f3n de que descienda un nivel m\u00e1s y lo aplique a Espa\u00f1a, y aqu\u00ed el cuadro ya empieza a tener el trazo m\u00e1s fino; comenzamos por las que alientan el optimismo:<\/p>\n\n\n\n<ol class=\"wp-block-list\" type=\"1\">\n<li>Recuperaci\u00f3n econ\u00f3mica:<\/li>\n\n\n\n<li>Turismo<\/li>\n\n\n\n<li>Inversiones en energ\u00edas renovables<\/li>\n\n\n\n<li>Desarrollo tecnol\u00f3gico<\/li>\n\n\n\n<li>Vacunaci\u00f3n (recordad esto para m\u00e1s adelante)<\/li>\n\n\n\n<li>Fondos de recuperaci\u00f3n de la UE<\/li>\n\n\n\n<li>Avances en la educaci\u00f3n digital<\/li>\n\n\n\n<li>Cultura emprendedora<\/li>\n\n\n\n<li>Conciencia ambiental<\/li>\n\n\n\n<li>Infraestructura de transporte<\/li>\n<\/ol>\n\n\n\n<p>Y ahora las que m\u00e1s nos deben preocupar:<\/p>\n\n\n\n<ol class=\"wp-block-list\" type=\"1\">\n<li>Desempleo<\/li>\n\n\n\n<li>Endeudamiento p\u00fablico<\/li>\n\n\n\n<li>Sector tur\u00edstico vulnerable<\/li>\n\n\n\n<li>Desigualdades sociales<\/li>\n\n\n\n<li>Pol\u00edtica regional y separatismo<\/li>\n\n\n\n<li>Envejecimiento de la poblaci\u00f3n<\/li>\n\n\n\n<li>Debilidad del sistema financiero<\/li>\n\n\n\n<li>Impacto ambiental y cambio clim\u00e1tico<\/li>\n\n\n\n<li>Corrupci\u00f3n<\/li>\n\n\n\n<li>Inestabilidad pol\u00edtica<\/li>\n<\/ol>\n\n\n\n<p>No s\u00e9 si os pasa lo mismo que a m\u00ed, pero creo que la lista, con alg\u00fan chirrido, es bastante razonable y un marco de trabajo realista para el pa\u00eds en 2024 y siguientes. \u00bfPor qu\u00e9 he destacado la vacunaci\u00f3n cuando ya es un hecho m\u00e1s que conseguido? Porque no quiero seguir haci\u00e9ndome trampas al solitario: la \u00faltima actualizaci\u00f3n de ChatGPT3.5 es de 2022, o sea que no ha aprendido suficiente de los hechos posteriores y no es capaz de afinar en su pron\u00f3stico.<\/p>\n\n\n\n<p>Pues menos mal, porque si lo rele\u00e9is ver\u00e9is un grado de acierto grande; a ver si la IA fue capaz de prever el resultado electoral, la formaci\u00f3n del gobierno y las medidas de este, incluidas las de la vicepresidenta segunda, que nos van a dar para muchas columnas a los escribidores.<\/p>\n\n\n\n<p>M\u00e1s all\u00e1 del comentario ventajista, qued\u00e9monos con las coincidencias que aparecer\u00edan en una lista actualizada y sobre las que s\u00ed tenemos impacto como pa\u00eds y como empresarios; es ah\u00ed donde el tono optimista nos va a ayudar a generar ese c\u00edrculo virtuoso, positivo, en el que vamos a invertir, a crear empleo, a recuperar la econom\u00eda, a pelear sin bajar los brazos para que los embates de la geopol\u00edtica y la macroeconom\u00eda, que se producir\u00e1n, nos pille en el modo adecuado y dejemos las profec\u00edas que se auto cumplen para la siguiente cena de Nochebuena con tu cu\u00f1ado.<\/p>\n\n\n\n<p>Ya veo que la sangre necesaria para el riego habitual de mi cerebro ha sido sabiamente dedicada a solucionar la dispepsia por los atracones navide\u00f1os; como consecuencia, abandono otro art\u00edculo en modo ligero y sin una conclusi\u00f3n clara.<\/p>\n\n\n\n<p>Espero que te haya ayudado a reflexionar y que te unas a mi bando: yo soy de los positivos, de los optimistas, de los de vamos a ganar, de los que quieren crear una onda creciente, y de los que me curo las cornadas \u2013 que siempre llegan &#8211; &nbsp;con auto sutura y, en los casos graves, unas gotas de Betadine. Y a currar para que cuando llegue la inspiraci\u00f3n me encuentre trabajando, qu\u00e9 grande Picasso.<\/p>\n","protected":false},"excerpt":{"rendered":"<p>Hay una cu\u00f1a radiof\u00f3nica en la radio de Tarragona que repite una c\u00e9lebre frase de William James, fil\u00f3sofo y psic\u00f3logo estadounidense fallecido a principio del siglo XX, y que reza&#8230;<\/p>\n","protected":false},"author":2,"featured_media":6294,"comment_status":"closed","ping_status":"closed","sticky":false,"template":"","format":"standard","meta":{"footnotes":""},"categories":[37,39],"tags":[112,190,122,191,183],"class_list":{"0":"post-6293","1":"post","2":"type-post","3":"status-publish","4":"format-standard","5":"has-post-thumbnail","7":"category-comunicacion","8":"category-equipo","9":"tag-comunicacion","10":"tag-direccion","11":"tag-equipo","12":"tag-liderazgo","13":"tag-reclutamiento"},"yoast_head":"<!-- This site is optimized with the Yoast SEO plugin v25.6 - https:\/\/yoast.com\/wordpress\/plugins\/seo\/ -->\n<title>Sigamos siendo optimistas\u2026o no - The Skeye<\/title>\n<meta name=\"description\" content=\"Una oda al optimismo en las empresas despu\u00e9s de haber dejado atr\u00e1s temas como la pandemia y la situaci\u00f3n econ\u00f3mica actual.\" \/>\n<meta name=\"robots\" content=\"index, follow, max-snippet:-1, max-image-preview:large, max-video-preview:-1\" \/>\n<link rel=\"canonical\" href=\"https:\/\/www.theskeye.com\/ca\/sigamos-siendo-optimistaso-no\/\" \/>\n<meta property=\"og:locale\" content=\"ca_ES\" \/>\n<meta property=\"og:type\" content=\"article\" \/>\n<meta property=\"og:title\" content=\"Sigamos siendo optimistas\u2026o no - The Skeye\" \/>\n<meta property=\"og:description\" content=\"Una oda al optimismo en las empresas despu\u00e9s de haber dejado atr\u00e1s temas como la pandemia y la situaci\u00f3n econ\u00f3mica actual.\" \/>\n<meta property=\"og:url\" content=\"https:\/\/www.theskeye.com\/sigamos-siendo-optimistaso-no\/\" \/>\n<meta property=\"og:site_name\" content=\"The Skeye\" \/>\n<meta property=\"article:published_time\" content=\"2024-01-14T19:07:07+00:00\" \/>\n<meta property=\"article:modified_time\" content=\"2024-01-14T19:07:08+00:00\" \/>\n<meta property=\"og:image\" content=\"https:\/\/www.theskeye.com\/wp-content\/uploads\/2024\/01\/imagen-optimismo-post-javier-the-skeye-ene-24.jpeg\" \/>\n\t<meta property=\"og:image:width\" content=\"1024\" \/>\n\t<meta property=\"og:image:height\" content=\"649\" \/>\n\t<meta property=\"og:image:type\" content=\"image\/jpeg\" \/>\n<meta name=\"author\" content=\"The Skeye\" \/>\n<meta name=\"twitter:card\" content=\"summary_large_image\" \/>\n<meta name=\"twitter:label1\" content=\"Escrit per\" \/>\n\t<meta name=\"twitter:data1\" content=\"The Skeye\" \/>\n\t<meta name=\"twitter:label2\" content=\"Temps estimat de lectura\" \/>\n\t<meta name=\"twitter:data2\" content=\"6 minuts\" \/>\n<script type=\"application\/ld+json\" class=\"yoast-schema-graph\">{\"@context\":\"https:\/\/schema.org\",\"@graph\":[{\"@type\":\"WebPage\",\"@id\":\"https:\/\/www.theskeye.com\/sigamos-siendo-optimistaso-no\/\",\"url\":\"https:\/\/www.theskeye.com\/sigamos-siendo-optimistaso-no\/\",\"name\":\"Sigamos siendo optimistas\u2026o no - The Skeye\",\"isPartOf\":{\"@id\":\"https:\/\/www.theskeye.com\/#website\"},\"primaryImageOfPage\":{\"@id\":\"https:\/\/www.theskeye.com\/sigamos-siendo-optimistaso-no\/#primaryimage\"},\"image\":{\"@id\":\"https:\/\/www.theskeye.com\/sigamos-siendo-optimistaso-no\/#primaryimage\"},\"thumbnailUrl\":\"https:\/\/www.theskeye.com\/wp-content\/uploads\/2024\/01\/imagen-optimismo-post-javier-the-skeye-ene-24.jpeg\",\"datePublished\":\"2024-01-14T19:07:07+00:00\",\"dateModified\":\"2024-01-14T19:07:08+00:00\",\"author\":{\"@id\":\"https:\/\/www.theskeye.com\/#\/schema\/person\/d68cdf279635f30f976579cf114e8305\"},\"description\":\"Una oda al optimismo en las empresas despu\u00e9s de haber dejado atr\u00e1s temas como la pandemia y la situaci\u00f3n econ\u00f3mica actual.\",\"breadcrumb\":{\"@id\":\"https:\/\/www.theskeye.com\/sigamos-siendo-optimistaso-no\/#breadcrumb\"},\"inLanguage\":\"ca\",\"potentialAction\":[{\"@type\":\"ReadAction\",\"target\":[\"https:\/\/www.theskeye.com\/sigamos-siendo-optimistaso-no\/\"]}]},{\"@type\":\"ImageObject\",\"inLanguage\":\"ca\",\"@id\":\"https:\/\/www.theskeye.com\/sigamos-siendo-optimistaso-no\/#primaryimage\",\"url\":\"https:\/\/www.theskeye.com\/wp-content\/uploads\/2024\/01\/imagen-optimismo-post-javier-the-skeye-ene-24.jpeg\",\"contentUrl\":\"https:\/\/www.theskeye.com\/wp-content\/uploads\/2024\/01\/imagen-optimismo-post-javier-the-skeye-ene-24.jpeg\",\"width\":1024,\"height\":649},{\"@type\":\"BreadcrumbList\",\"@id\":\"https:\/\/www.theskeye.com\/sigamos-siendo-optimistaso-no\/#breadcrumb\",\"itemListElement\":[{\"@type\":\"ListItem\",\"position\":1,\"name\":\"Inicio\",\"item\":\"https:\/\/www.theskeye.com\/ca\/homepage\/\"},{\"@type\":\"ListItem\",\"position\":2,\"name\":\"Sigamos siendo optimistas\u2026o no\"}]},{\"@type\":\"WebSite\",\"@id\":\"https:\/\/www.theskeye.com\/#website\",\"url\":\"https:\/\/www.theskeye.com\/\",\"name\":\"The Skeye\",\"description\":\"Consultora boutique que ofrece servicio de alto valor a\u00f1adido vinculados a la direcci\u00f3n estrat\u00e9gica y la direcci\u00f3n de personas\",\"potentialAction\":[{\"@type\":\"SearchAction\",\"target\":{\"@type\":\"EntryPoint\",\"urlTemplate\":\"https:\/\/www.theskeye.com\/?s={search_term_string}\"},\"query-input\":{\"@type\":\"PropertyValueSpecification\",\"valueRequired\":true,\"valueName\":\"search_term_string\"}}],\"inLanguage\":\"ca\"},{\"@type\":\"Person\",\"@id\":\"https:\/\/www.theskeye.com\/#\/schema\/person\/d68cdf279635f30f976579cf114e8305\",\"name\":\"The Skeye\",\"url\":\"https:\/\/www.theskeye.com\/ca\/author\/theskeye\/\"}]}<\/script>\n<!-- \/ Yoast SEO plugin. -->","yoast_head_json":{"title":"Sigamos siendo optimistas\u2026o no - The Skeye","description":"Una oda al optimismo en las empresas despu\u00e9s de haber dejado atr\u00e1s temas como la pandemia y la situaci\u00f3n econ\u00f3mica actual.","robots":{"index":"index","follow":"follow","max-snippet":"max-snippet:-1","max-image-preview":"max-image-preview:large","max-video-preview":"max-video-preview:-1"},"canonical":"https:\/\/www.theskeye.com\/ca\/sigamos-siendo-optimistaso-no\/","og_locale":"ca_ES","og_type":"article","og_title":"Sigamos siendo optimistas\u2026o no - The Skeye","og_description":"Una oda al optimismo en las empresas despu\u00e9s de haber dejado atr\u00e1s temas como la pandemia y la situaci\u00f3n econ\u00f3mica actual.","og_url":"https:\/\/www.theskeye.com\/sigamos-siendo-optimistaso-no\/","og_site_name":"The Skeye","article_published_time":"2024-01-14T19:07:07+00:00","article_modified_time":"2024-01-14T19:07:08+00:00","og_image":[{"width":1024,"height":649,"url":"https:\/\/www.theskeye.com\/wp-content\/uploads\/2024\/01\/imagen-optimismo-post-javier-the-skeye-ene-24.jpeg","type":"image\/jpeg"}],"author":"The Skeye","twitter_card":"summary_large_image","twitter_misc":{"Escrit per":"The Skeye","Temps estimat de lectura":"6 minuts"},"schema":{"@context":"https:\/\/schema.org","@graph":[{"@type":"WebPage","@id":"https:\/\/www.theskeye.com\/sigamos-siendo-optimistaso-no\/","url":"https:\/\/www.theskeye.com\/sigamos-siendo-optimistaso-no\/","name":"Sigamos siendo optimistas\u2026o no - The Skeye","isPartOf":{"@id":"https:\/\/www.theskeye.com\/#website"},"primaryImageOfPage":{"@id":"https:\/\/www.theskeye.com\/sigamos-siendo-optimistaso-no\/#primaryimage"},"image":{"@id":"https:\/\/www.theskeye.com\/sigamos-siendo-optimistaso-no\/#primaryimage"},"thumbnailUrl":"https:\/\/www.theskeye.com\/wp-content\/uploads\/2024\/01\/imagen-optimismo-post-javier-the-skeye-ene-24.jpeg","datePublished":"2024-01-14T19:07:07+00:00","dateModified":"2024-01-14T19:07:08+00:00","author":{"@id":"https:\/\/www.theskeye.com\/#\/schema\/person\/d68cdf279635f30f976579cf114e8305"},"description":"Una oda al optimismo en las empresas despu\u00e9s de haber dejado atr\u00e1s temas como la pandemia y la situaci\u00f3n econ\u00f3mica actual.","breadcrumb":{"@id":"https:\/\/www.theskeye.com\/sigamos-siendo-optimistaso-no\/#breadcrumb"},"inLanguage":"ca","potentialAction":[{"@type":"ReadAction","target":["https:\/\/www.theskeye.com\/sigamos-siendo-optimistaso-no\/"]}]},{"@type":"ImageObject","inLanguage":"ca","@id":"https:\/\/www.theskeye.com\/sigamos-siendo-optimistaso-no\/#primaryimage","url":"https:\/\/www.theskeye.com\/wp-content\/uploads\/2024\/01\/imagen-optimismo-post-javier-the-skeye-ene-24.jpeg","contentUrl":"https:\/\/www.theskeye.com\/wp-content\/uploads\/2024\/01\/imagen-optimismo-post-javier-the-skeye-ene-24.jpeg","width":1024,"height":649},{"@type":"BreadcrumbList","@id":"https:\/\/www.theskeye.com\/sigamos-siendo-optimistaso-no\/#breadcrumb","itemListElement":[{"@type":"ListItem","position":1,"name":"Inicio","item":"https:\/\/www.theskeye.com\/ca\/homepage\/"},{"@type":"ListItem","position":2,"name":"Sigamos siendo optimistas\u2026o no"}]},{"@type":"WebSite","@id":"https:\/\/www.theskeye.com\/#website","url":"https:\/\/www.theskeye.com\/","name":"The Skeye","description":"Consultora boutique que ofrece servicio de alto valor a\u00f1adido vinculados a la direcci\u00f3n estrat\u00e9gica y la direcci\u00f3n de personas","potentialAction":[{"@type":"SearchAction","target":{"@type":"EntryPoint","urlTemplate":"https:\/\/www.theskeye.com\/?s={search_term_string}"},"query-input":{"@type":"PropertyValueSpecification","valueRequired":true,"valueName":"search_term_string"}}],"inLanguage":"ca"},{"@type":"Person","@id":"https:\/\/www.theskeye.com\/#\/schema\/person\/d68cdf279635f30f976579cf114e8305","name":"The Skeye","url":"https:\/\/www.theskeye.com\/ca\/author\/theskeye\/"}]}},"_links":{"self":[{"href":"https:\/\/www.theskeye.com\/ca\/wp-json\/wp\/v2\/posts\/6293"}],"collection":[{"href":"https:\/\/www.theskeye.com\/ca\/wp-json\/wp\/v2\/posts"}],"about":[{"href":"https:\/\/www.theskeye.com\/ca\/wp-json\/wp\/v2\/types\/post"}],"author":[{"embeddable":true,"href":"https:\/\/www.theskeye.com\/ca\/wp-json\/wp\/v2\/users\/2"}],"replies":[{"embeddable":true,"href":"https:\/\/www.theskeye.com\/ca\/wp-json\/wp\/v2\/comments?post=6293"}],"version-history":[{"count":1,"href":"https:\/\/www.theskeye.com\/ca\/wp-json\/wp\/v2\/posts\/6293\/revisions"}],"predecessor-version":[{"id":6297,"href":"https:\/\/www.theskeye.com\/ca\/wp-json\/wp\/v2\/posts\/6293\/revisions\/6297"}],"wp:featuredmedia":[{"embeddable":true,"href":"https:\/\/www.theskeye.com\/ca\/wp-json\/wp\/v2\/media\/6294"}],"wp:attachment":[{"href":"https:\/\/www.theskeye.com\/ca\/wp-json\/wp\/v2\/media?parent=6293"}],"wp:term":[{"taxonomy":"category","embeddable":true,"href":"https:\/\/www.theskeye.com\/ca\/wp-json\/wp\/v2\/categories?post=6293"},{"taxonomy":"post_tag","embeddable":true,"href":"https:\/\/www.theskeye.com\/ca\/wp-json\/wp\/v2\/tags?post=6293"}],"curies":[{"name":"wp","href":"https:\/\/api.w.org\/{rel}","templated":true}]}}