{"id":6698,"date":"2025-02-25T11:57:57","date_gmt":"2025-02-25T10:57:57","guid":{"rendered":"https:\/\/www.theskeye.com\/?p=6698"},"modified":"2025-02-25T11:59:04","modified_gmt":"2025-02-25T10:59:04","slug":"trump-2-0-impacto-en-europa-y-el-futuro-del-trabajo","status":"publish","type":"post","link":"https:\/\/www.theskeye.com\/ca\/trump-2-0-impacto-en-europa-y-el-futuro-del-trabajo\/","title":{"rendered":"Trump 2.0: Impacto en Europa y el futuro del trabajo"},"content":{"rendered":"\n<h3 class=\"wp-block-heading\">\u00bfHarto de leer sobre la vuelta de <strong>Donald Trump<\/strong> a la presidencia y el aluvi\u00f3n de \u00f3rdenes ejecutivas desde su toma de posesi\u00f3n? \u00bfTe posicionas con los catastrofistas que predicen un futuro sombr\u00edo para una Europa vulnerable, o eres de los optimistas que creen que, como antes, esta administraci\u00f3n generar\u00e1 muchos titulares y pocos cambios estructurales?<\/h3>\n\n\n\n<div style=\"height:29px\" aria-hidden=\"true\" class=\"wp-block-spacer\"><\/div>\n\n\n\n<p>Personalmente, me cuesta tomar partido. Es cierto que muchos cambios prometidos no llegaron a materializarse, pero la realidad geopol\u00edtica actual sigue bebiendo de sus decisiones y la continuidad (o disrupci\u00f3n) de su sucesor. <strong>No me uno al bando del apocalipsis, pero tampoco ignoro las tormentas que pueden avecinarse.<\/strong><\/p>\n\n\n\n<h2 class=\"wp-block-heading\"><strong>Inteligencia artificial: el nuevo campo de batalla<\/strong><\/h2>\n\n\n\n<p>No soy experto en pol\u00edtica, pero me interesa reflexionar sobre el impacto de sus medidas en la vieja Europa. Para ello, recurr\u00ed a ChatGPT en busca de claridad sobre las consecuencias de su nuevo mandato en la gesti\u00f3n de Recursos Humanos. La respuesta fue tan educada como vaga, limitada a informaci\u00f3n hasta 2023. Intent\u00e9 con DeepSeek, la IA china que sacudi\u00f3 el Dow Jones y el reinado de Nvidia, pero tampoco encontr\u00e9 respuestas satisfactorias.<\/p>\n\n\n\n<p>Este episodio refuerza la idea de que la competencia global por el liderazgo en IA es clave. <strong>Trump ya ha empezado a exigir m\u00e1s velocidad y esfuerzo en desarrollo tecnol\u00f3gico.<\/strong> Y esto nos afecta directamente: veremos avances en selecci\u00f3n de talento, formaci\u00f3n personalizada, nuevas formas de empleo y automatizaci\u00f3n en sectores creativos y comerciales. <strong>Prep\u00e1rate para una aceleraci\u00f3n que va a cambiar el mercado laboral.<\/strong><\/p>\n\n\n\n<h2 class=\"wp-block-heading\"><strong>Vuelta al proteccionismo: consecuencias econ\u00f3micas<\/strong><\/h2>\n\n\n\n<p>El &#8220;nuevo&#8221; Trump se presenta con su caracter\u00edstica actitud desafiante. Ha confirmado aranceles del 25% a M\u00e9xico y Canad\u00e1, ha lanzado amenazas contra los BRICS y ha inquietado a la UE hasta el punto de que Ursula von der Leyen ya ensaya su estrategia de conciliaci\u00f3n.<\/p>\n\n\n\n<p>Los expertos prev\u00e9n una econom\u00eda estadounidense en auge mientras Europa sufrir\u00e1 algunos vaivenes. Y ya sabemos qu\u00e9 significa eso: menos inversi\u00f3n, menor consumo y m\u00e1s desempleo. <strong>Mientras el optimismo econ\u00f3mico europeo se tambalea, indicadores clave como el PIB de Alemania y Francia han ca\u00eddo en el \u00faltimo trimestre.<\/strong> Italia, por su parte, se estanca. Como dir\u00eda el profesor Rodr\u00edguez Braun: \u00a1\u00a1Cuidadooooo!!<\/p>\n\n\n\n<h2 class=\"wp-block-heading\"><strong>Inmigraci\u00f3n: efecto domin\u00f3 en Europa<\/strong><\/h2>\n\n\n\n<p>Trump ha vuelto a hacer de la inmigraci\u00f3n su bandera pol\u00edtica, con im\u00e1genes de deportaciones que refuerzan su narrativa. Aunque expulsar a 11 millones de trabajadores es inviable, su discurso ya est\u00e1 calando en Europa. Alemania, por ejemplo, estudia alianzas con partidos de ultraderecha que buscan endurecer las pol\u00edticas migratorias. <strong>No veremos expulsiones masivas, pero s\u00ed una mayor dificultad para la entrada de inmigrantes y acceso a ayudas, lo que impactar\u00e1 en el mercado laboral.<\/strong><\/p>\n\n\n\n<p>Esta tendencia podr\u00eda corregir el modelo actual y, de paso, contentar a ciertos perfiles empresariales. Como aquel jefe de producci\u00f3n que, seg\u00fan cuentan, pidi\u00f3 candidatos con nombres f\u00e1ciles de pronunciar.<\/p>\n\n\n\n<h2 class=\"wp-block-heading\"><strong>Derechos y diversidad: un retroceso contenido<\/strong><\/h2>\n\n\n\n<p>La administraci\u00f3n estadounidense se encamina hacia un endurecimiento en temas de diversidad e inclusi\u00f3n, pero la realidad social probablemente limite su impacto. No creo que esta ola reaccionaria cruce el Atl\u00e1ntico con la misma intensidad, salvo en algunas filiales de empresas norteamericanas que busquen alinearse con la nueva pol\u00edtica. <strong>En cualquier caso, no espero ni grandes avances ni retrocesos significativos en Europa.<\/strong><\/p>\n\n\n\n<p>Por cierto, me ha resultado llamativa la presencia de los CEO de las grandes tecnol\u00f3gicas en la toma de posesi\u00f3n de Trump. Se confirma que la inversi\u00f3n realizada empieza a dar frutos, y que algunos de ellos ya buscan mansiones en Washington DC. Un recordatorio de que el poder econ\u00f3mico y pol\u00edtico van de la mano.<\/p>\n\n\n\n<h2 class=\"wp-block-heading\"><strong>Funci\u00f3n p\u00fablica: el modelo estadounidense vs. el europeo<\/strong><\/h2>\n\n\n\n<p>Elon Musk, primer ministro in pectore de facto, ha prometido reducir dr\u00e1sticamente la administraci\u00f3n p\u00fablica. Propone incentivos para que dos millones de trabajadores federales dejen sus puestos. No llegar\u00e1 a esa cifra, pero si logra la mitad, ya ser\u00e1 un cambio notable.<\/p>\n\n\n\n<p>Este enfoque contrasta con el modelo europeo de &#8220;m\u00e1s administraci\u00f3n&#8221;. Asumimos sin cuestionar que haya cada vez m\u00e1s funcionarios, que la oposici\u00f3n sea la salida laboral de muchos j\u00f3venes y que la tecnolog\u00eda no est\u00e9 mejorando la eficiencia. <strong>No se trata de despedir empleados p\u00fablicos, sino de racionalizar el sistema para hacerlo m\u00e1s eficiente.<\/strong><\/p>\n\n\n\n<h2 class=\"wp-block-heading\"><strong>Teletrabajo: el fin de una era dorada<\/strong><\/h2>\n\n\n\n<p>Desde la pandemia, el teletrabajo fue visto como la panacea. Ahora, el discurso est\u00e1 cambiando: Google, Meta y las Big Four est\u00e1n imponiendo modelos h\u00edbridos con al menos 2-3 d\u00edas en la oficina. No es una pol\u00edtica impulsada directamente por Trump, aunque Musk es uno de sus mayores detractores, como bien saben sus empleados de Twitter o SpaceX.<\/p>\n\n\n\n<p>En Europa, la tendencia seguir\u00e1 este camino. <strong>No creo que sea un obst\u00e1culo para atraer talento joven, ya que si todo el mercado se mueve en esa direcci\u00f3n, no habr\u00e1 muchas opciones.<\/strong> En Espa\u00f1a, el caso de Holaluz y sus protestas sindicales por la eliminaci\u00f3n del teletrabajo es solo un cap\u00edtulo m\u00e1s en la lucha por la rentabilidad empresarial.<\/p>\n\n\n\n<h2 class=\"wp-block-heading\"><strong>Cosas veredes, amigo Sancho<\/strong><\/h2>\n\n\n\n<p>Y para cerrar, una curiosidad: la famosa frase &#8220;Cosas veredes, amigo Sancho&#8221; que todos atribuimos al Quijote&#8230; en realidad no aparece en el libro. <strong>\u00bfSorprendido?<\/strong> Seguro que ya est\u00e1s corriendo a buscarlo en ChatGPT o DeepSeek, seg\u00fan prefieras que tu b\u00fasqueda se almacene en un servidor estadounidense o chino.<\/p>\n\n\n\n<p>Al fin y al cabo, esa era mi intenci\u00f3n desde el principio: captar tu atenci\u00f3n y hacerte reflexionar sobre el futuro que se avecina. <strong>Objetivo cumplido.<\/strong><\/p>\n","protected":false},"excerpt":{"rendered":"<p>\u00bfHarto de leer sobre la vuelta de Donald Trump a la presidencia y el aluvi\u00f3n de \u00f3rdenes ejecutivas desde su toma de posesi\u00f3n? \u00bfTe posicionas con los catastrofistas que predicen&#8230;<\/p>\n","protected":false},"author":10,"featured_media":6699,"comment_status":"closed","ping_status":"closed","sticky":false,"template":"","format":"standard","meta":{"footnotes":""},"categories":[165],"tags":[],"class_list":{"0":"post-6698","1":"post","2":"type-post","3":"status-publish","4":"format-standard","5":"has-post-thumbnail","7":"category-consultoria-estrategica-de-rrhh"},"yoast_head":"<!-- This site is optimized with the Yoast SEO plugin v25.6 - https:\/\/yoast.com\/wordpress\/plugins\/seo\/ -->\n<title>Trump 2.0: Impacto en Europa y el futuro del trabajo - The Skeye<\/title>\n<meta name=\"robots\" content=\"index, follow, max-snippet:-1, max-image-preview:large, max-video-preview:-1\" \/>\n<link rel=\"canonical\" href=\"https:\/\/www.theskeye.com\/ca\/trump-2-0-impacto-en-europa-y-el-futuro-del-trabajo\/\" \/>\n<meta property=\"og:locale\" content=\"ca_ES\" \/>\n<meta property=\"og:type\" content=\"article\" \/>\n<meta property=\"og:title\" content=\"Trump 2.0: Impacto en Europa y el futuro del trabajo - The Skeye\" \/>\n<meta property=\"og:description\" content=\"\u00bfHarto de leer sobre la vuelta de Donald Trump a la presidencia y el aluvi\u00f3n de \u00f3rdenes ejecutivas desde su toma de posesi\u00f3n? \u00bfTe posicionas con los catastrofistas que predicen...\" \/>\n<meta property=\"og:url\" content=\"https:\/\/www.theskeye.com\/trump-2-0-impacto-en-europa-y-el-futuro-del-trabajo\/\" \/>\n<meta property=\"og:site_name\" content=\"The Skeye\" \/>\n<meta property=\"article:published_time\" content=\"2025-02-25T10:57:57+00:00\" \/>\n<meta property=\"article:modified_time\" content=\"2025-02-25T10:59:04+00:00\" \/>\n<meta property=\"og:image\" content=\"https:\/\/www.theskeye.com\/wp-content\/uploads\/2025\/02\/Europa.webp\" \/>\n\t<meta property=\"og:image:width\" content=\"1280\" \/>\n\t<meta property=\"og:image:height\" content=\"853\" \/>\n\t<meta property=\"og:image:type\" content=\"image\/webp\" \/>\n<meta name=\"author\" content=\"Javier Fa\u00f1an\u00e1s\" \/>\n<meta name=\"twitter:card\" content=\"summary_large_image\" \/>\n<meta name=\"twitter:label1\" content=\"Escrit per\" \/>\n\t<meta name=\"twitter:data1\" content=\"Javier Fa\u00f1an\u00e1s\" \/>\n\t<meta name=\"twitter:label2\" content=\"Temps estimat de lectura\" \/>\n\t<meta name=\"twitter:data2\" content=\"5 minuts\" \/>\n<script type=\"application\/ld+json\" class=\"yoast-schema-graph\">{\"@context\":\"https:\/\/schema.org\",\"@graph\":[{\"@type\":\"WebPage\",\"@id\":\"https:\/\/www.theskeye.com\/trump-2-0-impacto-en-europa-y-el-futuro-del-trabajo\/\",\"url\":\"https:\/\/www.theskeye.com\/trump-2-0-impacto-en-europa-y-el-futuro-del-trabajo\/\",\"name\":\"Trump 2.0: Impacto en Europa y el futuro del trabajo - The Skeye\",\"isPartOf\":{\"@id\":\"https:\/\/www.theskeye.com\/#website\"},\"primaryImageOfPage\":{\"@id\":\"https:\/\/www.theskeye.com\/trump-2-0-impacto-en-europa-y-el-futuro-del-trabajo\/#primaryimage\"},\"image\":{\"@id\":\"https:\/\/www.theskeye.com\/trump-2-0-impacto-en-europa-y-el-futuro-del-trabajo\/#primaryimage\"},\"thumbnailUrl\":\"https:\/\/www.theskeye.com\/wp-content\/uploads\/2025\/02\/Europa.webp\",\"datePublished\":\"2025-02-25T10:57:57+00:00\",\"dateModified\":\"2025-02-25T10:59:04+00:00\",\"author\":{\"@id\":\"https:\/\/www.theskeye.com\/#\/schema\/person\/d8e226036cd8f3655e3e0dd98b3e1444\"},\"breadcrumb\":{\"@id\":\"https:\/\/www.theskeye.com\/trump-2-0-impacto-en-europa-y-el-futuro-del-trabajo\/#breadcrumb\"},\"inLanguage\":\"ca\",\"potentialAction\":[{\"@type\":\"ReadAction\",\"target\":[\"https:\/\/www.theskeye.com\/trump-2-0-impacto-en-europa-y-el-futuro-del-trabajo\/\"]}]},{\"@type\":\"ImageObject\",\"inLanguage\":\"ca\",\"@id\":\"https:\/\/www.theskeye.com\/trump-2-0-impacto-en-europa-y-el-futuro-del-trabajo\/#primaryimage\",\"url\":\"https:\/\/www.theskeye.com\/wp-content\/uploads\/2025\/02\/Europa.webp\",\"contentUrl\":\"https:\/\/www.theskeye.com\/wp-content\/uploads\/2025\/02\/Europa.webp\",\"width\":1280,\"height\":853},{\"@type\":\"BreadcrumbList\",\"@id\":\"https:\/\/www.theskeye.com\/trump-2-0-impacto-en-europa-y-el-futuro-del-trabajo\/#breadcrumb\",\"itemListElement\":[{\"@type\":\"ListItem\",\"position\":1,\"name\":\"Inicio\",\"item\":\"https:\/\/www.theskeye.com\/ca\/homepage\/\"},{\"@type\":\"ListItem\",\"position\":2,\"name\":\"Trump 2.0: Impacto en Europa y el futuro del trabajo\"}]},{\"@type\":\"WebSite\",\"@id\":\"https:\/\/www.theskeye.com\/#website\",\"url\":\"https:\/\/www.theskeye.com\/\",\"name\":\"The Skeye\",\"description\":\"Consultora boutique que ofrece servicio de alto valor a\u00f1adido vinculados a la direcci\u00f3n estrat\u00e9gica y la direcci\u00f3n de personas\",\"potentialAction\":[{\"@type\":\"SearchAction\",\"target\":{\"@type\":\"EntryPoint\",\"urlTemplate\":\"https:\/\/www.theskeye.com\/?s={search_term_string}\"},\"query-input\":{\"@type\":\"PropertyValueSpecification\",\"valueRequired\":true,\"valueName\":\"search_term_string\"}}],\"inLanguage\":\"ca\"},{\"@type\":\"Person\",\"@id\":\"https:\/\/www.theskeye.com\/#\/schema\/person\/d8e226036cd8f3655e3e0dd98b3e1444\",\"name\":\"Javier Fa\u00f1an\u00e1s\",\"description\":\"Director de proyectos y senior HRBP\",\"url\":\"https:\/\/www.theskeye.com\/ca\/author\/javier-fananas\/\"}]}<\/script>\n<!-- \/ Yoast SEO plugin. -->","yoast_head_json":{"title":"Trump 2.0: Impacto en Europa y el futuro del trabajo - The Skeye","robots":{"index":"index","follow":"follow","max-snippet":"max-snippet:-1","max-image-preview":"max-image-preview:large","max-video-preview":"max-video-preview:-1"},"canonical":"https:\/\/www.theskeye.com\/ca\/trump-2-0-impacto-en-europa-y-el-futuro-del-trabajo\/","og_locale":"ca_ES","og_type":"article","og_title":"Trump 2.0: Impacto en Europa y el futuro del trabajo - The Skeye","og_description":"\u00bfHarto de leer sobre la vuelta de Donald Trump a la presidencia y el aluvi\u00f3n de \u00f3rdenes ejecutivas desde su toma de posesi\u00f3n? \u00bfTe posicionas con los catastrofistas que predicen...","og_url":"https:\/\/www.theskeye.com\/trump-2-0-impacto-en-europa-y-el-futuro-del-trabajo\/","og_site_name":"The Skeye","article_published_time":"2025-02-25T10:57:57+00:00","article_modified_time":"2025-02-25T10:59:04+00:00","og_image":[{"width":1280,"height":853,"url":"https:\/\/www.theskeye.com\/wp-content\/uploads\/2025\/02\/Europa.webp","type":"image\/webp"}],"author":"Javier Fa\u00f1an\u00e1s","twitter_card":"summary_large_image","twitter_misc":{"Escrit per":"Javier Fa\u00f1an\u00e1s","Temps estimat de lectura":"5 minuts"},"schema":{"@context":"https:\/\/schema.org","@graph":[{"@type":"WebPage","@id":"https:\/\/www.theskeye.com\/trump-2-0-impacto-en-europa-y-el-futuro-del-trabajo\/","url":"https:\/\/www.theskeye.com\/trump-2-0-impacto-en-europa-y-el-futuro-del-trabajo\/","name":"Trump 2.0: Impacto en Europa y el futuro del trabajo - The Skeye","isPartOf":{"@id":"https:\/\/www.theskeye.com\/#website"},"primaryImageOfPage":{"@id":"https:\/\/www.theskeye.com\/trump-2-0-impacto-en-europa-y-el-futuro-del-trabajo\/#primaryimage"},"image":{"@id":"https:\/\/www.theskeye.com\/trump-2-0-impacto-en-europa-y-el-futuro-del-trabajo\/#primaryimage"},"thumbnailUrl":"https:\/\/www.theskeye.com\/wp-content\/uploads\/2025\/02\/Europa.webp","datePublished":"2025-02-25T10:57:57+00:00","dateModified":"2025-02-25T10:59:04+00:00","author":{"@id":"https:\/\/www.theskeye.com\/#\/schema\/person\/d8e226036cd8f3655e3e0dd98b3e1444"},"breadcrumb":{"@id":"https:\/\/www.theskeye.com\/trump-2-0-impacto-en-europa-y-el-futuro-del-trabajo\/#breadcrumb"},"inLanguage":"ca","potentialAction":[{"@type":"ReadAction","target":["https:\/\/www.theskeye.com\/trump-2-0-impacto-en-europa-y-el-futuro-del-trabajo\/"]}]},{"@type":"ImageObject","inLanguage":"ca","@id":"https:\/\/www.theskeye.com\/trump-2-0-impacto-en-europa-y-el-futuro-del-trabajo\/#primaryimage","url":"https:\/\/www.theskeye.com\/wp-content\/uploads\/2025\/02\/Europa.webp","contentUrl":"https:\/\/www.theskeye.com\/wp-content\/uploads\/2025\/02\/Europa.webp","width":1280,"height":853},{"@type":"BreadcrumbList","@id":"https:\/\/www.theskeye.com\/trump-2-0-impacto-en-europa-y-el-futuro-del-trabajo\/#breadcrumb","itemListElement":[{"@type":"ListItem","position":1,"name":"Inicio","item":"https:\/\/www.theskeye.com\/ca\/homepage\/"},{"@type":"ListItem","position":2,"name":"Trump 2.0: Impacto en Europa y el futuro del trabajo"}]},{"@type":"WebSite","@id":"https:\/\/www.theskeye.com\/#website","url":"https:\/\/www.theskeye.com\/","name":"The Skeye","description":"Consultora boutique que ofrece servicio de alto valor a\u00f1adido vinculados a la direcci\u00f3n estrat\u00e9gica y la direcci\u00f3n de personas","potentialAction":[{"@type":"SearchAction","target":{"@type":"EntryPoint","urlTemplate":"https:\/\/www.theskeye.com\/?s={search_term_string}"},"query-input":{"@type":"PropertyValueSpecification","valueRequired":true,"valueName":"search_term_string"}}],"inLanguage":"ca"},{"@type":"Person","@id":"https:\/\/www.theskeye.com\/#\/schema\/person\/d8e226036cd8f3655e3e0dd98b3e1444","name":"Javier Fa\u00f1an\u00e1s","description":"Director de proyectos y senior HRBP","url":"https:\/\/www.theskeye.com\/ca\/author\/javier-fananas\/"}]}},"_links":{"self":[{"href":"https:\/\/www.theskeye.com\/ca\/wp-json\/wp\/v2\/posts\/6698"}],"collection":[{"href":"https:\/\/www.theskeye.com\/ca\/wp-json\/wp\/v2\/posts"}],"about":[{"href":"https:\/\/www.theskeye.com\/ca\/wp-json\/wp\/v2\/types\/post"}],"author":[{"embeddable":true,"href":"https:\/\/www.theskeye.com\/ca\/wp-json\/wp\/v2\/users\/10"}],"replies":[{"embeddable":true,"href":"https:\/\/www.theskeye.com\/ca\/wp-json\/wp\/v2\/comments?post=6698"}],"version-history":[{"count":3,"href":"https:\/\/www.theskeye.com\/ca\/wp-json\/wp\/v2\/posts\/6698\/revisions"}],"predecessor-version":[{"id":6705,"href":"https:\/\/www.theskeye.com\/ca\/wp-json\/wp\/v2\/posts\/6698\/revisions\/6705"}],"wp:featuredmedia":[{"embeddable":true,"href":"https:\/\/www.theskeye.com\/ca\/wp-json\/wp\/v2\/media\/6699"}],"wp:attachment":[{"href":"https:\/\/www.theskeye.com\/ca\/wp-json\/wp\/v2\/media?parent=6698"}],"wp:term":[{"taxonomy":"category","embeddable":true,"href":"https:\/\/www.theskeye.com\/ca\/wp-json\/wp\/v2\/categories?post=6698"},{"taxonomy":"post_tag","embeddable":true,"href":"https:\/\/www.theskeye.com\/ca\/wp-json\/wp\/v2\/tags?post=6698"}],"curies":[{"name":"wp","href":"https:\/\/api.w.org\/{rel}","templated":true}]}}