{"id":6718,"date":"2025-03-28T10:39:44","date_gmt":"2025-03-28T09:39:44","guid":{"rendered":"https:\/\/www.theskeye.com\/?p=6718"},"modified":"2025-03-28T10:51:42","modified_gmt":"2025-03-28T09:51:42","slug":"transformacion-de-empresas-familiares","status":"publish","type":"post","link":"https:\/\/www.theskeye.com\/ca\/transformacion-de-empresas-familiares\/","title":{"rendered":"Transformaci\u00f3n de empresas familiares."},"content":{"rendered":"\n<p>Os compartimos este art\u00edculo de Oriol Amat en el Diari de Tarragona, donde analiza las claves<br>del \u00e9xito de las empresas familiares.<\/p>\n\n\n\n<p>A pesar de que representan el 89% del tejido empresarial,<strong> solo el 2% logra llegar a la cuarta generaci\u00f3n<\/strong>. \u00bfQu\u00e9 hace que algunas desaparezcan y otras resistan el paso del tiempo?<\/p>\n\n\n\n<ul class=\"wp-block-list\">\n<li>Profesionalizaci\u00f3n y gobernanza<\/li>\n\n\n\n<li>Innovaci\u00f3n y diversificaci\u00f3n<\/li>\n\n\n\n<li>Gesti\u00f3n financiera prudente<\/li>\n\n\n\n<li>Compromiso intergeneracional<\/li>\n<\/ul>\n\n\n\n<p>Desde <strong>The Skeye,<\/strong> en colaboraci\u00f3n con la<strong> Universitat Pompeu Fabra<\/strong> &#8211; Barcelona, UPF Barcelona School of Management (UPF-BSM) y la direcci\u00f3n acad\u00e9mica de <strong>Oriol Amat,<\/strong> hemos lanzado el <strong>Programa Ejecutivo de Empresa Familiar<\/strong>, para ofrecer una visi\u00f3n integral y las herramientas clave para garantizar la continuidad y el crecimiento de estas empresas en este entorno cambiante.<\/p>\n\n\n\n<p>M\u00e1s informaci\u00f3n y programa completo <a href=\"https:\/\/lnkd.in\/dbWhVhJZ\" target=\"_blank\" rel=\"noreferrer noopener\">aqu\u00ed<\/a>.<br><\/p>\n\n\n\n<p>Link al <a href=\"https:\/\/lnkd.in\/dsK8gWXH\" target=\"_blank\" rel=\"noreferrer noopener\">articulo <\/a>original<strong>.<\/strong><\/p>\n","protected":false},"excerpt":{"rendered":"<p>Os compartimos este art\u00edculo de Oriol Amat en el Diari de Tarragona, donde analiza las clavesdel \u00e9xito de las empresas familiares. A pesar de que representan el 89% del tejido&#8230;<\/p>\n","protected":false},"author":21,"featured_media":6719,"comment_status":"closed","ping_status":"closed","sticky":false,"template":"","format":"standard","meta":{"footnotes":""},"categories":[164],"tags":[],"class_list":{"0":"post-6718","1":"post","2":"type-post","3":"status-publish","4":"format-standard","5":"has-post-thumbnail","7":"category-sucesion-empresa-familiar"},"yoast_head":"<!-- This site is optimized with the Yoast SEO plugin v25.6 - https:\/\/yoast.com\/wordpress\/plugins\/seo\/ -->\n<title>Transformaci\u00f3n de empresas familiares.<\/title>\n<meta name=\"robots\" content=\"index, follow, max-snippet:-1, max-image-preview:large, max-video-preview:-1\" \/>\n<link rel=\"canonical\" href=\"https:\/\/www.theskeye.com\/ca\/transformacion-de-empresas-familiares\/\" \/>\n<meta property=\"og:locale\" content=\"ca_ES\" \/>\n<meta property=\"og:type\" content=\"article\" \/>\n<meta property=\"og:title\" content=\"Transformaci\u00f3n de empresas familiares.\" \/>\n<meta property=\"og:description\" content=\"Os compartimos este art\u00edculo de Oriol Amat en el Diari de Tarragona, donde analiza las clavesdel \u00e9xito de las empresas familiares. A pesar de que representan el 89% del tejido...\" \/>\n<meta property=\"og:url\" content=\"https:\/\/www.theskeye.com\/transformacion-de-empresas-familiares\/\" \/>\n<meta property=\"og:site_name\" content=\"The Skeye\" \/>\n<meta property=\"article:published_time\" content=\"2025-03-28T09:39:44+00:00\" \/>\n<meta property=\"article:modified_time\" content=\"2025-03-28T09:51:42+00:00\" \/>\n<meta property=\"og:image\" content=\"https:\/\/www.theskeye.com\/wp-content\/uploads\/2025\/03\/Empresa-familiar.jpg\" \/>\n\t<meta property=\"og:image:width\" content=\"1280\" \/>\n\t<meta property=\"og:image:height\" content=\"960\" \/>\n\t<meta property=\"og:image:type\" content=\"image\/jpeg\" \/>\n<meta name=\"author\" content=\"The Skeye\" \/>\n<meta name=\"twitter:card\" content=\"summary_large_image\" \/>\n<meta name=\"twitter:label1\" content=\"Escrit per\" \/>\n\t<meta name=\"twitter:data1\" content=\"The Skeye\" \/>\n\t<meta name=\"twitter:label2\" content=\"Temps estimat de lectura\" \/>\n\t<meta name=\"twitter:data2\" content=\"1 minut\" \/>\n<script type=\"application\/ld+json\" class=\"yoast-schema-graph\">{\"@context\":\"https:\/\/schema.org\",\"@graph\":[{\"@type\":\"WebPage\",\"@id\":\"https:\/\/www.theskeye.com\/transformacion-de-empresas-familiares\/\",\"url\":\"https:\/\/www.theskeye.com\/transformacion-de-empresas-familiares\/\",\"name\":\"Transformaci\u00f3n de empresas familiares.\",\"isPartOf\":{\"@id\":\"https:\/\/www.theskeye.com\/#website\"},\"primaryImageOfPage\":{\"@id\":\"https:\/\/www.theskeye.com\/transformacion-de-empresas-familiares\/#primaryimage\"},\"image\":{\"@id\":\"https:\/\/www.theskeye.com\/transformacion-de-empresas-familiares\/#primaryimage\"},\"thumbnailUrl\":\"https:\/\/www.theskeye.com\/wp-content\/uploads\/2025\/03\/Empresa-familiar.jpg\",\"datePublished\":\"2025-03-28T09:39:44+00:00\",\"dateModified\":\"2025-03-28T09:51:42+00:00\",\"author\":{\"@id\":\"https:\/\/www.theskeye.com\/#\/schema\/person\/491106bee413489188a626124d3a6ba9\"},\"breadcrumb\":{\"@id\":\"https:\/\/www.theskeye.com\/transformacion-de-empresas-familiares\/#breadcrumb\"},\"inLanguage\":\"ca\",\"potentialAction\":[{\"@type\":\"ReadAction\",\"target\":[\"https:\/\/www.theskeye.com\/transformacion-de-empresas-familiares\/\"]}]},{\"@type\":\"ImageObject\",\"inLanguage\":\"ca\",\"@id\":\"https:\/\/www.theskeye.com\/transformacion-de-empresas-familiares\/#primaryimage\",\"url\":\"https:\/\/www.theskeye.com\/wp-content\/uploads\/2025\/03\/Empresa-familiar.jpg\",\"contentUrl\":\"https:\/\/www.theskeye.com\/wp-content\/uploads\/2025\/03\/Empresa-familiar.jpg\",\"width\":1280,\"height\":960},{\"@type\":\"BreadcrumbList\",\"@id\":\"https:\/\/www.theskeye.com\/transformacion-de-empresas-familiares\/#breadcrumb\",\"itemListElement\":[{\"@type\":\"ListItem\",\"position\":1,\"name\":\"Inicio\",\"item\":\"https:\/\/www.theskeye.com\/ca\/homepage\/\"},{\"@type\":\"ListItem\",\"position\":2,\"name\":\"Transformaci\u00f3n de empresas familiares.\"}]},{\"@type\":\"WebSite\",\"@id\":\"https:\/\/www.theskeye.com\/#website\",\"url\":\"https:\/\/www.theskeye.com\/\",\"name\":\"The Skeye\",\"description\":\"Consultora boutique que ofrece servicio de alto valor a\u00f1adido vinculados a la direcci\u00f3n estrat\u00e9gica y la direcci\u00f3n de personas\",\"potentialAction\":[{\"@type\":\"SearchAction\",\"target\":{\"@type\":\"EntryPoint\",\"urlTemplate\":\"https:\/\/www.theskeye.com\/?s={search_term_string}\"},\"query-input\":{\"@type\":\"PropertyValueSpecification\",\"valueRequired\":true,\"valueName\":\"search_term_string\"}}],\"inLanguage\":\"ca\"},{\"@type\":\"Person\",\"@id\":\"https:\/\/www.theskeye.com\/#\/schema\/person\/491106bee413489188a626124d3a6ba9\",\"name\":\"The Skeye\",\"url\":\"https:\/\/www.theskeye.com\/ca\/author\/theskeyeuser\/\"}]}<\/script>\n<!-- \/ Yoast SEO plugin. -->","yoast_head_json":{"title":"Transformaci\u00f3n de empresas familiares.","robots":{"index":"index","follow":"follow","max-snippet":"max-snippet:-1","max-image-preview":"max-image-preview:large","max-video-preview":"max-video-preview:-1"},"canonical":"https:\/\/www.theskeye.com\/ca\/transformacion-de-empresas-familiares\/","og_locale":"ca_ES","og_type":"article","og_title":"Transformaci\u00f3n de empresas familiares.","og_description":"Os compartimos este art\u00edculo de Oriol Amat en el Diari de Tarragona, donde analiza las clavesdel \u00e9xito de las empresas familiares. A pesar de que representan el 89% del tejido...","og_url":"https:\/\/www.theskeye.com\/transformacion-de-empresas-familiares\/","og_site_name":"The Skeye","article_published_time":"2025-03-28T09:39:44+00:00","article_modified_time":"2025-03-28T09:51:42+00:00","og_image":[{"width":1280,"height":960,"url":"https:\/\/www.theskeye.com\/wp-content\/uploads\/2025\/03\/Empresa-familiar.jpg","type":"image\/jpeg"}],"author":"The Skeye","twitter_card":"summary_large_image","twitter_misc":{"Escrit per":"The Skeye","Temps estimat de lectura":"1 minut"},"schema":{"@context":"https:\/\/schema.org","@graph":[{"@type":"WebPage","@id":"https:\/\/www.theskeye.com\/transformacion-de-empresas-familiares\/","url":"https:\/\/www.theskeye.com\/transformacion-de-empresas-familiares\/","name":"Transformaci\u00f3n de empresas familiares.","isPartOf":{"@id":"https:\/\/www.theskeye.com\/#website"},"primaryImageOfPage":{"@id":"https:\/\/www.theskeye.com\/transformacion-de-empresas-familiares\/#primaryimage"},"image":{"@id":"https:\/\/www.theskeye.com\/transformacion-de-empresas-familiares\/#primaryimage"},"thumbnailUrl":"https:\/\/www.theskeye.com\/wp-content\/uploads\/2025\/03\/Empresa-familiar.jpg","datePublished":"2025-03-28T09:39:44+00:00","dateModified":"2025-03-28T09:51:42+00:00","author":{"@id":"https:\/\/www.theskeye.com\/#\/schema\/person\/491106bee413489188a626124d3a6ba9"},"breadcrumb":{"@id":"https:\/\/www.theskeye.com\/transformacion-de-empresas-familiares\/#breadcrumb"},"inLanguage":"ca","potentialAction":[{"@type":"ReadAction","target":["https:\/\/www.theskeye.com\/transformacion-de-empresas-familiares\/"]}]},{"@type":"ImageObject","inLanguage":"ca","@id":"https:\/\/www.theskeye.com\/transformacion-de-empresas-familiares\/#primaryimage","url":"https:\/\/www.theskeye.com\/wp-content\/uploads\/2025\/03\/Empresa-familiar.jpg","contentUrl":"https:\/\/www.theskeye.com\/wp-content\/uploads\/2025\/03\/Empresa-familiar.jpg","width":1280,"height":960},{"@type":"BreadcrumbList","@id":"https:\/\/www.theskeye.com\/transformacion-de-empresas-familiares\/#breadcrumb","itemListElement":[{"@type":"ListItem","position":1,"name":"Inicio","item":"https:\/\/www.theskeye.com\/ca\/homepage\/"},{"@type":"ListItem","position":2,"name":"Transformaci\u00f3n de empresas familiares."}]},{"@type":"WebSite","@id":"https:\/\/www.theskeye.com\/#website","url":"https:\/\/www.theskeye.com\/","name":"The Skeye","description":"Consultora boutique que ofrece servicio de alto valor a\u00f1adido vinculados a la direcci\u00f3n estrat\u00e9gica y la direcci\u00f3n de personas","potentialAction":[{"@type":"SearchAction","target":{"@type":"EntryPoint","urlTemplate":"https:\/\/www.theskeye.com\/?s={search_term_string}"},"query-input":{"@type":"PropertyValueSpecification","valueRequired":true,"valueName":"search_term_string"}}],"inLanguage":"ca"},{"@type":"Person","@id":"https:\/\/www.theskeye.com\/#\/schema\/person\/491106bee413489188a626124d3a6ba9","name":"The Skeye","url":"https:\/\/www.theskeye.com\/ca\/author\/theskeyeuser\/"}]}},"_links":{"self":[{"href":"https:\/\/www.theskeye.com\/ca\/wp-json\/wp\/v2\/posts\/6718"}],"collection":[{"href":"https:\/\/www.theskeye.com\/ca\/wp-json\/wp\/v2\/posts"}],"about":[{"href":"https:\/\/www.theskeye.com\/ca\/wp-json\/wp\/v2\/types\/post"}],"author":[{"embeddable":true,"href":"https:\/\/www.theskeye.com\/ca\/wp-json\/wp\/v2\/users\/21"}],"replies":[{"embeddable":true,"href":"https:\/\/www.theskeye.com\/ca\/wp-json\/wp\/v2\/comments?post=6718"}],"version-history":[{"count":2,"href":"https:\/\/www.theskeye.com\/ca\/wp-json\/wp\/v2\/posts\/6718\/revisions"}],"predecessor-version":[{"id":6723,"href":"https:\/\/www.theskeye.com\/ca\/wp-json\/wp\/v2\/posts\/6718\/revisions\/6723"}],"wp:featuredmedia":[{"embeddable":true,"href":"https:\/\/www.theskeye.com\/ca\/wp-json\/wp\/v2\/media\/6719"}],"wp:attachment":[{"href":"https:\/\/www.theskeye.com\/ca\/wp-json\/wp\/v2\/media?parent=6718"}],"wp:term":[{"taxonomy":"category","embeddable":true,"href":"https:\/\/www.theskeye.com\/ca\/wp-json\/wp\/v2\/categories?post=6718"},{"taxonomy":"post_tag","embeddable":true,"href":"https:\/\/www.theskeye.com\/ca\/wp-json\/wp\/v2\/tags?post=6718"}],"curies":[{"name":"wp","href":"https:\/\/api.w.org\/{rel}","templated":true}]}}