{"id":6760,"date":"2025-06-13T11:44:11","date_gmt":"2025-06-13T10:44:11","guid":{"rendered":"https:\/\/www.theskeye.com\/?p=6760"},"modified":"2025-06-13T11:45:40","modified_gmt":"2025-06-13T10:45:40","slug":"y-cual-es-vuestra-posicion-en-lo-de-palestina","status":"publish","type":"post","link":"https:\/\/www.theskeye.com\/ca\/y-cual-es-vuestra-posicion-en-lo-de-palestina\/","title":{"rendered":"\u00bfY cu\u00e1l es vuestra posici\u00f3n en lo de Palestina?"},"content":{"rendered":"\n<p><strong>[Candidato] <\/strong>Me llamo Gerard, soy ingeniero de software y tengo 26 a\u00f1os por lo que<br>todos se empe\u00f1an en colocarme en la generaci\u00f3n Z. No digo que no sea un Z porque<br>comulgo con muchos de sus postulados, pero me niego a que me encasillen en un<br>grupo est\u00e1ndar en el que todos nos movemos por lo mismo: yo tengo mi identidad,<br>mis gustos y mis objetivos, y busco una empresa en que respeten mis peculiaridades<br>durante el tiempo que sea, que depender\u00e1 de lo a gusto que est\u00e9 en la empresa y de<br>c\u00f3mo evolucione mi proyecto vital. Me he postulado para un trabajo en una empresa<br>grande, un curro chulo, porque me estoy aburriendo ahora. Supongo que pagar\u00e1n<br>bien pero me da un poco de pereza empezar todo este proceso de selecci\u00f3n otra vez;<br>lo hice hace diez meses, y los diez d\u00edas se me hicieron eternos.<\/p>\n\n\n\n<p><strong>[Reclutador Empresa Grande] <\/strong>Me llamo \u00cd\u00f1igo, soy el experto en Atracci\u00f3n de<br>Talento de la Empresa Grande y tengo m\u00e1s de veinte a\u00f1os de experiencia en el<br>campo; me aburre toda esa discusi\u00f3n cuasi teol\u00f3gica sobre las generaciones, solo<br>me interesa atraer a esos talentos j\u00f3venes (en 5 a\u00f1os el 30% de la masa laboral<br>ser\u00e1n Z\u2019s), fichar a los mejores aun sabiendo que la rotaci\u00f3n con algunos de ellos es<br>alta, bestial dice mi amado jefe mientras me taladra con esa mirada que te hace sentir<br>culpable hasta de la muerte de Manolete. Ahora mismo estoy buscando un ingeniero<br>de software, un desarrollador Full Stack (\u00bfqu\u00e9 ser\u00e1?), con conocimientos de Java y<br>Angular, y experiencia en Spring y bases de datos relacionales, y APIs RESTful. Me<br>ha llegado el CV de un tal Gerard, prometedor, pero tengo mis reservas porque me<br>est\u00e1 colando alguna mentirijilla: \u00bfc\u00f3mo puede saber tanto de todo eso con la edad<br>que tiene? \u00bfY por qu\u00e9 se va a cambiar en menos de un a\u00f1o? Me da igual, el caso es<br>que venga si es bueno.<\/p>\n\n\n\n<p><strong>[Candidato]<\/strong> Me han contactado de la Empresa Grande. El inicio no es muy<br>prometedor: han tardado dos d\u00edas, o sea que cuatro o cinco empresas a las que<br>tambi\u00e9n me postul\u00e9 les han adelantado por la derecha. Me ha llamado un tal \u00cd\u00f1igo<br>intentando hacerse el colega cuando en realidad debe ser un cincuent\u00f3n barrigudo y<br>conservador. Hemos tenido las primeras diferencias cuando le he dicho que el<br>cuestionario de aplicaci\u00f3n no es user friend, interminable, una p\u00e9rdida de tiempo.<br>Ahora me pide las certificaciones del GPA: pues lo tiene claro, que lo calcule \u00e9l o que<br>me olvide. Y me ha soltado un rollo tremendo sobre valores, cultura, desarrollo y no<br>s\u00e9 qu\u00e9 m\u00e1s; menos mal que ten\u00eda el m\u00f3vil y he jugado una partidilla de LoL mientras.<br>\u00a1Qu\u00e9 pereza me da todo esto!<\/p>\n\n\n\n<p><strong>[Reclutador] <\/strong>He contactado con el candidato Gerard. Yo creo que ha ido muy bien,<br>dir\u00eda que hemos conectado y que le he sabido transmitir los valores de la empresa, el<br>potencial de crecimiento de la compa\u00f1\u00eda y sus posibilidades de desarrollo; ha estado<br>muy interesado, no muy comunicativo pero ya sabemos como son estos freakies.<br>Intentamos hacer procesos de selecci\u00f3n m\u00e1s r\u00e1pidos y menos profundos de los que<br>hac\u00edamos antes; ahora todo es bastante superficial, una moneda lanzada al aire en<br>algunos casos. Y muchos candidatos no ayudan: me ha dicho que calcule yo el GPA,<br>que \u00e9l no tiene las notas de la carrera, y que no va a hacer pruebas t\u00e9cnicas porque<br>podemos encontrar en GitHub los c\u00f3digos que ha escrito y que con eso podemos<br>evaluar la calidad de sus desarrollos. Tengo dos problemas: entender qu\u00e9 es eso de<br>GitHub y conseguir que haga las pruebas y un panel de entrevistas; la jefa de Talent<br>Attraction de Europa me ha dicho que los candidatos bajan la valoraci\u00f3n de la<br>empresa si tienen que hacer m\u00e1s de dos entrevistas, pero yo tengo que satisfacer a<br>algunos clientes internos y evaluar lo que sabe Gerard si se niega a hacer las<br>pruebas. Puedo saltarme lo del GPA pero dudo que pueda obviar esta parte.<\/p>\n\n\n\n<p><br><strong>[Candidato] <\/strong>\u00a1Pero que plasta que es el tal \u00cd\u00f1igo! Entiendo que es su trabajo y lo<br>respeto, pero tiene que darse cuenta de que no puede obligarme a hacer un test de<br>conocimientos y pasar \u00a1cuatro! entrevistas, y encima quiere que las dos \u00faltimas sean<br>presenciales. Le he pedido que las compacte, y que lo de visitar el sitio est\u00e1 bien,<br>pero que no se flipen porque a m\u00ed no me ver\u00e1n mucho el pelo por all\u00ed: yo voy a<br>trabajar en remoto, ya se pueden ir olvidando de ese rollo de 3 d\u00edas presenciales y 2<br>de teletrabajo. No me molan las entrevistas pero me he maqueado un poco con mi<br>hoodie de Nude Project y arreglado la barba; creo que no les ha gustado. Sin<br>embargo, a m\u00ed me ha gustado la empresa: veo potencial para desarrollar proyectos<br>interesantes y parece que el de IT sabe, lo cual no le exime de ser un capullo que<br>quiere obligarme a ir tres d\u00edas por semana con los rollos del equipo, etc. Lo tiene<br>claro.<\/p>\n\n\n\n<p><strong>[Reclutador]<\/strong> Por un momento he cre\u00eddo que se iba todo al traste. La verdad es que<br>el candidato Gerard es peculiar, como todos; a ver c\u00f3mo lo encajamos. Cuando nos<br>hemos conectado estaba en una especie de zulo, con una sudadera (menos mal que<br>no llevaba la capucha puesta) y mal afeitado; he pensado que nuestro director de IT<br>se iba a levantar, pero luego han comenzado a hablar de temas t\u00e9cnicos y he visto<br>buenas vibraciones entre ambos, tengo esperanzas. A ver c\u00f3mo los convenzo de<br>darle m\u00e1s flexibilidad porque vive a 120 km de aqu\u00ed y no se va a mudar; adem\u00e1s creo<br>que ya hemos hecho alguna excepci\u00f3n con otros, habr\u00e1 que encontrar un punto<br>medio. Tampoco le ha gustado el horario: \u00e9l vive en una granja y sus animales tienen<br>unos h\u00e1bitos que hay que respetar, lo cual implica que trabajar\u00e1 a horas poco<br>habituales; esto choca otra vez con las normas del Jefe Supremo, profeta del<br>presencialismo, pero seguro que podemos llegar a un arreglo para que una parte de<br>la jornada semanal coincida con la de compa\u00f1eros y clientes. Gerard dice que \u00e9l<br>trabaja y da resultados de calidad, independientemente de la cantidad de horas.<br><br>[<strong>Reclutador]<\/strong> Hay que reconocer que Gerard tiene bemoles. Ha venido con la misma<br>sudadera de la reuni\u00f3n de Teams, y unos pantalones que cabe un ni\u00f1o de siete a\u00f1os<br>en cada pernera, pero con una actitud positiva, majo chico, creo que caer\u00e1 bien.<br>Incluso sab\u00eda que hemos comprobado su huella digital y lo ve normal. Sabe que<br>vamos a hacer esfuerzos en la flexibilidad y el horario, y creo que lo valora<br>positivamente, lo he visto bastante proclive incluso antes de hablarle de condiciones<br>econ\u00f3micas y beneficios; no hemos podido dedicarle tiempo de calidad a ese tema<br>porque ha comenzado a desgranar preguntas como una metralleta, y algunas nos<br>han cogido a contrapi\u00e9: \u00bfC\u00f3mo alineamos nuestros objetivos con los de la agenda de<br>sostenibilidad de la Uni\u00f3n Europea? \u00bfCu\u00e1nto hemos gastado en diversidad en el<br>\u00faltimo a\u00f1o? \u00bfPor qu\u00e9 no dimos permiso a los empleados para ir a colaborar en la<br>cat\u00e1strofe de Valencia? \u00bfC\u00f3mo nos aseguramos de que su software o el de sus<br>compa\u00f1eros no va a ser utilizado por empresas que sirvan al estado sionista que est\u00e1<br>cometiendo un genocidio en Palestina? Ahora no sabemos c\u00f3mo seguir: el candidato<br>es bueno, y probablemente llegar\u00edamos a una soluci\u00f3n con la flexibilidad, pero la<br>actitud tan dogm\u00e1tica en los otros temas nos hace dudar; yo creo que tiene que ver<br>con la autoafirmaci\u00f3n y forma parte de la evoluci\u00f3n de la sociedad en la direcci\u00f3n<br>correcta, pero mis directores lo ven como un caballo de Troya. Creo que no hay para<br>tanto.<\/p>\n\n\n\n<p>Querido lector, <strong>\u00bfqu\u00e9 har\u00edas t\u00fa? \u00bfLe ofertar\u00edas? \u00bfAceptar\u00eda \u00e9l? <\/strong>Especulativo,<br>dir\u00edan en los juicios. Pero estar\u00e1s de acuerdo conmigo en que estamos virando r\u00e1pido<br>a una realidad en que no todos estamos c\u00f3modos. Y asume tambi\u00e9n que vais a<br>cambiar dogmas escritos en piedra. Necesitas a Gerard.<\/p>\n","protected":false},"excerpt":{"rendered":"<p>[Candidato] Me llamo Gerard, soy ingeniero de software y tengo 26 a\u00f1os por lo quetodos se empe\u00f1an en colocarme en la generaci\u00f3n Z. No digo que no sea un Z&#8230;<\/p>\n","protected":false},"author":10,"featured_media":6761,"comment_status":"closed","ping_status":"closed","sticky":false,"template":"","format":"standard","meta":{"footnotes":""},"categories":[165],"tags":[],"class_list":{"0":"post-6760","1":"post","2":"type-post","3":"status-publish","4":"format-standard","5":"has-post-thumbnail","7":"category-consultoria-estrategica-de-rrhh"},"yoast_head":"<!-- This site is optimized with the Yoast SEO plugin v25.6 - https:\/\/yoast.com\/wordpress\/plugins\/seo\/ -->\n<title>\u00bfY cu\u00e1l es vuestra posici\u00f3n en lo de Palestina? - The Skeye<\/title>\n<meta name=\"robots\" content=\"index, follow, max-snippet:-1, max-image-preview:large, max-video-preview:-1\" \/>\n<link rel=\"canonical\" href=\"https:\/\/www.theskeye.com\/ca\/y-cual-es-vuestra-posicion-en-lo-de-palestina\/\" \/>\n<meta property=\"og:locale\" content=\"ca_ES\" \/>\n<meta property=\"og:type\" content=\"article\" \/>\n<meta property=\"og:title\" content=\"\u00bfY cu\u00e1l es vuestra posici\u00f3n en lo de Palestina? - The Skeye\" \/>\n<meta property=\"og:description\" content=\"[Candidato] Me llamo Gerard, soy ingeniero de software y tengo 26 a\u00f1os por lo quetodos se empe\u00f1an en colocarme en la generaci\u00f3n Z. No digo que no sea un Z...\" \/>\n<meta property=\"og:url\" content=\"https:\/\/www.theskeye.com\/y-cual-es-vuestra-posicion-en-lo-de-palestina\/\" \/>\n<meta property=\"og:site_name\" content=\"The Skeye\" \/>\n<meta property=\"article:published_time\" content=\"2025-06-13T10:44:11+00:00\" \/>\n<meta property=\"article:modified_time\" content=\"2025-06-13T10:45:40+00:00\" \/>\n<meta property=\"og:image\" content=\"https:\/\/www.theskeye.com\/wp-content\/uploads\/2025\/06\/Entrevista-scaled.jpg\" \/>\n\t<meta property=\"og:image:width\" content=\"2560\" \/>\n\t<meta property=\"og:image:height\" content=\"1704\" \/>\n\t<meta property=\"og:image:type\" content=\"image\/jpeg\" \/>\n<meta name=\"author\" content=\"Javier Fa\u00f1an\u00e1s\" \/>\n<meta name=\"twitter:card\" content=\"summary_large_image\" \/>\n<meta name=\"twitter:label1\" content=\"Escrit per\" \/>\n\t<meta name=\"twitter:data1\" content=\"Javier Fa\u00f1an\u00e1s\" \/>\n\t<meta name=\"twitter:label2\" content=\"Temps estimat de lectura\" \/>\n\t<meta name=\"twitter:data2\" content=\"7 minuts\" \/>\n<script type=\"application\/ld+json\" class=\"yoast-schema-graph\">{\"@context\":\"https:\/\/schema.org\",\"@graph\":[{\"@type\":\"WebPage\",\"@id\":\"https:\/\/www.theskeye.com\/y-cual-es-vuestra-posicion-en-lo-de-palestina\/\",\"url\":\"https:\/\/www.theskeye.com\/y-cual-es-vuestra-posicion-en-lo-de-palestina\/\",\"name\":\"\u00bfY cu\u00e1l es vuestra posici\u00f3n en lo de Palestina? - The Skeye\",\"isPartOf\":{\"@id\":\"https:\/\/www.theskeye.com\/#website\"},\"primaryImageOfPage\":{\"@id\":\"https:\/\/www.theskeye.com\/y-cual-es-vuestra-posicion-en-lo-de-palestina\/#primaryimage\"},\"image\":{\"@id\":\"https:\/\/www.theskeye.com\/y-cual-es-vuestra-posicion-en-lo-de-palestina\/#primaryimage\"},\"thumbnailUrl\":\"https:\/\/www.theskeye.com\/wp-content\/uploads\/2025\/06\/Entrevista-scaled.jpg\",\"datePublished\":\"2025-06-13T10:44:11+00:00\",\"dateModified\":\"2025-06-13T10:45:40+00:00\",\"author\":{\"@id\":\"https:\/\/www.theskeye.com\/#\/schema\/person\/d8e226036cd8f3655e3e0dd98b3e1444\"},\"breadcrumb\":{\"@id\":\"https:\/\/www.theskeye.com\/y-cual-es-vuestra-posicion-en-lo-de-palestina\/#breadcrumb\"},\"inLanguage\":\"ca\",\"potentialAction\":[{\"@type\":\"ReadAction\",\"target\":[\"https:\/\/www.theskeye.com\/y-cual-es-vuestra-posicion-en-lo-de-palestina\/\"]}]},{\"@type\":\"ImageObject\",\"inLanguage\":\"ca\",\"@id\":\"https:\/\/www.theskeye.com\/y-cual-es-vuestra-posicion-en-lo-de-palestina\/#primaryimage\",\"url\":\"https:\/\/www.theskeye.com\/wp-content\/uploads\/2025\/06\/Entrevista-scaled.jpg\",\"contentUrl\":\"https:\/\/www.theskeye.com\/wp-content\/uploads\/2025\/06\/Entrevista-scaled.jpg\",\"width\":2560,\"height\":1704},{\"@type\":\"BreadcrumbList\",\"@id\":\"https:\/\/www.theskeye.com\/y-cual-es-vuestra-posicion-en-lo-de-palestina\/#breadcrumb\",\"itemListElement\":[{\"@type\":\"ListItem\",\"position\":1,\"name\":\"Inicio\",\"item\":\"https:\/\/www.theskeye.com\/ca\/homepage\/\"},{\"@type\":\"ListItem\",\"position\":2,\"name\":\"\u00bfY cu\u00e1l es vuestra posici\u00f3n en lo de Palestina?\"}]},{\"@type\":\"WebSite\",\"@id\":\"https:\/\/www.theskeye.com\/#website\",\"url\":\"https:\/\/www.theskeye.com\/\",\"name\":\"The Skeye\",\"description\":\"Consultora boutique que ofrece servicio de alto valor a\u00f1adido vinculados a la direcci\u00f3n estrat\u00e9gica y la direcci\u00f3n de personas\",\"potentialAction\":[{\"@type\":\"SearchAction\",\"target\":{\"@type\":\"EntryPoint\",\"urlTemplate\":\"https:\/\/www.theskeye.com\/?s={search_term_string}\"},\"query-input\":{\"@type\":\"PropertyValueSpecification\",\"valueRequired\":true,\"valueName\":\"search_term_string\"}}],\"inLanguage\":\"ca\"},{\"@type\":\"Person\",\"@id\":\"https:\/\/www.theskeye.com\/#\/schema\/person\/d8e226036cd8f3655e3e0dd98b3e1444\",\"name\":\"Javier Fa\u00f1an\u00e1s\",\"description\":\"Director de proyectos y senior HRBP\",\"url\":\"https:\/\/www.theskeye.com\/ca\/author\/javier-fananas\/\"}]}<\/script>\n<!-- \/ Yoast SEO plugin. -->","yoast_head_json":{"title":"\u00bfY cu\u00e1l es vuestra posici\u00f3n en lo de Palestina? - The Skeye","robots":{"index":"index","follow":"follow","max-snippet":"max-snippet:-1","max-image-preview":"max-image-preview:large","max-video-preview":"max-video-preview:-1"},"canonical":"https:\/\/www.theskeye.com\/ca\/y-cual-es-vuestra-posicion-en-lo-de-palestina\/","og_locale":"ca_ES","og_type":"article","og_title":"\u00bfY cu\u00e1l es vuestra posici\u00f3n en lo de Palestina? - The Skeye","og_description":"[Candidato] Me llamo Gerard, soy ingeniero de software y tengo 26 a\u00f1os por lo quetodos se empe\u00f1an en colocarme en la generaci\u00f3n Z. No digo que no sea un Z...","og_url":"https:\/\/www.theskeye.com\/y-cual-es-vuestra-posicion-en-lo-de-palestina\/","og_site_name":"The Skeye","article_published_time":"2025-06-13T10:44:11+00:00","article_modified_time":"2025-06-13T10:45:40+00:00","og_image":[{"width":2560,"height":1704,"url":"https:\/\/www.theskeye.com\/wp-content\/uploads\/2025\/06\/Entrevista-scaled.jpg","type":"image\/jpeg"}],"author":"Javier Fa\u00f1an\u00e1s","twitter_card":"summary_large_image","twitter_misc":{"Escrit per":"Javier Fa\u00f1an\u00e1s","Temps estimat de lectura":"7 minuts"},"schema":{"@context":"https:\/\/schema.org","@graph":[{"@type":"WebPage","@id":"https:\/\/www.theskeye.com\/y-cual-es-vuestra-posicion-en-lo-de-palestina\/","url":"https:\/\/www.theskeye.com\/y-cual-es-vuestra-posicion-en-lo-de-palestina\/","name":"\u00bfY cu\u00e1l es vuestra posici\u00f3n en lo de Palestina? - The Skeye","isPartOf":{"@id":"https:\/\/www.theskeye.com\/#website"},"primaryImageOfPage":{"@id":"https:\/\/www.theskeye.com\/y-cual-es-vuestra-posicion-en-lo-de-palestina\/#primaryimage"},"image":{"@id":"https:\/\/www.theskeye.com\/y-cual-es-vuestra-posicion-en-lo-de-palestina\/#primaryimage"},"thumbnailUrl":"https:\/\/www.theskeye.com\/wp-content\/uploads\/2025\/06\/Entrevista-scaled.jpg","datePublished":"2025-06-13T10:44:11+00:00","dateModified":"2025-06-13T10:45:40+00:00","author":{"@id":"https:\/\/www.theskeye.com\/#\/schema\/person\/d8e226036cd8f3655e3e0dd98b3e1444"},"breadcrumb":{"@id":"https:\/\/www.theskeye.com\/y-cual-es-vuestra-posicion-en-lo-de-palestina\/#breadcrumb"},"inLanguage":"ca","potentialAction":[{"@type":"ReadAction","target":["https:\/\/www.theskeye.com\/y-cual-es-vuestra-posicion-en-lo-de-palestina\/"]}]},{"@type":"ImageObject","inLanguage":"ca","@id":"https:\/\/www.theskeye.com\/y-cual-es-vuestra-posicion-en-lo-de-palestina\/#primaryimage","url":"https:\/\/www.theskeye.com\/wp-content\/uploads\/2025\/06\/Entrevista-scaled.jpg","contentUrl":"https:\/\/www.theskeye.com\/wp-content\/uploads\/2025\/06\/Entrevista-scaled.jpg","width":2560,"height":1704},{"@type":"BreadcrumbList","@id":"https:\/\/www.theskeye.com\/y-cual-es-vuestra-posicion-en-lo-de-palestina\/#breadcrumb","itemListElement":[{"@type":"ListItem","position":1,"name":"Inicio","item":"https:\/\/www.theskeye.com\/ca\/homepage\/"},{"@type":"ListItem","position":2,"name":"\u00bfY cu\u00e1l es vuestra posici\u00f3n en lo de Palestina?"}]},{"@type":"WebSite","@id":"https:\/\/www.theskeye.com\/#website","url":"https:\/\/www.theskeye.com\/","name":"The Skeye","description":"Consultora boutique que ofrece servicio de alto valor a\u00f1adido vinculados a la direcci\u00f3n estrat\u00e9gica y la direcci\u00f3n de personas","potentialAction":[{"@type":"SearchAction","target":{"@type":"EntryPoint","urlTemplate":"https:\/\/www.theskeye.com\/?s={search_term_string}"},"query-input":{"@type":"PropertyValueSpecification","valueRequired":true,"valueName":"search_term_string"}}],"inLanguage":"ca"},{"@type":"Person","@id":"https:\/\/www.theskeye.com\/#\/schema\/person\/d8e226036cd8f3655e3e0dd98b3e1444","name":"Javier Fa\u00f1an\u00e1s","description":"Director de proyectos y senior HRBP","url":"https:\/\/www.theskeye.com\/ca\/author\/javier-fananas\/"}]}},"_links":{"self":[{"href":"https:\/\/www.theskeye.com\/ca\/wp-json\/wp\/v2\/posts\/6760"}],"collection":[{"href":"https:\/\/www.theskeye.com\/ca\/wp-json\/wp\/v2\/posts"}],"about":[{"href":"https:\/\/www.theskeye.com\/ca\/wp-json\/wp\/v2\/types\/post"}],"author":[{"embeddable":true,"href":"https:\/\/www.theskeye.com\/ca\/wp-json\/wp\/v2\/users\/10"}],"replies":[{"embeddable":true,"href":"https:\/\/www.theskeye.com\/ca\/wp-json\/wp\/v2\/comments?post=6760"}],"version-history":[{"count":1,"href":"https:\/\/www.theskeye.com\/ca\/wp-json\/wp\/v2\/posts\/6760\/revisions"}],"predecessor-version":[{"id":6764,"href":"https:\/\/www.theskeye.com\/ca\/wp-json\/wp\/v2\/posts\/6760\/revisions\/6764"}],"wp:featuredmedia":[{"embeddable":true,"href":"https:\/\/www.theskeye.com\/ca\/wp-json\/wp\/v2\/media\/6761"}],"wp:attachment":[{"href":"https:\/\/www.theskeye.com\/ca\/wp-json\/wp\/v2\/media?parent=6760"}],"wp:term":[{"taxonomy":"category","embeddable":true,"href":"https:\/\/www.theskeye.com\/ca\/wp-json\/wp\/v2\/categories?post=6760"},{"taxonomy":"post_tag","embeddable":true,"href":"https:\/\/www.theskeye.com\/ca\/wp-json\/wp\/v2\/tags?post=6760"}],"curies":[{"name":"wp","href":"https:\/\/api.w.org\/{rel}","templated":true}]}}