{"id":3144,"date":"2020-05-18T09:47:09","date_gmt":"2020-05-18T09:47:09","guid":{"rendered":"https:\/\/www.theskeye.com\/?p=3144"},"modified":"2021-10-25T12:54:11","modified_gmt":"2021-10-25T11:54:11","slug":"una-llamada-a-la-accion-a-corto-y-medio-plazo","status":"publish","type":"post","link":"https:\/\/www.theskeye.com\/en\/una-llamada-a-la-accion-a-corto-y-medio-plazo\/","title":{"rendered":"Una llamada a la acci\u00f3n a corto y medio plazo"},"content":{"rendered":"\n<p>\u00bfQueremos seguir siendo lo que \u00e9ramos? \u00bfPodemos mejorar algo? Una llamada a la acci\u00f3n a corto, medio y largo plazo asentada sobre pilares \u00e9ticos y con el prop\u00f3sito de la compa\u00f1\u00eda como gu\u00eda de actuaci\u00f3n<\/p>\n\n\n\n<p>Es en estos momentos cr\u00edticos cuando las empresas demuestran la solidez de su prop\u00f3sito. \u00bfEs s\u00f3lo una denominaci\u00f3n preciosa, sin fundamento real, arrasada por el tsunami? \u00bfO realmente es la gu\u00eda que conecta la cabeza (estrategia futura, procesos y decisiones) con el coraz\u00f3n (personas, valores y cultura), de la compa\u00f1\u00eda?<\/p>\n\n\n\n<p>Cristina Rodr\u00edguez Agud\u00edn en un art\u00edculo para el Observatorio de Recursos Humanos.<\/p>\n\n\n\n<p>Lee el art\u00edculo completo en&nbsp;<a rel=\"noreferrer noopener\" href=\"https:\/\/www.observatoriorh.com\/orh-posts\/una-llamada-a-la-accion-a-corto-medio-y-largo-plazo.html\" target=\"_blank\">https:\/\/www.observatoriorh.com\/orh-posts\/una-llamada-a-la-accion-a-corto-medio-y-largo-plazo.html<\/a><\/p>\n","protected":false},"excerpt":{"rendered":"<p>\u00bfQueremos seguir siendo lo que \u00e9ramos? \u00bfPodemos mejorar algo? Una llamada a la acci\u00f3n a corto, medio y largo plazo asentada sobre pilares \u00e9ticos y con el prop\u00f3sito de la&#8230;<\/p>\n","protected":false},"author":11,"featured_media":3145,"comment_status":"closed","ping_status":"closed","sticky":false,"template":"","format":"standard","meta":{"footnotes":""},"categories":[163,37],"tags":[],"class_list":{"0":"post-3144","1":"post","2":"type-post","3":"status-publish","4":"format-standard","5":"has-post-thumbnail","7":"category-comite-de-direccion","8":"category-comunicacion"},"yoast_head":"<!-- This site is optimized with the Yoast SEO plugin v25.6 - https:\/\/yoast.com\/wordpress\/plugins\/seo\/ -->\n<title>Una llamada a la acci\u00f3n a corto y medio plazo - The Skeye<\/title>\n<meta name=\"robots\" content=\"index, follow, max-snippet:-1, max-image-preview:large, max-video-preview:-1\" \/>\n<link rel=\"canonical\" href=\"https:\/\/www.theskeye.com\/en\/una-llamada-a-la-accion-a-corto-y-medio-plazo\/\" \/>\n<meta property=\"og:locale\" content=\"en_US\" \/>\n<meta property=\"og:type\" content=\"article\" \/>\n<meta property=\"og:title\" content=\"Una llamada a la acci\u00f3n a corto y medio plazo - The Skeye\" \/>\n<meta property=\"og:description\" content=\"\u00bfQueremos seguir siendo lo que \u00e9ramos? \u00bfPodemos mejorar algo? Una llamada a la acci\u00f3n a corto, medio y largo plazo asentada sobre pilares \u00e9ticos y con el prop\u00f3sito de la...\" \/>\n<meta property=\"og:url\" content=\"https:\/\/www.theskeye.com\/una-llamada-a-la-accion-a-corto-y-medio-plazo\/\" \/>\n<meta property=\"og:site_name\" content=\"The Skeye\" \/>\n<meta property=\"article:published_time\" content=\"2020-05-18T09:47:09+00:00\" \/>\n<meta property=\"article:modified_time\" content=\"2021-10-25T11:54:11+00:00\" \/>\n<meta property=\"og:image\" content=\"https:\/\/www.theskeye.com\/wp-content\/uploads\/2020\/05\/kid-circus-7vSlK_9gHWA-unsplash-scaled.jpg\" \/>\n\t<meta property=\"og:image:width\" content=\"2560\" \/>\n\t<meta property=\"og:image:height\" content=\"1920\" \/>\n\t<meta property=\"og:image:type\" content=\"image\/jpeg\" \/>\n<meta name=\"author\" content=\"Cristina Rodr\u00edguez Agud\u00edn\" \/>\n<meta name=\"twitter:card\" content=\"summary_large_image\" \/>\n<meta name=\"twitter:label1\" content=\"Written by\" \/>\n\t<meta name=\"twitter:data1\" content=\"Cristina Rodr\u00edguez Agud\u00edn\" \/>\n\t<meta name=\"twitter:label2\" content=\"Est. reading time\" \/>\n\t<meta name=\"twitter:data2\" content=\"1 minute\" \/>\n<script type=\"application\/ld+json\" class=\"yoast-schema-graph\">{\"@context\":\"https:\/\/schema.org\",\"@graph\":[{\"@type\":\"WebPage\",\"@id\":\"https:\/\/www.theskeye.com\/una-llamada-a-la-accion-a-corto-y-medio-plazo\/\",\"url\":\"https:\/\/www.theskeye.com\/una-llamada-a-la-accion-a-corto-y-medio-plazo\/\",\"name\":\"Una llamada a la acci\u00f3n a corto y medio plazo - The Skeye\",\"isPartOf\":{\"@id\":\"https:\/\/www.theskeye.com\/#website\"},\"primaryImageOfPage\":{\"@id\":\"https:\/\/www.theskeye.com\/una-llamada-a-la-accion-a-corto-y-medio-plazo\/#primaryimage\"},\"image\":{\"@id\":\"https:\/\/www.theskeye.com\/una-llamada-a-la-accion-a-corto-y-medio-plazo\/#primaryimage\"},\"thumbnailUrl\":\"https:\/\/www.theskeye.com\/wp-content\/uploads\/2020\/05\/kid-circus-7vSlK_9gHWA-unsplash-scaled.jpg\",\"datePublished\":\"2020-05-18T09:47:09+00:00\",\"dateModified\":\"2021-10-25T11:54:11+00:00\",\"author\":{\"@id\":\"https:\/\/www.theskeye.com\/#\/schema\/person\/2fe79ce7c03fd43dead91cf5ab95f684\"},\"breadcrumb\":{\"@id\":\"https:\/\/www.theskeye.com\/una-llamada-a-la-accion-a-corto-y-medio-plazo\/#breadcrumb\"},\"inLanguage\":\"en-US\",\"potentialAction\":[{\"@type\":\"ReadAction\",\"target\":[\"https:\/\/www.theskeye.com\/una-llamada-a-la-accion-a-corto-y-medio-plazo\/\"]}]},{\"@type\":\"ImageObject\",\"inLanguage\":\"en-US\",\"@id\":\"https:\/\/www.theskeye.com\/una-llamada-a-la-accion-a-corto-y-medio-plazo\/#primaryimage\",\"url\":\"https:\/\/www.theskeye.com\/wp-content\/uploads\/2020\/05\/kid-circus-7vSlK_9gHWA-unsplash-scaled.jpg\",\"contentUrl\":\"https:\/\/www.theskeye.com\/wp-content\/uploads\/2020\/05\/kid-circus-7vSlK_9gHWA-unsplash-scaled.jpg\",\"width\":2560,\"height\":1920},{\"@type\":\"BreadcrumbList\",\"@id\":\"https:\/\/www.theskeye.com\/una-llamada-a-la-accion-a-corto-y-medio-plazo\/#breadcrumb\",\"itemListElement\":[{\"@type\":\"ListItem\",\"position\":1,\"name\":\"Inicio\",\"item\":\"https:\/\/www.theskeye.com\/en\/\"},{\"@type\":\"ListItem\",\"position\":2,\"name\":\"Una llamada a la acci\u00f3n a corto y medio plazo\"}]},{\"@type\":\"WebSite\",\"@id\":\"https:\/\/www.theskeye.com\/#website\",\"url\":\"https:\/\/www.theskeye.com\/\",\"name\":\"The Skeye\",\"description\":\"Consultora boutique que ofrece servicio de alto valor a\u00f1adido vinculados a la direcci\u00f3n estrat\u00e9gica y la direcci\u00f3n de personas\",\"potentialAction\":[{\"@type\":\"SearchAction\",\"target\":{\"@type\":\"EntryPoint\",\"urlTemplate\":\"https:\/\/www.theskeye.com\/?s={search_term_string}\"},\"query-input\":{\"@type\":\"PropertyValueSpecification\",\"valueRequired\":true,\"valueName\":\"search_term_string\"}}],\"inLanguage\":\"en-US\"},{\"@type\":\"Person\",\"@id\":\"https:\/\/www.theskeye.com\/#\/schema\/person\/2fe79ce7c03fd43dead91cf5ab95f684\",\"name\":\"Cristina Rodr\u00edguez Agud\u00edn\",\"description\":\"Socia directora\",\"url\":\"https:\/\/www.theskeye.com\/en\/author\/cristina-rodriguez-agudin\/\"}]}<\/script>\n<!-- \/ Yoast SEO plugin. -->","yoast_head_json":{"title":"Una llamada a la acci\u00f3n a corto y medio plazo - The Skeye","robots":{"index":"index","follow":"follow","max-snippet":"max-snippet:-1","max-image-preview":"max-image-preview:large","max-video-preview":"max-video-preview:-1"},"canonical":"https:\/\/www.theskeye.com\/en\/una-llamada-a-la-accion-a-corto-y-medio-plazo\/","og_locale":"en_US","og_type":"article","og_title":"Una llamada a la acci\u00f3n a corto y medio plazo - The Skeye","og_description":"\u00bfQueremos seguir siendo lo que \u00e9ramos? \u00bfPodemos mejorar algo? Una llamada a la acci\u00f3n a corto, medio y largo plazo asentada sobre pilares \u00e9ticos y con el prop\u00f3sito de la...","og_url":"https:\/\/www.theskeye.com\/una-llamada-a-la-accion-a-corto-y-medio-plazo\/","og_site_name":"The Skeye","article_published_time":"2020-05-18T09:47:09+00:00","article_modified_time":"2021-10-25T11:54:11+00:00","og_image":[{"width":2560,"height":1920,"url":"https:\/\/www.theskeye.com\/wp-content\/uploads\/2020\/05\/kid-circus-7vSlK_9gHWA-unsplash-scaled.jpg","type":"image\/jpeg"}],"author":"Cristina Rodr\u00edguez Agud\u00edn","twitter_card":"summary_large_image","twitter_misc":{"Written by":"Cristina Rodr\u00edguez Agud\u00edn","Est. reading time":"1 minute"},"schema":{"@context":"https:\/\/schema.org","@graph":[{"@type":"WebPage","@id":"https:\/\/www.theskeye.com\/una-llamada-a-la-accion-a-corto-y-medio-plazo\/","url":"https:\/\/www.theskeye.com\/una-llamada-a-la-accion-a-corto-y-medio-plazo\/","name":"Una llamada a la acci\u00f3n a corto y medio plazo - The Skeye","isPartOf":{"@id":"https:\/\/www.theskeye.com\/#website"},"primaryImageOfPage":{"@id":"https:\/\/www.theskeye.com\/una-llamada-a-la-accion-a-corto-y-medio-plazo\/#primaryimage"},"image":{"@id":"https:\/\/www.theskeye.com\/una-llamada-a-la-accion-a-corto-y-medio-plazo\/#primaryimage"},"thumbnailUrl":"https:\/\/www.theskeye.com\/wp-content\/uploads\/2020\/05\/kid-circus-7vSlK_9gHWA-unsplash-scaled.jpg","datePublished":"2020-05-18T09:47:09+00:00","dateModified":"2021-10-25T11:54:11+00:00","author":{"@id":"https:\/\/www.theskeye.com\/#\/schema\/person\/2fe79ce7c03fd43dead91cf5ab95f684"},"breadcrumb":{"@id":"https:\/\/www.theskeye.com\/una-llamada-a-la-accion-a-corto-y-medio-plazo\/#breadcrumb"},"inLanguage":"en-US","potentialAction":[{"@type":"ReadAction","target":["https:\/\/www.theskeye.com\/una-llamada-a-la-accion-a-corto-y-medio-plazo\/"]}]},{"@type":"ImageObject","inLanguage":"en-US","@id":"https:\/\/www.theskeye.com\/una-llamada-a-la-accion-a-corto-y-medio-plazo\/#primaryimage","url":"https:\/\/www.theskeye.com\/wp-content\/uploads\/2020\/05\/kid-circus-7vSlK_9gHWA-unsplash-scaled.jpg","contentUrl":"https:\/\/www.theskeye.com\/wp-content\/uploads\/2020\/05\/kid-circus-7vSlK_9gHWA-unsplash-scaled.jpg","width":2560,"height":1920},{"@type":"BreadcrumbList","@id":"https:\/\/www.theskeye.com\/una-llamada-a-la-accion-a-corto-y-medio-plazo\/#breadcrumb","itemListElement":[{"@type":"ListItem","position":1,"name":"Inicio","item":"https:\/\/www.theskeye.com\/en\/"},{"@type":"ListItem","position":2,"name":"Una llamada a la acci\u00f3n a corto y medio plazo"}]},{"@type":"WebSite","@id":"https:\/\/www.theskeye.com\/#website","url":"https:\/\/www.theskeye.com\/","name":"The Skeye","description":"Consultora boutique que ofrece servicio de alto valor a\u00f1adido vinculados a la direcci\u00f3n estrat\u00e9gica y la direcci\u00f3n de personas","potentialAction":[{"@type":"SearchAction","target":{"@type":"EntryPoint","urlTemplate":"https:\/\/www.theskeye.com\/?s={search_term_string}"},"query-input":{"@type":"PropertyValueSpecification","valueRequired":true,"valueName":"search_term_string"}}],"inLanguage":"en-US"},{"@type":"Person","@id":"https:\/\/www.theskeye.com\/#\/schema\/person\/2fe79ce7c03fd43dead91cf5ab95f684","name":"Cristina Rodr\u00edguez Agud\u00edn","description":"Socia directora","url":"https:\/\/www.theskeye.com\/en\/author\/cristina-rodriguez-agudin\/"}]}},"_links":{"self":[{"href":"https:\/\/www.theskeye.com\/en\/wp-json\/wp\/v2\/posts\/3144"}],"collection":[{"href":"https:\/\/www.theskeye.com\/en\/wp-json\/wp\/v2\/posts"}],"about":[{"href":"https:\/\/www.theskeye.com\/en\/wp-json\/wp\/v2\/types\/post"}],"author":[{"embeddable":true,"href":"https:\/\/www.theskeye.com\/en\/wp-json\/wp\/v2\/users\/11"}],"replies":[{"embeddable":true,"href":"https:\/\/www.theskeye.com\/en\/wp-json\/wp\/v2\/comments?post=3144"}],"version-history":[{"count":2,"href":"https:\/\/www.theskeye.com\/en\/wp-json\/wp\/v2\/posts\/3144\/revisions"}],"predecessor-version":[{"id":5245,"href":"https:\/\/www.theskeye.com\/en\/wp-json\/wp\/v2\/posts\/3144\/revisions\/5245"}],"wp:featuredmedia":[{"embeddable":true,"href":"https:\/\/www.theskeye.com\/en\/wp-json\/wp\/v2\/media\/3145"}],"wp:attachment":[{"href":"https:\/\/www.theskeye.com\/en\/wp-json\/wp\/v2\/media?parent=3144"}],"wp:term":[{"taxonomy":"category","embeddable":true,"href":"https:\/\/www.theskeye.com\/en\/wp-json\/wp\/v2\/categories?post=3144"},{"taxonomy":"post_tag","embeddable":true,"href":"https:\/\/www.theskeye.com\/en\/wp-json\/wp\/v2\/tags?post=3144"}],"curies":[{"name":"wp","href":"https:\/\/api.w.org\/{rel}","templated":true}]}}