{"id":3180,"date":"2020-07-29T07:42:43","date_gmt":"2020-07-29T07:42:43","guid":{"rendered":"https:\/\/www.theskeye.com\/?p=3180"},"modified":"2021-10-25T12:55:40","modified_gmt":"2021-10-25T11:55:40","slug":"lead-with-clarity-conversando-con-ceos-eva-ivars-ceo-de-afflelou-espana","status":"publish","type":"post","link":"https:\/\/www.theskeye.com\/en\/lead-with-clarity-conversando-con-ceos-eva-ivars-ceo-de-afflelou-espana\/","title":{"rendered":"Lead with clarity: Conversando con CEO&#8217;s &#8211; Eva Ivars, CEO de Afflelou Espa\u00f1a"},"content":{"rendered":"\n<p>Invitamos a Eva Ivars a responder algunas preguntas clave alrededor de la gesti\u00f3n empresarial y su visi\u00f3n sobre otros temas relacionados con el management:<\/p>\n\n\n\n<p><strong>&#8211; \u00bfCu\u00e1les son las tres habilidades m\u00e1s valoradas en tu empresa?<\/strong>&nbsp;<\/p>\n\n\n\n<ul class=\"wp-block-list\"><li>Capacidad de Innovaci\u00f3n: hay que reinventarse cada d\u00eda. <\/li><\/ul>\n\n\n\n<ul class=\"wp-block-list\"><li>Resiliencia&nbsp;con aprendizaje continuo:&nbsp;saber levantarse cuando uno tropieza, con actitud humilde de aprendizaje y mejora. <\/li><\/ul>\n\n\n\n<ul class=\"wp-block-list\"><li>Compromiso: dedicaci\u00f3n y responsabilidad en todo lo que hacemos.<\/li><\/ul>\n\n\n\n<p><strong>&#8211; \u00bfCu\u00e1les son los tres temas m\u00e1s importantes encima de la mesa del Comit\u00e9 de Direcci\u00f3n para el mes de septiembre?<\/strong><\/p>\n\n\n\n<ul class=\"wp-block-list\"><li>Gesti\u00f3n de la Cultura Corporativa: c\u00f3mo mantener a empleados, franquiciados y dem\u00e1s p\u00fablicos vinculados a la empresa.<\/li><\/ul>\n\n\n\n<ul class=\"wp-block-list\"><li>Agilidad: Capacidad de responder con rapidez a un entorno cambiante. <\/li><\/ul>\n\n\n\n<ul class=\"wp-block-list\"><li>Resultados: c\u00f3mo seguir generando ventas en un tiempo de incertidumbre y mantener a los equipos focalizados en los resultados.&nbsp;<\/li><\/ul>\n\n\n\n<p><strong>&#8211; \u00bfQu\u00e9 has aprendido personalmente en estos \u00faltimos meses?&nbsp;<\/strong><\/p>\n\n\n\n<p>Que puede haber sucesos inesperados de alto impacto en cualquier momento: \u00a1El mundo se puede parar! Eso no lo vamos a poder evitar, sin embargo tenemos que ser capaces de gestionarlo. El cambio ser\u00e1 cada vez m\u00e1s r\u00e1pido y frecuente, por lo tanto es importante desarrollar la capacidad de reacci\u00f3n y a la vez hacerlo sin perder el norte, con una plan que nos sirva de estrella polar.<\/p>\n\n\n\n<p>Flexibilizaci\u00f3n en la forma de trabajar y m\u00e1xima autonom\u00eda de los equipos: donde, c\u00f3mo, cuando ya no importa. Las organizaciones y sus l\u00edderes tenemos que ser capaces de generar \u201cespacios\u201d de conversaci\u00f3n flexibles en el que los individuos aporten sin necesidad de ser controlados.<\/p>\n\n\n\n<p>He aprendido a conocerme un poco m\u00e1s a mi misma, y he recordado que lo que de verdad importa no son cosas, son amigos, familia, momentos, vivencias. Vivimos en un mundo vertiginoso, en el que pocas veces dedicamos tiempo a pensar en nosotros, hacia donde queremos ir y a disfrutar estando con los nuestros (en el sentido amplio y actual de la palabra). Ha sido un buen par\u00f3n desde el punto de vista personal.<\/p>\n\n\n\n<p>\u00a1Muchas gracias Eva por tus aportaciones!<\/p>\n\n\n\n<p><\/p>\n","protected":false},"excerpt":{"rendered":"<p>Invitamos a Eva Ivars a responder algunas preguntas clave alrededor de la gesti\u00f3n empresarial y su visi\u00f3n sobre otros temas relacionados con el management: &#8211; \u00bfCu\u00e1les son las tres habilidades&#8230;<\/p>\n","protected":false},"author":2,"featured_media":3185,"comment_status":"closed","ping_status":"closed","sticky":false,"template":"","format":"standard","meta":{"footnotes":""},"categories":[163,37],"tags":[],"class_list":{"0":"post-3180","1":"post","2":"type-post","3":"status-publish","4":"format-standard","5":"has-post-thumbnail","7":"category-comite-de-direccion","8":"category-comunicacion"},"yoast_head":"<!-- This site is optimized with the Yoast SEO plugin v25.6 - https:\/\/yoast.com\/wordpress\/plugins\/seo\/ -->\n<title>Lead with clarity: Conversando con CEO&#039;s - Eva Ivars, CEO de Afflelou Espa\u00f1a - The Skeye<\/title>\n<meta name=\"robots\" content=\"index, follow, max-snippet:-1, max-image-preview:large, max-video-preview:-1\" \/>\n<link rel=\"canonical\" href=\"https:\/\/www.theskeye.com\/en\/lead-with-clarity-conversando-con-ceos-eva-ivars-ceo-de-afflelou-espana\/\" \/>\n<meta property=\"og:locale\" content=\"en_US\" \/>\n<meta property=\"og:type\" content=\"article\" \/>\n<meta property=\"og:title\" content=\"Lead with clarity: Conversando con CEO&#039;s - Eva Ivars, CEO de Afflelou Espa\u00f1a - The Skeye\" \/>\n<meta property=\"og:description\" content=\"Invitamos a Eva Ivars a responder algunas preguntas clave alrededor de la gesti\u00f3n empresarial y su visi\u00f3n sobre otros temas relacionados con el management: &#8211; \u00bfCu\u00e1les son las tres habilidades...\" \/>\n<meta property=\"og:url\" content=\"https:\/\/www.theskeye.com\/lead-with-clarity-conversando-con-ceos-eva-ivars-ceo-de-afflelou-espana\/\" \/>\n<meta property=\"og:site_name\" content=\"The Skeye\" \/>\n<meta property=\"article:published_time\" content=\"2020-07-29T07:42:43+00:00\" \/>\n<meta property=\"article:modified_time\" content=\"2021-10-25T11:55:40+00:00\" \/>\n<meta property=\"og:image\" content=\"https:\/\/www.theskeye.com\/wp-content\/uploads\/2020\/07\/Lead-with-clarity....Conversando-con-CEOS-1.jpg\" \/>\n\t<meta property=\"og:image:width\" content=\"1024\" \/>\n\t<meta property=\"og:image:height\" content=\"512\" \/>\n\t<meta property=\"og:image:type\" content=\"image\/jpeg\" \/>\n<meta name=\"author\" content=\"The Skeye\" \/>\n<meta name=\"twitter:card\" content=\"summary_large_image\" \/>\n<meta name=\"twitter:label1\" content=\"Written by\" \/>\n\t<meta name=\"twitter:data1\" content=\"The Skeye\" \/>\n\t<meta name=\"twitter:label2\" content=\"Est. reading time\" \/>\n\t<meta name=\"twitter:data2\" content=\"2 minutes\" \/>\n<script type=\"application\/ld+json\" class=\"yoast-schema-graph\">{\"@context\":\"https:\/\/schema.org\",\"@graph\":[{\"@type\":\"WebPage\",\"@id\":\"https:\/\/www.theskeye.com\/lead-with-clarity-conversando-con-ceos-eva-ivars-ceo-de-afflelou-espana\/\",\"url\":\"https:\/\/www.theskeye.com\/lead-with-clarity-conversando-con-ceos-eva-ivars-ceo-de-afflelou-espana\/\",\"name\":\"Lead with clarity: Conversando con CEO's - Eva Ivars, CEO de Afflelou Espa\u00f1a - The Skeye\",\"isPartOf\":{\"@id\":\"https:\/\/www.theskeye.com\/#website\"},\"primaryImageOfPage\":{\"@id\":\"https:\/\/www.theskeye.com\/lead-with-clarity-conversando-con-ceos-eva-ivars-ceo-de-afflelou-espana\/#primaryimage\"},\"image\":{\"@id\":\"https:\/\/www.theskeye.com\/lead-with-clarity-conversando-con-ceos-eva-ivars-ceo-de-afflelou-espana\/#primaryimage\"},\"thumbnailUrl\":\"https:\/\/www.theskeye.com\/wp-content\/uploads\/2020\/07\/Lead-with-clarity....Conversando-con-CEOS-1.jpg\",\"datePublished\":\"2020-07-29T07:42:43+00:00\",\"dateModified\":\"2021-10-25T11:55:40+00:00\",\"author\":{\"@id\":\"https:\/\/www.theskeye.com\/#\/schema\/person\/d68cdf279635f30f976579cf114e8305\"},\"breadcrumb\":{\"@id\":\"https:\/\/www.theskeye.com\/lead-with-clarity-conversando-con-ceos-eva-ivars-ceo-de-afflelou-espana\/#breadcrumb\"},\"inLanguage\":\"en-US\",\"potentialAction\":[{\"@type\":\"ReadAction\",\"target\":[\"https:\/\/www.theskeye.com\/lead-with-clarity-conversando-con-ceos-eva-ivars-ceo-de-afflelou-espana\/\"]}]},{\"@type\":\"ImageObject\",\"inLanguage\":\"en-US\",\"@id\":\"https:\/\/www.theskeye.com\/lead-with-clarity-conversando-con-ceos-eva-ivars-ceo-de-afflelou-espana\/#primaryimage\",\"url\":\"https:\/\/www.theskeye.com\/wp-content\/uploads\/2020\/07\/Lead-with-clarity....Conversando-con-CEOS-1.jpg\",\"contentUrl\":\"https:\/\/www.theskeye.com\/wp-content\/uploads\/2020\/07\/Lead-with-clarity....Conversando-con-CEOS-1.jpg\",\"width\":1024,\"height\":512},{\"@type\":\"BreadcrumbList\",\"@id\":\"https:\/\/www.theskeye.com\/lead-with-clarity-conversando-con-ceos-eva-ivars-ceo-de-afflelou-espana\/#breadcrumb\",\"itemListElement\":[{\"@type\":\"ListItem\",\"position\":1,\"name\":\"Inicio\",\"item\":\"https:\/\/www.theskeye.com\/en\/\"},{\"@type\":\"ListItem\",\"position\":2,\"name\":\"Lead with clarity: Conversando con CEO&#8217;s &#8211; Eva Ivars, CEO de Afflelou Espa\u00f1a\"}]},{\"@type\":\"WebSite\",\"@id\":\"https:\/\/www.theskeye.com\/#website\",\"url\":\"https:\/\/www.theskeye.com\/\",\"name\":\"The Skeye\",\"description\":\"Consultora boutique que ofrece servicio de alto valor a\u00f1adido vinculados a la direcci\u00f3n estrat\u00e9gica y la direcci\u00f3n de personas\",\"potentialAction\":[{\"@type\":\"SearchAction\",\"target\":{\"@type\":\"EntryPoint\",\"urlTemplate\":\"https:\/\/www.theskeye.com\/?s={search_term_string}\"},\"query-input\":{\"@type\":\"PropertyValueSpecification\",\"valueRequired\":true,\"valueName\":\"search_term_string\"}}],\"inLanguage\":\"en-US\"},{\"@type\":\"Person\",\"@id\":\"https:\/\/www.theskeye.com\/#\/schema\/person\/d68cdf279635f30f976579cf114e8305\",\"name\":\"The Skeye\",\"url\":\"https:\/\/www.theskeye.com\/en\/author\/theskeye\/\"}]}<\/script>\n<!-- \/ Yoast SEO plugin. -->","yoast_head_json":{"title":"Lead with clarity: Conversando con CEO's - Eva Ivars, CEO de Afflelou Espa\u00f1a - The Skeye","robots":{"index":"index","follow":"follow","max-snippet":"max-snippet:-1","max-image-preview":"max-image-preview:large","max-video-preview":"max-video-preview:-1"},"canonical":"https:\/\/www.theskeye.com\/en\/lead-with-clarity-conversando-con-ceos-eva-ivars-ceo-de-afflelou-espana\/","og_locale":"en_US","og_type":"article","og_title":"Lead with clarity: Conversando con CEO's - Eva Ivars, CEO de Afflelou Espa\u00f1a - The Skeye","og_description":"Invitamos a Eva Ivars a responder algunas preguntas clave alrededor de la gesti\u00f3n empresarial y su visi\u00f3n sobre otros temas relacionados con el management: &#8211; \u00bfCu\u00e1les son las tres habilidades...","og_url":"https:\/\/www.theskeye.com\/lead-with-clarity-conversando-con-ceos-eva-ivars-ceo-de-afflelou-espana\/","og_site_name":"The Skeye","article_published_time":"2020-07-29T07:42:43+00:00","article_modified_time":"2021-10-25T11:55:40+00:00","og_image":[{"width":1024,"height":512,"url":"https:\/\/www.theskeye.com\/wp-content\/uploads\/2020\/07\/Lead-with-clarity....Conversando-con-CEOS-1.jpg","type":"image\/jpeg"}],"author":"The Skeye","twitter_card":"summary_large_image","twitter_misc":{"Written by":"The Skeye","Est. reading time":"2 minutes"},"schema":{"@context":"https:\/\/schema.org","@graph":[{"@type":"WebPage","@id":"https:\/\/www.theskeye.com\/lead-with-clarity-conversando-con-ceos-eva-ivars-ceo-de-afflelou-espana\/","url":"https:\/\/www.theskeye.com\/lead-with-clarity-conversando-con-ceos-eva-ivars-ceo-de-afflelou-espana\/","name":"Lead with clarity: Conversando con CEO's - Eva Ivars, CEO de Afflelou Espa\u00f1a - The Skeye","isPartOf":{"@id":"https:\/\/www.theskeye.com\/#website"},"primaryImageOfPage":{"@id":"https:\/\/www.theskeye.com\/lead-with-clarity-conversando-con-ceos-eva-ivars-ceo-de-afflelou-espana\/#primaryimage"},"image":{"@id":"https:\/\/www.theskeye.com\/lead-with-clarity-conversando-con-ceos-eva-ivars-ceo-de-afflelou-espana\/#primaryimage"},"thumbnailUrl":"https:\/\/www.theskeye.com\/wp-content\/uploads\/2020\/07\/Lead-with-clarity....Conversando-con-CEOS-1.jpg","datePublished":"2020-07-29T07:42:43+00:00","dateModified":"2021-10-25T11:55:40+00:00","author":{"@id":"https:\/\/www.theskeye.com\/#\/schema\/person\/d68cdf279635f30f976579cf114e8305"},"breadcrumb":{"@id":"https:\/\/www.theskeye.com\/lead-with-clarity-conversando-con-ceos-eva-ivars-ceo-de-afflelou-espana\/#breadcrumb"},"inLanguage":"en-US","potentialAction":[{"@type":"ReadAction","target":["https:\/\/www.theskeye.com\/lead-with-clarity-conversando-con-ceos-eva-ivars-ceo-de-afflelou-espana\/"]}]},{"@type":"ImageObject","inLanguage":"en-US","@id":"https:\/\/www.theskeye.com\/lead-with-clarity-conversando-con-ceos-eva-ivars-ceo-de-afflelou-espana\/#primaryimage","url":"https:\/\/www.theskeye.com\/wp-content\/uploads\/2020\/07\/Lead-with-clarity....Conversando-con-CEOS-1.jpg","contentUrl":"https:\/\/www.theskeye.com\/wp-content\/uploads\/2020\/07\/Lead-with-clarity....Conversando-con-CEOS-1.jpg","width":1024,"height":512},{"@type":"BreadcrumbList","@id":"https:\/\/www.theskeye.com\/lead-with-clarity-conversando-con-ceos-eva-ivars-ceo-de-afflelou-espana\/#breadcrumb","itemListElement":[{"@type":"ListItem","position":1,"name":"Inicio","item":"https:\/\/www.theskeye.com\/en\/"},{"@type":"ListItem","position":2,"name":"Lead with clarity: Conversando con CEO&#8217;s &#8211; Eva Ivars, CEO de Afflelou Espa\u00f1a"}]},{"@type":"WebSite","@id":"https:\/\/www.theskeye.com\/#website","url":"https:\/\/www.theskeye.com\/","name":"The Skeye","description":"Consultora boutique que ofrece servicio de alto valor a\u00f1adido vinculados a la direcci\u00f3n estrat\u00e9gica y la direcci\u00f3n de personas","potentialAction":[{"@type":"SearchAction","target":{"@type":"EntryPoint","urlTemplate":"https:\/\/www.theskeye.com\/?s={search_term_string}"},"query-input":{"@type":"PropertyValueSpecification","valueRequired":true,"valueName":"search_term_string"}}],"inLanguage":"en-US"},{"@type":"Person","@id":"https:\/\/www.theskeye.com\/#\/schema\/person\/d68cdf279635f30f976579cf114e8305","name":"The Skeye","url":"https:\/\/www.theskeye.com\/en\/author\/theskeye\/"}]}},"_links":{"self":[{"href":"https:\/\/www.theskeye.com\/en\/wp-json\/wp\/v2\/posts\/3180"}],"collection":[{"href":"https:\/\/www.theskeye.com\/en\/wp-json\/wp\/v2\/posts"}],"about":[{"href":"https:\/\/www.theskeye.com\/en\/wp-json\/wp\/v2\/types\/post"}],"author":[{"embeddable":true,"href":"https:\/\/www.theskeye.com\/en\/wp-json\/wp\/v2\/users\/2"}],"replies":[{"embeddable":true,"href":"https:\/\/www.theskeye.com\/en\/wp-json\/wp\/v2\/comments?post=3180"}],"version-history":[{"count":8,"href":"https:\/\/www.theskeye.com\/en\/wp-json\/wp\/v2\/posts\/3180\/revisions"}],"predecessor-version":[{"id":5238,"href":"https:\/\/www.theskeye.com\/en\/wp-json\/wp\/v2\/posts\/3180\/revisions\/5238"}],"wp:featuredmedia":[{"embeddable":true,"href":"https:\/\/www.theskeye.com\/en\/wp-json\/wp\/v2\/media\/3185"}],"wp:attachment":[{"href":"https:\/\/www.theskeye.com\/en\/wp-json\/wp\/v2\/media?parent=3180"}],"wp:term":[{"taxonomy":"category","embeddable":true,"href":"https:\/\/www.theskeye.com\/en\/wp-json\/wp\/v2\/categories?post=3180"},{"taxonomy":"post_tag","embeddable":true,"href":"https:\/\/www.theskeye.com\/en\/wp-json\/wp\/v2\/tags?post=3180"}],"curies":[{"name":"wp","href":"https:\/\/api.w.org\/{rel}","templated":true}]}}