{"id":3234,"date":"2020-10-08T08:51:32","date_gmt":"2020-10-08T08:51:32","guid":{"rendered":"https:\/\/www.theskeye.com\/?p=3234"},"modified":"2021-10-25T12:58:53","modified_gmt":"2021-10-25T11:58:53","slug":"lead-with-clarity-conversando-con-ceos-fina-llados-directora-general-amgen-iberia","status":"publish","type":"post","link":"https:\/\/www.theskeye.com\/en\/lead-with-clarity-conversando-con-ceos-fina-llados-directora-general-amgen-iberia\/","title":{"rendered":"Lead with clarity-Conversando con CEO\u2019s: Fina Llad\u00f3s, Directora General Amgen Iberia"},"content":{"rendered":"\n<p>Nueva entrega de Lead with Clarity. En esta ocasi\u00f3n contamos con las reflexiones de Fina Llad\u00f3s, que aporta su perspectiva profesional sobre las organizaciones del sector cient\u00edfico y la importancia de la investigaci\u00f3n:<\/p>\n\n\n\n<p><strong>\u00bfCu\u00e1les son las tres habilidades m\u00e1s valoradas en tu empresa?<\/strong><\/p>\n\n\n\n<ul class=\"wp-block-list\"><li>Capacidad de innovar&nbsp;no s\u00f3lo en entender las enfermedades para encontrar nuevas&nbsp;terapias&nbsp;para tratar&nbsp;a&nbsp;pacientes con enfermedades graves, sino tambi\u00e9n la capacidad de innovar en como creamos maneras distintas&nbsp;de trabajar&nbsp;y mejorar nuestros procesos.<\/li><li>Inclusividad para incorporar&nbsp;personas con diversidad de experiencias, visi\u00f3n y distintas maneras de entender una misma situaci\u00f3n. Enriquece el proceso de toma de decisiones y maximiza la utilizaci\u00f3n de la inteligencia colectiva.<\/li><li>Desaprender para seguir evolucionando. El mundo cambia y los cambios del entorno y la evoluci\u00f3n de la realidad obliga a aprender a hacer las cosas de manera distinta.<\/li><\/ul>\n\n\n\n<p> <\/p>\n\n\n\n<p><strong>\u00bfCu\u00e1les son los tres temas m\u00e1s importantes encima de la mesa del Comit\u00e9 de Direcci\u00f3n para el mes de&nbsp;septiembre-octubre?<\/strong><\/p>\n\n\n\n<ul class=\"wp-block-list\"><li>Seguir investigando en nuevas terapias y suministrando los tratamientos a los pacientes&nbsp;con la m\u00e1xima normalidad en una situaci\u00f3n de pandemia todav\u00eda activa.<br> <\/li><li>Mantener el esp\u00edritu Amgen y el sentido de pertenencia&nbsp;a\u00fan con la distancia y el trabajo en remoto.<br> <\/li><li>Visualizar la nueva realidad para el 2021 y posteriores&nbsp;ante un sistema sanitario que tiene grandes retos por delante, en una situaci\u00f3n econ\u00f3mica&nbsp;y social&nbsp;complicada.<\/li><\/ul>\n\n\n\n<p><strong>\u00bfQu\u00e9 has aprendido personalmente en estos \u00faltimos meses?<\/strong><\/p>\n\n\n\n<ul class=\"wp-block-list\"><li>La gran&nbsp;capacidad&nbsp;que tenemos para&nbsp;adaptarnos, la&nbsp;extraordinaria respuesta de los equipos&nbsp;y la&nbsp;capacidad de altruismo&nbsp;de las personas en las circunstancias extremas que hemos vivido.<br> <\/li><li>La&nbsp;gran uni\u00f3n y colaboraci\u00f3n de los equipos y la agilidad&nbsp;en avanzar<br>r\u00e1pido en temas de investigaci\u00f3n y\/o proyectos, adem\u00e1s de asegurar<br>suministros de medicaci\u00f3n en una situaci\u00f3n muy excepcional.<br> <\/li><li>Enfatizar&nbsp;la importancia de la salud como inversi\u00f3n, imprescindible&nbsp;para el progreso de una sociedad.<\/li><\/ul>\n","protected":false},"excerpt":{"rendered":"<p>Nueva entrega de Lead with Clarity. En esta ocasi\u00f3n contamos con las reflexiones de Fina Llad\u00f3s, que aporta su perspectiva profesional sobre las organizaciones del sector cient\u00edfico y la importancia&#8230;<\/p>\n","protected":false},"author":2,"featured_media":3235,"comment_status":"closed","ping_status":"closed","sticky":false,"template":"","format":"standard","meta":{"footnotes":""},"categories":[163,37],"tags":[],"class_list":{"0":"post-3234","1":"post","2":"type-post","3":"status-publish","4":"format-standard","5":"has-post-thumbnail","7":"category-comite-de-direccion","8":"category-comunicacion"},"yoast_head":"<!-- This site is optimized with the Yoast SEO plugin v25.6 - https:\/\/yoast.com\/wordpress\/plugins\/seo\/ -->\n<title>Lead with clarity-Conversando con CEO\u2019s: Fina Llad\u00f3s, Directora General Amgen Iberia - The Skeye<\/title>\n<meta name=\"robots\" content=\"index, follow, max-snippet:-1, max-image-preview:large, max-video-preview:-1\" \/>\n<link rel=\"canonical\" href=\"https:\/\/www.theskeye.com\/en\/lead-with-clarity-conversando-con-ceos-fina-llados-directora-general-amgen-iberia\/\" \/>\n<meta property=\"og:locale\" content=\"en_US\" \/>\n<meta property=\"og:type\" content=\"article\" \/>\n<meta property=\"og:title\" content=\"Lead with clarity-Conversando con CEO\u2019s: Fina Llad\u00f3s, Directora General Amgen Iberia - The Skeye\" \/>\n<meta property=\"og:description\" content=\"Nueva entrega de Lead with Clarity. En esta ocasi\u00f3n contamos con las reflexiones de Fina Llad\u00f3s, que aporta su perspectiva profesional sobre las organizaciones del sector cient\u00edfico y la importancia...\" \/>\n<meta property=\"og:url\" content=\"https:\/\/www.theskeye.com\/lead-with-clarity-conversando-con-ceos-fina-llados-directora-general-amgen-iberia\/\" \/>\n<meta property=\"og:site_name\" content=\"The Skeye\" \/>\n<meta property=\"article:published_time\" content=\"2020-10-08T08:51:32+00:00\" \/>\n<meta property=\"article:modified_time\" content=\"2021-10-25T11:58:53+00:00\" \/>\n<meta property=\"og:image\" content=\"https:\/\/www.theskeye.com\/wp-content\/uploads\/2020\/10\/Captura-de-Pantalla-2020-10-08-a-les-10.21.13.png\" \/>\n\t<meta property=\"og:image:width\" content=\"905\" \/>\n\t<meta property=\"og:image:height\" content=\"448\" \/>\n\t<meta property=\"og:image:type\" content=\"image\/png\" \/>\n<meta name=\"author\" content=\"The Skeye\" \/>\n<meta name=\"twitter:card\" content=\"summary_large_image\" \/>\n<meta name=\"twitter:label1\" content=\"Written by\" \/>\n\t<meta name=\"twitter:data1\" content=\"The Skeye\" \/>\n\t<meta name=\"twitter:label2\" content=\"Est. reading time\" \/>\n\t<meta name=\"twitter:data2\" content=\"2 minutes\" \/>\n<script type=\"application\/ld+json\" class=\"yoast-schema-graph\">{\"@context\":\"https:\/\/schema.org\",\"@graph\":[{\"@type\":\"WebPage\",\"@id\":\"https:\/\/www.theskeye.com\/lead-with-clarity-conversando-con-ceos-fina-llados-directora-general-amgen-iberia\/\",\"url\":\"https:\/\/www.theskeye.com\/lead-with-clarity-conversando-con-ceos-fina-llados-directora-general-amgen-iberia\/\",\"name\":\"Lead with clarity-Conversando con CEO\u2019s: Fina Llad\u00f3s, Directora General Amgen Iberia - The Skeye\",\"isPartOf\":{\"@id\":\"https:\/\/www.theskeye.com\/#website\"},\"primaryImageOfPage\":{\"@id\":\"https:\/\/www.theskeye.com\/lead-with-clarity-conversando-con-ceos-fina-llados-directora-general-amgen-iberia\/#primaryimage\"},\"image\":{\"@id\":\"https:\/\/www.theskeye.com\/lead-with-clarity-conversando-con-ceos-fina-llados-directora-general-amgen-iberia\/#primaryimage\"},\"thumbnailUrl\":\"https:\/\/www.theskeye.com\/wp-content\/uploads\/2020\/10\/Captura-de-Pantalla-2020-10-08-a-les-10.21.13.png\",\"datePublished\":\"2020-10-08T08:51:32+00:00\",\"dateModified\":\"2021-10-25T11:58:53+00:00\",\"author\":{\"@id\":\"https:\/\/www.theskeye.com\/#\/schema\/person\/d68cdf279635f30f976579cf114e8305\"},\"breadcrumb\":{\"@id\":\"https:\/\/www.theskeye.com\/lead-with-clarity-conversando-con-ceos-fina-llados-directora-general-amgen-iberia\/#breadcrumb\"},\"inLanguage\":\"en-US\",\"potentialAction\":[{\"@type\":\"ReadAction\",\"target\":[\"https:\/\/www.theskeye.com\/lead-with-clarity-conversando-con-ceos-fina-llados-directora-general-amgen-iberia\/\"]}]},{\"@type\":\"ImageObject\",\"inLanguage\":\"en-US\",\"@id\":\"https:\/\/www.theskeye.com\/lead-with-clarity-conversando-con-ceos-fina-llados-directora-general-amgen-iberia\/#primaryimage\",\"url\":\"https:\/\/www.theskeye.com\/wp-content\/uploads\/2020\/10\/Captura-de-Pantalla-2020-10-08-a-les-10.21.13.png\",\"contentUrl\":\"https:\/\/www.theskeye.com\/wp-content\/uploads\/2020\/10\/Captura-de-Pantalla-2020-10-08-a-les-10.21.13.png\",\"width\":905,\"height\":448},{\"@type\":\"BreadcrumbList\",\"@id\":\"https:\/\/www.theskeye.com\/lead-with-clarity-conversando-con-ceos-fina-llados-directora-general-amgen-iberia\/#breadcrumb\",\"itemListElement\":[{\"@type\":\"ListItem\",\"position\":1,\"name\":\"Inicio\",\"item\":\"https:\/\/www.theskeye.com\/en\/\"},{\"@type\":\"ListItem\",\"position\":2,\"name\":\"Lead with clarity-Conversando con CEO\u2019s: Fina Llad\u00f3s, Directora General Amgen Iberia\"}]},{\"@type\":\"WebSite\",\"@id\":\"https:\/\/www.theskeye.com\/#website\",\"url\":\"https:\/\/www.theskeye.com\/\",\"name\":\"The Skeye\",\"description\":\"Consultora boutique que ofrece servicio de alto valor a\u00f1adido vinculados a la direcci\u00f3n estrat\u00e9gica y la direcci\u00f3n de personas\",\"potentialAction\":[{\"@type\":\"SearchAction\",\"target\":{\"@type\":\"EntryPoint\",\"urlTemplate\":\"https:\/\/www.theskeye.com\/?s={search_term_string}\"},\"query-input\":{\"@type\":\"PropertyValueSpecification\",\"valueRequired\":true,\"valueName\":\"search_term_string\"}}],\"inLanguage\":\"en-US\"},{\"@type\":\"Person\",\"@id\":\"https:\/\/www.theskeye.com\/#\/schema\/person\/d68cdf279635f30f976579cf114e8305\",\"name\":\"The Skeye\",\"url\":\"https:\/\/www.theskeye.com\/en\/author\/theskeye\/\"}]}<\/script>\n<!-- \/ Yoast SEO plugin. -->","yoast_head_json":{"title":"Lead with clarity-Conversando con CEO\u2019s: Fina Llad\u00f3s, Directora General Amgen Iberia - The Skeye","robots":{"index":"index","follow":"follow","max-snippet":"max-snippet:-1","max-image-preview":"max-image-preview:large","max-video-preview":"max-video-preview:-1"},"canonical":"https:\/\/www.theskeye.com\/en\/lead-with-clarity-conversando-con-ceos-fina-llados-directora-general-amgen-iberia\/","og_locale":"en_US","og_type":"article","og_title":"Lead with clarity-Conversando con CEO\u2019s: Fina Llad\u00f3s, Directora General Amgen Iberia - The Skeye","og_description":"Nueva entrega de Lead with Clarity. En esta ocasi\u00f3n contamos con las reflexiones de Fina Llad\u00f3s, que aporta su perspectiva profesional sobre las organizaciones del sector cient\u00edfico y la importancia...","og_url":"https:\/\/www.theskeye.com\/lead-with-clarity-conversando-con-ceos-fina-llados-directora-general-amgen-iberia\/","og_site_name":"The Skeye","article_published_time":"2020-10-08T08:51:32+00:00","article_modified_time":"2021-10-25T11:58:53+00:00","og_image":[{"width":905,"height":448,"url":"https:\/\/www.theskeye.com\/wp-content\/uploads\/2020\/10\/Captura-de-Pantalla-2020-10-08-a-les-10.21.13.png","type":"image\/png"}],"author":"The Skeye","twitter_card":"summary_large_image","twitter_misc":{"Written by":"The Skeye","Est. reading time":"2 minutes"},"schema":{"@context":"https:\/\/schema.org","@graph":[{"@type":"WebPage","@id":"https:\/\/www.theskeye.com\/lead-with-clarity-conversando-con-ceos-fina-llados-directora-general-amgen-iberia\/","url":"https:\/\/www.theskeye.com\/lead-with-clarity-conversando-con-ceos-fina-llados-directora-general-amgen-iberia\/","name":"Lead with clarity-Conversando con CEO\u2019s: Fina Llad\u00f3s, Directora General Amgen Iberia - The Skeye","isPartOf":{"@id":"https:\/\/www.theskeye.com\/#website"},"primaryImageOfPage":{"@id":"https:\/\/www.theskeye.com\/lead-with-clarity-conversando-con-ceos-fina-llados-directora-general-amgen-iberia\/#primaryimage"},"image":{"@id":"https:\/\/www.theskeye.com\/lead-with-clarity-conversando-con-ceos-fina-llados-directora-general-amgen-iberia\/#primaryimage"},"thumbnailUrl":"https:\/\/www.theskeye.com\/wp-content\/uploads\/2020\/10\/Captura-de-Pantalla-2020-10-08-a-les-10.21.13.png","datePublished":"2020-10-08T08:51:32+00:00","dateModified":"2021-10-25T11:58:53+00:00","author":{"@id":"https:\/\/www.theskeye.com\/#\/schema\/person\/d68cdf279635f30f976579cf114e8305"},"breadcrumb":{"@id":"https:\/\/www.theskeye.com\/lead-with-clarity-conversando-con-ceos-fina-llados-directora-general-amgen-iberia\/#breadcrumb"},"inLanguage":"en-US","potentialAction":[{"@type":"ReadAction","target":["https:\/\/www.theskeye.com\/lead-with-clarity-conversando-con-ceos-fina-llados-directora-general-amgen-iberia\/"]}]},{"@type":"ImageObject","inLanguage":"en-US","@id":"https:\/\/www.theskeye.com\/lead-with-clarity-conversando-con-ceos-fina-llados-directora-general-amgen-iberia\/#primaryimage","url":"https:\/\/www.theskeye.com\/wp-content\/uploads\/2020\/10\/Captura-de-Pantalla-2020-10-08-a-les-10.21.13.png","contentUrl":"https:\/\/www.theskeye.com\/wp-content\/uploads\/2020\/10\/Captura-de-Pantalla-2020-10-08-a-les-10.21.13.png","width":905,"height":448},{"@type":"BreadcrumbList","@id":"https:\/\/www.theskeye.com\/lead-with-clarity-conversando-con-ceos-fina-llados-directora-general-amgen-iberia\/#breadcrumb","itemListElement":[{"@type":"ListItem","position":1,"name":"Inicio","item":"https:\/\/www.theskeye.com\/en\/"},{"@type":"ListItem","position":2,"name":"Lead with clarity-Conversando con CEO\u2019s: Fina Llad\u00f3s, Directora General Amgen Iberia"}]},{"@type":"WebSite","@id":"https:\/\/www.theskeye.com\/#website","url":"https:\/\/www.theskeye.com\/","name":"The Skeye","description":"Consultora boutique que ofrece servicio de alto valor a\u00f1adido vinculados a la direcci\u00f3n estrat\u00e9gica y la direcci\u00f3n de personas","potentialAction":[{"@type":"SearchAction","target":{"@type":"EntryPoint","urlTemplate":"https:\/\/www.theskeye.com\/?s={search_term_string}"},"query-input":{"@type":"PropertyValueSpecification","valueRequired":true,"valueName":"search_term_string"}}],"inLanguage":"en-US"},{"@type":"Person","@id":"https:\/\/www.theskeye.com\/#\/schema\/person\/d68cdf279635f30f976579cf114e8305","name":"The Skeye","url":"https:\/\/www.theskeye.com\/en\/author\/theskeye\/"}]}},"_links":{"self":[{"href":"https:\/\/www.theskeye.com\/en\/wp-json\/wp\/v2\/posts\/3234"}],"collection":[{"href":"https:\/\/www.theskeye.com\/en\/wp-json\/wp\/v2\/posts"}],"about":[{"href":"https:\/\/www.theskeye.com\/en\/wp-json\/wp\/v2\/types\/post"}],"author":[{"embeddable":true,"href":"https:\/\/www.theskeye.com\/en\/wp-json\/wp\/v2\/users\/2"}],"replies":[{"embeddable":true,"href":"https:\/\/www.theskeye.com\/en\/wp-json\/wp\/v2\/comments?post=3234"}],"version-history":[{"count":3,"href":"https:\/\/www.theskeye.com\/en\/wp-json\/wp\/v2\/posts\/3234\/revisions"}],"predecessor-version":[{"id":5234,"href":"https:\/\/www.theskeye.com\/en\/wp-json\/wp\/v2\/posts\/3234\/revisions\/5234"}],"wp:featuredmedia":[{"embeddable":true,"href":"https:\/\/www.theskeye.com\/en\/wp-json\/wp\/v2\/media\/3235"}],"wp:attachment":[{"href":"https:\/\/www.theskeye.com\/en\/wp-json\/wp\/v2\/media?parent=3234"}],"wp:term":[{"taxonomy":"category","embeddable":true,"href":"https:\/\/www.theskeye.com\/en\/wp-json\/wp\/v2\/categories?post=3234"},{"taxonomy":"post_tag","embeddable":true,"href":"https:\/\/www.theskeye.com\/en\/wp-json\/wp\/v2\/tags?post=3234"}],"curies":[{"name":"wp","href":"https:\/\/api.w.org\/{rel}","templated":true}]}}