{"id":3319,"date":"2021-02-17T09:11:23","date_gmt":"2021-02-17T09:11:23","guid":{"rendered":"https:\/\/www.theskeye.com\/?p=3319"},"modified":"2021-10-25T14:44:39","modified_gmt":"2021-10-25T13:44:39","slug":"lead-with-clarity-direccion-de-personas-marisin-perolada-head-of-hr-en-covestro","status":"publish","type":"post","link":"https:\/\/www.theskeye.com\/en\/lead-with-clarity-direccion-de-personas-marisin-perolada-head-of-hr-en-covestro\/","title":{"rendered":"Lead with clarity-Direcci\u00f3n de Personas: Maris\u00edn Perolada, Head of HR en Covestro"},"content":{"rendered":"\n<p>Hoy iniciamos un nuevo ciclo de entrevistas centradas en Director@s de Recursos Humanos y empezamos compartiendo las interesantes reflexiones de Maris\u00edn Perolada, Responsable de Recursos Humanos en Covestro:<\/p>\n\n\n\n<p><strong>\u00bfC\u00f3mo ha cambiado la percepci\u00f3n sobre el Departamento de Personas en tu empresa, en el \u00faltimo a\u00f1o?<\/strong><\/p>\n\n\n\n<p>La vocaci\u00f3n del&nbsp; departamento de RRHH de Covestro&nbsp; es la de estar al servicio de la compa\u00f1\u00eda desde el conocimiento cercano de las personas que la integran. Esa cercan\u00eda supone un valor que genera la confianza necesaria para lleva a cabo las m\u00faltiples actuaciones que requiere un entorno tan cambiante.&nbsp;Al principio de \u00faltimo a\u00f1o todo fue muy r\u00e1pido y surgieron dudas de si seriamos capaces de poder mantener esa conexi\u00f3n tan cercana y la percepci\u00f3n del departamento como centro de valor no decayese..&nbsp; A d\u00eda de hoy puedo asegurar que&nbsp; esa percepci\u00f3n no ha cambiado, no s\u00f3lo gracias al uso de las nuevas tecnolog\u00edas y formas de conexi\u00f3n (no deja de ser la herramienta), sino por el compromiso de los profesionales que formamos parte del equipo as\u00ed como el del resto de las personas de la empresa, un compromiso que se ha tradujo en el objetivo de que todo deb\u00eda seguir adelante.<\/p>\n\n\n\n<p><br><strong> \u00bfQu\u00e9 crees que debe aportar hoy la Direcci\u00f3n de Personas en el Comit\u00e9 de Direcci\u00f3n?<\/strong><\/p>\n\n\n\n<p>Ha de ser el departamento vertebrador que conecta el negocio con las personas que forman la compa\u00f1\u00eda. Ha de ser garante de ese v\u00ednculo dentro del del Comit\u00e9 de Direcci\u00f3n, aportando conocimiento, pero tambi\u00e9n actuando como <em>coach<\/em> de liderazgo, es decir canalizando el potencial de los miembros del Comit\u00e9 para que puedan ser verdaderos l\u00edderes de la organizaci\u00f3n.<\/p>\n\n\n\n<p><br><strong>\u00bfCu\u00e1les son las 3 competencias que m\u00e1s valoras en la selecci\u00f3n de un Directivo para tu Empresa?<\/strong><\/p>\n\n\n\n<p>Entre todas las competencias de propias del liderazgo, en Covestro destacamos las de inspirar confianza, pensamiento estrat\u00e9gico y cultivo de la Innovaci\u00f3n. Son tres pilares orientados a personas y negocio, pero incluso van m\u00e1s all\u00e1 porque crean&nbsp; sinergias en su relaci\u00f3n con la sociedad.<\/p>\n\n\n\n<p><strong>A nivel personal y profesional \u00bfqu\u00e9 has aprendido durante estos meses?<\/strong><\/p>\n\n\n\n<p>Este a\u00f1o ha representado aprendizaje acelerado en todos los sentidos. He aprendido que el potencial que tienen las personas para superar las adversidades y adaptarse a los cambios es infinitamente m\u00e1s grande que el que cre\u00edamos. He podido comprobar con el compromiso, el conocimiento y el esp\u00edritu de equipo pueden superarse obst\u00e1culos que parecen infranqueables. A nivel profesional, la generaci\u00f3n de un entorno seguro para que todo pueda seguir adelante, la superaci\u00f3n de los cambios y el planteamiento estrat\u00e9gico disruptivo en un entorno cada vez m\u00e1s cambiante ha supuesto todo un reto. Nuestra estabilidad est\u00e1 en el movimiento.<\/p>\n","protected":false},"excerpt":{"rendered":"<p>Hoy iniciamos un nuevo ciclo de entrevistas centradas en Director@s de Recursos Humanos y empezamos compartiendo las interesantes reflexiones de Maris\u00edn Perolada, Responsable de Recursos Humanos en Covestro: \u00bfC\u00f3mo ha&#8230;<\/p>\n","protected":false},"author":2,"featured_media":3320,"comment_status":"closed","ping_status":"closed","sticky":false,"template":"","format":"standard","meta":{"footnotes":""},"categories":[37,165],"tags":[],"class_list":{"0":"post-3319","1":"post","2":"type-post","3":"status-publish","4":"format-standard","5":"has-post-thumbnail","7":"category-comunicacion","8":"category-consultoria-estrategica-de-rrhh"},"yoast_head":"<!-- This site is optimized with the Yoast SEO plugin v25.6 - https:\/\/yoast.com\/wordpress\/plugins\/seo\/ -->\n<title>Lead with clarity-Direcci\u00f3n de Personas: Maris\u00edn Perolada, Head of HR en Covestro - The Skeye<\/title>\n<meta name=\"robots\" content=\"index, follow, max-snippet:-1, max-image-preview:large, max-video-preview:-1\" \/>\n<link rel=\"canonical\" href=\"https:\/\/www.theskeye.com\/en\/lead-with-clarity-direccion-de-personas-marisin-perolada-head-of-hr-en-covestro\/\" \/>\n<meta property=\"og:locale\" content=\"en_US\" \/>\n<meta property=\"og:type\" content=\"article\" \/>\n<meta property=\"og:title\" content=\"Lead with clarity-Direcci\u00f3n de Personas: Maris\u00edn Perolada, Head of HR en Covestro - The Skeye\" \/>\n<meta property=\"og:description\" content=\"Hoy iniciamos un nuevo ciclo de entrevistas centradas en Director@s de Recursos Humanos y empezamos compartiendo las interesantes reflexiones de Maris\u00edn Perolada, Responsable de Recursos Humanos en Covestro: \u00bfC\u00f3mo ha...\" \/>\n<meta property=\"og:url\" content=\"https:\/\/www.theskeye.com\/lead-with-clarity-direccion-de-personas-marisin-perolada-head-of-hr-en-covestro\/\" \/>\n<meta property=\"og:site_name\" content=\"The Skeye\" \/>\n<meta property=\"article:published_time\" content=\"2021-02-17T09:11:23+00:00\" \/>\n<meta property=\"article:modified_time\" content=\"2021-10-25T13:44:39+00:00\" \/>\n<meta property=\"og:image\" content=\"https:\/\/www.theskeye.com\/wp-content\/uploads\/2021\/02\/Captura-de-Pantalla-2021-02-17-a-les-9.05.43.png\" \/>\n\t<meta property=\"og:image:width\" content=\"875\" \/>\n\t<meta property=\"og:image:height\" content=\"437\" \/>\n\t<meta property=\"og:image:type\" content=\"image\/png\" \/>\n<meta name=\"author\" content=\"The Skeye\" \/>\n<meta name=\"twitter:card\" content=\"summary_large_image\" \/>\n<meta name=\"twitter:label1\" content=\"Written by\" \/>\n\t<meta name=\"twitter:data1\" content=\"The Skeye\" \/>\n\t<meta name=\"twitter:label2\" content=\"Est. reading time\" \/>\n\t<meta name=\"twitter:data2\" content=\"2 minutes\" \/>\n<script type=\"application\/ld+json\" class=\"yoast-schema-graph\">{\"@context\":\"https:\/\/schema.org\",\"@graph\":[{\"@type\":\"WebPage\",\"@id\":\"https:\/\/www.theskeye.com\/lead-with-clarity-direccion-de-personas-marisin-perolada-head-of-hr-en-covestro\/\",\"url\":\"https:\/\/www.theskeye.com\/lead-with-clarity-direccion-de-personas-marisin-perolada-head-of-hr-en-covestro\/\",\"name\":\"Lead with clarity-Direcci\u00f3n de Personas: Maris\u00edn Perolada, Head of HR en Covestro - The Skeye\",\"isPartOf\":{\"@id\":\"https:\/\/www.theskeye.com\/#website\"},\"primaryImageOfPage\":{\"@id\":\"https:\/\/www.theskeye.com\/lead-with-clarity-direccion-de-personas-marisin-perolada-head-of-hr-en-covestro\/#primaryimage\"},\"image\":{\"@id\":\"https:\/\/www.theskeye.com\/lead-with-clarity-direccion-de-personas-marisin-perolada-head-of-hr-en-covestro\/#primaryimage\"},\"thumbnailUrl\":\"https:\/\/www.theskeye.com\/wp-content\/uploads\/2021\/02\/Captura-de-Pantalla-2021-02-17-a-les-9.05.43.png\",\"datePublished\":\"2021-02-17T09:11:23+00:00\",\"dateModified\":\"2021-10-25T13:44:39+00:00\",\"author\":{\"@id\":\"https:\/\/www.theskeye.com\/#\/schema\/person\/d68cdf279635f30f976579cf114e8305\"},\"breadcrumb\":{\"@id\":\"https:\/\/www.theskeye.com\/lead-with-clarity-direccion-de-personas-marisin-perolada-head-of-hr-en-covestro\/#breadcrumb\"},\"inLanguage\":\"en-US\",\"potentialAction\":[{\"@type\":\"ReadAction\",\"target\":[\"https:\/\/www.theskeye.com\/lead-with-clarity-direccion-de-personas-marisin-perolada-head-of-hr-en-covestro\/\"]}]},{\"@type\":\"ImageObject\",\"inLanguage\":\"en-US\",\"@id\":\"https:\/\/www.theskeye.com\/lead-with-clarity-direccion-de-personas-marisin-perolada-head-of-hr-en-covestro\/#primaryimage\",\"url\":\"https:\/\/www.theskeye.com\/wp-content\/uploads\/2021\/02\/Captura-de-Pantalla-2021-02-17-a-les-9.05.43.png\",\"contentUrl\":\"https:\/\/www.theskeye.com\/wp-content\/uploads\/2021\/02\/Captura-de-Pantalla-2021-02-17-a-les-9.05.43.png\",\"width\":875,\"height\":437},{\"@type\":\"BreadcrumbList\",\"@id\":\"https:\/\/www.theskeye.com\/lead-with-clarity-direccion-de-personas-marisin-perolada-head-of-hr-en-covestro\/#breadcrumb\",\"itemListElement\":[{\"@type\":\"ListItem\",\"position\":1,\"name\":\"Inicio\",\"item\":\"https:\/\/www.theskeye.com\/en\/\"},{\"@type\":\"ListItem\",\"position\":2,\"name\":\"Lead with clarity-Direcci\u00f3n de Personas: Maris\u00edn Perolada, Head of HR en Covestro\"}]},{\"@type\":\"WebSite\",\"@id\":\"https:\/\/www.theskeye.com\/#website\",\"url\":\"https:\/\/www.theskeye.com\/\",\"name\":\"The Skeye\",\"description\":\"Consultora boutique que ofrece servicio de alto valor a\u00f1adido vinculados a la direcci\u00f3n estrat\u00e9gica y la direcci\u00f3n de personas\",\"potentialAction\":[{\"@type\":\"SearchAction\",\"target\":{\"@type\":\"EntryPoint\",\"urlTemplate\":\"https:\/\/www.theskeye.com\/?s={search_term_string}\"},\"query-input\":{\"@type\":\"PropertyValueSpecification\",\"valueRequired\":true,\"valueName\":\"search_term_string\"}}],\"inLanguage\":\"en-US\"},{\"@type\":\"Person\",\"@id\":\"https:\/\/www.theskeye.com\/#\/schema\/person\/d68cdf279635f30f976579cf114e8305\",\"name\":\"The Skeye\",\"url\":\"https:\/\/www.theskeye.com\/en\/author\/theskeye\/\"}]}<\/script>\n<!-- \/ Yoast SEO plugin. -->","yoast_head_json":{"title":"Lead with clarity-Direcci\u00f3n de Personas: Maris\u00edn Perolada, Head of HR en Covestro - The Skeye","robots":{"index":"index","follow":"follow","max-snippet":"max-snippet:-1","max-image-preview":"max-image-preview:large","max-video-preview":"max-video-preview:-1"},"canonical":"https:\/\/www.theskeye.com\/en\/lead-with-clarity-direccion-de-personas-marisin-perolada-head-of-hr-en-covestro\/","og_locale":"en_US","og_type":"article","og_title":"Lead with clarity-Direcci\u00f3n de Personas: Maris\u00edn Perolada, Head of HR en Covestro - The Skeye","og_description":"Hoy iniciamos un nuevo ciclo de entrevistas centradas en Director@s de Recursos Humanos y empezamos compartiendo las interesantes reflexiones de Maris\u00edn Perolada, Responsable de Recursos Humanos en Covestro: \u00bfC\u00f3mo ha...","og_url":"https:\/\/www.theskeye.com\/lead-with-clarity-direccion-de-personas-marisin-perolada-head-of-hr-en-covestro\/","og_site_name":"The Skeye","article_published_time":"2021-02-17T09:11:23+00:00","article_modified_time":"2021-10-25T13:44:39+00:00","og_image":[{"width":875,"height":437,"url":"https:\/\/www.theskeye.com\/wp-content\/uploads\/2021\/02\/Captura-de-Pantalla-2021-02-17-a-les-9.05.43.png","type":"image\/png"}],"author":"The Skeye","twitter_card":"summary_large_image","twitter_misc":{"Written by":"The Skeye","Est. reading time":"2 minutes"},"schema":{"@context":"https:\/\/schema.org","@graph":[{"@type":"WebPage","@id":"https:\/\/www.theskeye.com\/lead-with-clarity-direccion-de-personas-marisin-perolada-head-of-hr-en-covestro\/","url":"https:\/\/www.theskeye.com\/lead-with-clarity-direccion-de-personas-marisin-perolada-head-of-hr-en-covestro\/","name":"Lead with clarity-Direcci\u00f3n de Personas: Maris\u00edn Perolada, Head of HR en Covestro - The Skeye","isPartOf":{"@id":"https:\/\/www.theskeye.com\/#website"},"primaryImageOfPage":{"@id":"https:\/\/www.theskeye.com\/lead-with-clarity-direccion-de-personas-marisin-perolada-head-of-hr-en-covestro\/#primaryimage"},"image":{"@id":"https:\/\/www.theskeye.com\/lead-with-clarity-direccion-de-personas-marisin-perolada-head-of-hr-en-covestro\/#primaryimage"},"thumbnailUrl":"https:\/\/www.theskeye.com\/wp-content\/uploads\/2021\/02\/Captura-de-Pantalla-2021-02-17-a-les-9.05.43.png","datePublished":"2021-02-17T09:11:23+00:00","dateModified":"2021-10-25T13:44:39+00:00","author":{"@id":"https:\/\/www.theskeye.com\/#\/schema\/person\/d68cdf279635f30f976579cf114e8305"},"breadcrumb":{"@id":"https:\/\/www.theskeye.com\/lead-with-clarity-direccion-de-personas-marisin-perolada-head-of-hr-en-covestro\/#breadcrumb"},"inLanguage":"en-US","potentialAction":[{"@type":"ReadAction","target":["https:\/\/www.theskeye.com\/lead-with-clarity-direccion-de-personas-marisin-perolada-head-of-hr-en-covestro\/"]}]},{"@type":"ImageObject","inLanguage":"en-US","@id":"https:\/\/www.theskeye.com\/lead-with-clarity-direccion-de-personas-marisin-perolada-head-of-hr-en-covestro\/#primaryimage","url":"https:\/\/www.theskeye.com\/wp-content\/uploads\/2021\/02\/Captura-de-Pantalla-2021-02-17-a-les-9.05.43.png","contentUrl":"https:\/\/www.theskeye.com\/wp-content\/uploads\/2021\/02\/Captura-de-Pantalla-2021-02-17-a-les-9.05.43.png","width":875,"height":437},{"@type":"BreadcrumbList","@id":"https:\/\/www.theskeye.com\/lead-with-clarity-direccion-de-personas-marisin-perolada-head-of-hr-en-covestro\/#breadcrumb","itemListElement":[{"@type":"ListItem","position":1,"name":"Inicio","item":"https:\/\/www.theskeye.com\/en\/"},{"@type":"ListItem","position":2,"name":"Lead with clarity-Direcci\u00f3n de Personas: Maris\u00edn Perolada, Head of HR en Covestro"}]},{"@type":"WebSite","@id":"https:\/\/www.theskeye.com\/#website","url":"https:\/\/www.theskeye.com\/","name":"The Skeye","description":"Consultora boutique que ofrece servicio de alto valor a\u00f1adido vinculados a la direcci\u00f3n estrat\u00e9gica y la direcci\u00f3n de personas","potentialAction":[{"@type":"SearchAction","target":{"@type":"EntryPoint","urlTemplate":"https:\/\/www.theskeye.com\/?s={search_term_string}"},"query-input":{"@type":"PropertyValueSpecification","valueRequired":true,"valueName":"search_term_string"}}],"inLanguage":"en-US"},{"@type":"Person","@id":"https:\/\/www.theskeye.com\/#\/schema\/person\/d68cdf279635f30f976579cf114e8305","name":"The Skeye","url":"https:\/\/www.theskeye.com\/en\/author\/theskeye\/"}]}},"_links":{"self":[{"href":"https:\/\/www.theskeye.com\/en\/wp-json\/wp\/v2\/posts\/3319"}],"collection":[{"href":"https:\/\/www.theskeye.com\/en\/wp-json\/wp\/v2\/posts"}],"about":[{"href":"https:\/\/www.theskeye.com\/en\/wp-json\/wp\/v2\/types\/post"}],"author":[{"embeddable":true,"href":"https:\/\/www.theskeye.com\/en\/wp-json\/wp\/v2\/users\/2"}],"replies":[{"embeddable":true,"href":"https:\/\/www.theskeye.com\/en\/wp-json\/wp\/v2\/comments?post=3319"}],"version-history":[{"count":2,"href":"https:\/\/www.theskeye.com\/en\/wp-json\/wp\/v2\/posts\/3319\/revisions"}],"predecessor-version":[{"id":5232,"href":"https:\/\/www.theskeye.com\/en\/wp-json\/wp\/v2\/posts\/3319\/revisions\/5232"}],"wp:featuredmedia":[{"embeddable":true,"href":"https:\/\/www.theskeye.com\/en\/wp-json\/wp\/v2\/media\/3320"}],"wp:attachment":[{"href":"https:\/\/www.theskeye.com\/en\/wp-json\/wp\/v2\/media?parent=3319"}],"wp:term":[{"taxonomy":"category","embeddable":true,"href":"https:\/\/www.theskeye.com\/en\/wp-json\/wp\/v2\/categories?post=3319"},{"taxonomy":"post_tag","embeddable":true,"href":"https:\/\/www.theskeye.com\/en\/wp-json\/wp\/v2\/tags?post=3319"}],"curies":[{"name":"wp","href":"https:\/\/api.w.org\/{rel}","templated":true}]}}