{"id":3330,"date":"2021-03-08T10:11:58","date_gmt":"2021-03-08T10:11:58","guid":{"rendered":"https:\/\/www.theskeye.com\/?p=3330"},"modified":"2021-10-25T14:44:17","modified_gmt":"2021-10-25T13:44:17","slug":"lead-with-clarity-direccion-de-personas-lidia-montagudo-chro-grupo-industrial-cl","status":"publish","type":"post","link":"https:\/\/www.theskeye.com\/en\/lead-with-clarity-direccion-de-personas-lidia-montagudo-chro-grupo-industrial-cl\/","title":{"rendered":"Lead with clarity-Direcci\u00f3n de Personas: L\u00eddia Montagudo, CHRO Grupo Industrial CL"},"content":{"rendered":"\n<p>Los Departamento de Personas est\u00e1n siendo protagonistas de este \u00faltimo a\u00f1o. Hoy hablamos con L\u00eddia Monteagudo sobre aprendizajes y otras cuestiones que han afectado el \u00faltimo a\u00f1o la Direcci\u00f3n de Personas. <\/p>\n\n\n\n<p><strong>C\u00f3mo ha cambiado la percepci\u00f3n sobre el Departamento de Personas en tu empresa el \u00faltimo a\u00f1o?<\/strong><\/p>\n\n\n\n<p>El Departamento de Personas siempre ha estado al lado de los colaboradores, pero es cierto que este \u00faltimo a\u00f1o, adem\u00e1s, nos perciben como su \u201cred de seguridad\u201d. Durante los primeros meses de pandemia todo era nuevo y la capacidad de reacci\u00f3n deb\u00eda ser casi inmediata para poder acompa\u00f1ar a los directores en su toma de decisiones y a los empleados en general. Conocer de cerca cu\u00e1les eran las necesidades de todos ellos result\u00f3 b\u00e1sico para poder garantizar las decisiones adecuadas en cada momento y que los colaboradores se sintieran en un entorno seguro, medido y facilitador. Esto hizo que una parte importante de la plantilla se identificara m\u00e1s que nunca el orgullo de pertenencia y se volcara para asegurar que las tareas diarias se atendieran con igual eficiencia que siempre.<\/p>\n\n\n\n<p><strong>\u00bfQu\u00e9 crees que debe aportar hoy la Direcci\u00f3n de Personas al Comit\u00e9 de Direcci\u00f3n?<\/strong><\/p>\n\n\n\n<p>Sin duda, se trata de seguir aportando nuestra visi\u00f3n estrat\u00e9gica en temas tan relevantes como el desarrollo del talento, los valores corporativos o&nbsp;la gesti\u00f3n del cambio organizativo. Esto est\u00e1 provocando que, cada vez m\u00e1s, el Departamento de Personas sea un partner imprescindible durante la toma de decisiones estrat\u00e9gicas en el comit\u00e9 de direcci\u00f3n.<\/p>\n\n\n\n<p><strong>\u00bfCu\u00e1les son las 3 competencias que m\u00e1s valoras en la selecci\u00f3n de un Directivo para tu Empresa?<\/strong><\/p>\n\n\n\n<p><strong>Agilidad para el cambio<\/strong>. La pandemia ha enfatizado mucho esta competencia ya que nos encontramos inmersos en un entorno VUCA como nunca antes se hab\u00eda visto.<\/p>\n\n\n\n<p><strong>Visi\u00f3n estrat\u00e9gica<\/strong>. Tener la capacidad de conectar los inputs que llegan desde los distintos departamentos para trazar el camino a recorrer es una capacidad casi imprescindible ahora que se trabaja de manera tan transversal y con una movilidad interna tan elevada.<\/p>\n\n\n\n<p><strong>Liderazgo transformacional<\/strong>. En un contexto empresarial cambiante y din\u00e1mico encontrar la figura de un l\u00edder que se atreva a asumir riesgos, fomente el cambio y la creatividad con la mirada puesta en el futuro puede ser la clave para triunfar.<\/p>\n\n\n\n<p><strong>A nivel personal y profesional, \u00bfqu\u00e9 has aprendido durante estos meses?<\/strong><\/p>\n\n\n\n<p>Este \u00faltimo a\u00f1o ha sido un intenso periodo de aprendizaje a todos los niveles. Por un lado, he aprendido a poner en valor aspectos que antes daba por sentado, como la salud, la familia, \u00a1los reencuentros! Y el hecho de que todo puede cambiar de un d\u00eda para el otro, por lo que es bueno estar m\u00e1s centrado en el ahora. Sin duda, despu\u00e9s de todo lo vivido pongo m\u00e1s \u00e9nfasis en apreciar lo que tengo, m\u00e1s que fijarme en lo que no tengo.&nbsp;<\/p>\n\n\n\n<p>A nivel profesional ha sido un reto en todos los \u00e1mbitos que se puedan imaginar. Pero si tengo que hacer referencia a uno, este va muy ligado a lo que acabo de comentar. Y es que este cambio en nuestra forma de ver el mundo y relacionarnos con \u00e9l ha impactado directamente en el entorno laboral. Como Departamento de Personas tenemos el reto de conseguir que estas nuevas prioridades o valores personales se vean reflejados en la cultura empresarial y se les d\u00e9 respuesta para captar y cuidar el mejor talento.<\/p>\n\n\n\n<p>\u00a1Gracias L\u00eddia por tus aportaciones!<\/p>\n","protected":false},"excerpt":{"rendered":"<p>Los Departamento de Personas est\u00e1n siendo protagonistas de este \u00faltimo a\u00f1o. Hoy hablamos con L\u00eddia Monteagudo sobre aprendizajes y otras cuestiones que han afectado el \u00faltimo a\u00f1o la Direcci\u00f3n de&#8230;<\/p>\n","protected":false},"author":2,"featured_media":3331,"comment_status":"closed","ping_status":"closed","sticky":false,"template":"","format":"standard","meta":{"footnotes":""},"categories":[37,165],"tags":[],"class_list":{"0":"post-3330","1":"post","2":"type-post","3":"status-publish","4":"format-standard","5":"has-post-thumbnail","7":"category-comunicacion","8":"category-consultoria-estrategica-de-rrhh"},"yoast_head":"<!-- This site is optimized with the Yoast SEO plugin v25.6 - https:\/\/yoast.com\/wordpress\/plugins\/seo\/ -->\n<title>Lead with clarity-Direcci\u00f3n de Personas: L\u00eddia Montagudo, CHRO Grupo Industrial CL - The Skeye<\/title>\n<meta name=\"robots\" content=\"index, follow, max-snippet:-1, max-image-preview:large, max-video-preview:-1\" \/>\n<link rel=\"canonical\" href=\"https:\/\/www.theskeye.com\/en\/lead-with-clarity-direccion-de-personas-lidia-montagudo-chro-grupo-industrial-cl\/\" \/>\n<meta property=\"og:locale\" content=\"en_US\" \/>\n<meta property=\"og:type\" content=\"article\" \/>\n<meta property=\"og:title\" content=\"Lead with clarity-Direcci\u00f3n de Personas: L\u00eddia Montagudo, CHRO Grupo Industrial CL - The Skeye\" \/>\n<meta property=\"og:description\" content=\"Los Departamento de Personas est\u00e1n siendo protagonistas de este \u00faltimo a\u00f1o. Hoy hablamos con L\u00eddia Monteagudo sobre aprendizajes y otras cuestiones que han afectado el \u00faltimo a\u00f1o la Direcci\u00f3n de...\" \/>\n<meta property=\"og:url\" content=\"https:\/\/www.theskeye.com\/lead-with-clarity-direccion-de-personas-lidia-montagudo-chro-grupo-industrial-cl\/\" \/>\n<meta property=\"og:site_name\" content=\"The Skeye\" \/>\n<meta property=\"article:published_time\" content=\"2021-03-08T10:11:58+00:00\" \/>\n<meta property=\"article:modified_time\" content=\"2021-10-25T13:44:17+00:00\" \/>\n<meta property=\"og:image\" content=\"https:\/\/www.theskeye.com\/wp-content\/uploads\/2021\/03\/Lead-with-clarity....Conversando-con-CEOS.png\" \/>\n\t<meta property=\"og:image:width\" content=\"1024\" \/>\n\t<meta property=\"og:image:height\" content=\"512\" \/>\n\t<meta property=\"og:image:type\" content=\"image\/png\" \/>\n<meta name=\"author\" content=\"The Skeye\" \/>\n<meta name=\"twitter:card\" content=\"summary_large_image\" \/>\n<meta name=\"twitter:label1\" content=\"Written by\" \/>\n\t<meta name=\"twitter:data1\" content=\"The Skeye\" \/>\n\t<meta name=\"twitter:label2\" content=\"Est. reading time\" \/>\n\t<meta name=\"twitter:data2\" content=\"3 minutes\" \/>\n<script type=\"application\/ld+json\" class=\"yoast-schema-graph\">{\"@context\":\"https:\/\/schema.org\",\"@graph\":[{\"@type\":\"WebPage\",\"@id\":\"https:\/\/www.theskeye.com\/lead-with-clarity-direccion-de-personas-lidia-montagudo-chro-grupo-industrial-cl\/\",\"url\":\"https:\/\/www.theskeye.com\/lead-with-clarity-direccion-de-personas-lidia-montagudo-chro-grupo-industrial-cl\/\",\"name\":\"Lead with clarity-Direcci\u00f3n de Personas: L\u00eddia Montagudo, CHRO Grupo Industrial CL - The Skeye\",\"isPartOf\":{\"@id\":\"https:\/\/www.theskeye.com\/#website\"},\"primaryImageOfPage\":{\"@id\":\"https:\/\/www.theskeye.com\/lead-with-clarity-direccion-de-personas-lidia-montagudo-chro-grupo-industrial-cl\/#primaryimage\"},\"image\":{\"@id\":\"https:\/\/www.theskeye.com\/lead-with-clarity-direccion-de-personas-lidia-montagudo-chro-grupo-industrial-cl\/#primaryimage\"},\"thumbnailUrl\":\"https:\/\/www.theskeye.com\/wp-content\/uploads\/2021\/03\/Lead-with-clarity....Conversando-con-CEOS.png\",\"datePublished\":\"2021-03-08T10:11:58+00:00\",\"dateModified\":\"2021-10-25T13:44:17+00:00\",\"author\":{\"@id\":\"https:\/\/www.theskeye.com\/#\/schema\/person\/d68cdf279635f30f976579cf114e8305\"},\"breadcrumb\":{\"@id\":\"https:\/\/www.theskeye.com\/lead-with-clarity-direccion-de-personas-lidia-montagudo-chro-grupo-industrial-cl\/#breadcrumb\"},\"inLanguage\":\"en-US\",\"potentialAction\":[{\"@type\":\"ReadAction\",\"target\":[\"https:\/\/www.theskeye.com\/lead-with-clarity-direccion-de-personas-lidia-montagudo-chro-grupo-industrial-cl\/\"]}]},{\"@type\":\"ImageObject\",\"inLanguage\":\"en-US\",\"@id\":\"https:\/\/www.theskeye.com\/lead-with-clarity-direccion-de-personas-lidia-montagudo-chro-grupo-industrial-cl\/#primaryimage\",\"url\":\"https:\/\/www.theskeye.com\/wp-content\/uploads\/2021\/03\/Lead-with-clarity....Conversando-con-CEOS.png\",\"contentUrl\":\"https:\/\/www.theskeye.com\/wp-content\/uploads\/2021\/03\/Lead-with-clarity....Conversando-con-CEOS.png\",\"width\":1024,\"height\":512},{\"@type\":\"BreadcrumbList\",\"@id\":\"https:\/\/www.theskeye.com\/lead-with-clarity-direccion-de-personas-lidia-montagudo-chro-grupo-industrial-cl\/#breadcrumb\",\"itemListElement\":[{\"@type\":\"ListItem\",\"position\":1,\"name\":\"Inicio\",\"item\":\"https:\/\/www.theskeye.com\/en\/\"},{\"@type\":\"ListItem\",\"position\":2,\"name\":\"Lead with clarity-Direcci\u00f3n de Personas: L\u00eddia Montagudo, CHRO Grupo Industrial CL\"}]},{\"@type\":\"WebSite\",\"@id\":\"https:\/\/www.theskeye.com\/#website\",\"url\":\"https:\/\/www.theskeye.com\/\",\"name\":\"The Skeye\",\"description\":\"Consultora boutique que ofrece servicio de alto valor a\u00f1adido vinculados a la direcci\u00f3n estrat\u00e9gica y la direcci\u00f3n de personas\",\"potentialAction\":[{\"@type\":\"SearchAction\",\"target\":{\"@type\":\"EntryPoint\",\"urlTemplate\":\"https:\/\/www.theskeye.com\/?s={search_term_string}\"},\"query-input\":{\"@type\":\"PropertyValueSpecification\",\"valueRequired\":true,\"valueName\":\"search_term_string\"}}],\"inLanguage\":\"en-US\"},{\"@type\":\"Person\",\"@id\":\"https:\/\/www.theskeye.com\/#\/schema\/person\/d68cdf279635f30f976579cf114e8305\",\"name\":\"The Skeye\",\"url\":\"https:\/\/www.theskeye.com\/en\/author\/theskeye\/\"}]}<\/script>\n<!-- \/ Yoast SEO plugin. -->","yoast_head_json":{"title":"Lead with clarity-Direcci\u00f3n de Personas: L\u00eddia Montagudo, CHRO Grupo Industrial CL - The Skeye","robots":{"index":"index","follow":"follow","max-snippet":"max-snippet:-1","max-image-preview":"max-image-preview:large","max-video-preview":"max-video-preview:-1"},"canonical":"https:\/\/www.theskeye.com\/en\/lead-with-clarity-direccion-de-personas-lidia-montagudo-chro-grupo-industrial-cl\/","og_locale":"en_US","og_type":"article","og_title":"Lead with clarity-Direcci\u00f3n de Personas: L\u00eddia Montagudo, CHRO Grupo Industrial CL - The Skeye","og_description":"Los Departamento de Personas est\u00e1n siendo protagonistas de este \u00faltimo a\u00f1o. Hoy hablamos con L\u00eddia Monteagudo sobre aprendizajes y otras cuestiones que han afectado el \u00faltimo a\u00f1o la Direcci\u00f3n de...","og_url":"https:\/\/www.theskeye.com\/lead-with-clarity-direccion-de-personas-lidia-montagudo-chro-grupo-industrial-cl\/","og_site_name":"The Skeye","article_published_time":"2021-03-08T10:11:58+00:00","article_modified_time":"2021-10-25T13:44:17+00:00","og_image":[{"width":1024,"height":512,"url":"https:\/\/www.theskeye.com\/wp-content\/uploads\/2021\/03\/Lead-with-clarity....Conversando-con-CEOS.png","type":"image\/png"}],"author":"The Skeye","twitter_card":"summary_large_image","twitter_misc":{"Written by":"The Skeye","Est. reading time":"3 minutes"},"schema":{"@context":"https:\/\/schema.org","@graph":[{"@type":"WebPage","@id":"https:\/\/www.theskeye.com\/lead-with-clarity-direccion-de-personas-lidia-montagudo-chro-grupo-industrial-cl\/","url":"https:\/\/www.theskeye.com\/lead-with-clarity-direccion-de-personas-lidia-montagudo-chro-grupo-industrial-cl\/","name":"Lead with clarity-Direcci\u00f3n de Personas: L\u00eddia Montagudo, CHRO Grupo Industrial CL - The Skeye","isPartOf":{"@id":"https:\/\/www.theskeye.com\/#website"},"primaryImageOfPage":{"@id":"https:\/\/www.theskeye.com\/lead-with-clarity-direccion-de-personas-lidia-montagudo-chro-grupo-industrial-cl\/#primaryimage"},"image":{"@id":"https:\/\/www.theskeye.com\/lead-with-clarity-direccion-de-personas-lidia-montagudo-chro-grupo-industrial-cl\/#primaryimage"},"thumbnailUrl":"https:\/\/www.theskeye.com\/wp-content\/uploads\/2021\/03\/Lead-with-clarity....Conversando-con-CEOS.png","datePublished":"2021-03-08T10:11:58+00:00","dateModified":"2021-10-25T13:44:17+00:00","author":{"@id":"https:\/\/www.theskeye.com\/#\/schema\/person\/d68cdf279635f30f976579cf114e8305"},"breadcrumb":{"@id":"https:\/\/www.theskeye.com\/lead-with-clarity-direccion-de-personas-lidia-montagudo-chro-grupo-industrial-cl\/#breadcrumb"},"inLanguage":"en-US","potentialAction":[{"@type":"ReadAction","target":["https:\/\/www.theskeye.com\/lead-with-clarity-direccion-de-personas-lidia-montagudo-chro-grupo-industrial-cl\/"]}]},{"@type":"ImageObject","inLanguage":"en-US","@id":"https:\/\/www.theskeye.com\/lead-with-clarity-direccion-de-personas-lidia-montagudo-chro-grupo-industrial-cl\/#primaryimage","url":"https:\/\/www.theskeye.com\/wp-content\/uploads\/2021\/03\/Lead-with-clarity....Conversando-con-CEOS.png","contentUrl":"https:\/\/www.theskeye.com\/wp-content\/uploads\/2021\/03\/Lead-with-clarity....Conversando-con-CEOS.png","width":1024,"height":512},{"@type":"BreadcrumbList","@id":"https:\/\/www.theskeye.com\/lead-with-clarity-direccion-de-personas-lidia-montagudo-chro-grupo-industrial-cl\/#breadcrumb","itemListElement":[{"@type":"ListItem","position":1,"name":"Inicio","item":"https:\/\/www.theskeye.com\/en\/"},{"@type":"ListItem","position":2,"name":"Lead with clarity-Direcci\u00f3n de Personas: L\u00eddia Montagudo, CHRO Grupo Industrial CL"}]},{"@type":"WebSite","@id":"https:\/\/www.theskeye.com\/#website","url":"https:\/\/www.theskeye.com\/","name":"The Skeye","description":"Consultora boutique que ofrece servicio de alto valor a\u00f1adido vinculados a la direcci\u00f3n estrat\u00e9gica y la direcci\u00f3n de personas","potentialAction":[{"@type":"SearchAction","target":{"@type":"EntryPoint","urlTemplate":"https:\/\/www.theskeye.com\/?s={search_term_string}"},"query-input":{"@type":"PropertyValueSpecification","valueRequired":true,"valueName":"search_term_string"}}],"inLanguage":"en-US"},{"@type":"Person","@id":"https:\/\/www.theskeye.com\/#\/schema\/person\/d68cdf279635f30f976579cf114e8305","name":"The Skeye","url":"https:\/\/www.theskeye.com\/en\/author\/theskeye\/"}]}},"_links":{"self":[{"href":"https:\/\/www.theskeye.com\/en\/wp-json\/wp\/v2\/posts\/3330"}],"collection":[{"href":"https:\/\/www.theskeye.com\/en\/wp-json\/wp\/v2\/posts"}],"about":[{"href":"https:\/\/www.theskeye.com\/en\/wp-json\/wp\/v2\/types\/post"}],"author":[{"embeddable":true,"href":"https:\/\/www.theskeye.com\/en\/wp-json\/wp\/v2\/users\/2"}],"replies":[{"embeddable":true,"href":"https:\/\/www.theskeye.com\/en\/wp-json\/wp\/v2\/comments?post=3330"}],"version-history":[{"count":1,"href":"https:\/\/www.theskeye.com\/en\/wp-json\/wp\/v2\/posts\/3330\/revisions"}],"predecessor-version":[{"id":3334,"href":"https:\/\/www.theskeye.com\/en\/wp-json\/wp\/v2\/posts\/3330\/revisions\/3334"}],"wp:featuredmedia":[{"embeddable":true,"href":"https:\/\/www.theskeye.com\/en\/wp-json\/wp\/v2\/media\/3331"}],"wp:attachment":[{"href":"https:\/\/www.theskeye.com\/en\/wp-json\/wp\/v2\/media?parent=3330"}],"wp:term":[{"taxonomy":"category","embeddable":true,"href":"https:\/\/www.theskeye.com\/en\/wp-json\/wp\/v2\/categories?post=3330"},{"taxonomy":"post_tag","embeddable":true,"href":"https:\/\/www.theskeye.com\/en\/wp-json\/wp\/v2\/tags?post=3330"}],"curies":[{"name":"wp","href":"https:\/\/api.w.org\/{rel}","templated":true}]}}