{"id":3335,"date":"2021-03-17T10:18:23","date_gmt":"2021-03-17T10:18:23","guid":{"rendered":"https:\/\/www.theskeye.com\/?p=3335"},"modified":"2021-10-25T14:54:46","modified_gmt":"2021-10-25T13:54:46","slug":"y-seguimos-i-la-optimizacion-de-las-vacunas","status":"publish","type":"post","link":"https:\/\/www.theskeye.com\/en\/y-seguimos-i-la-optimizacion-de-las-vacunas\/","title":{"rendered":"Y SEGUIMOS&#8230; I: &#8220;La optimizaci\u00f3n de las vacunas&#8221;"},"content":{"rendered":"\n<p><\/p>\n\n\n\n<p>Hace unos d\u00edas la curiosidad me hizo seguir un enlace de los que aparecen en uno de esos diarios deportivos de Internet que resultaron ser el peri\u00f3dico de cabecera de un expresidente de Gobierno; hago un inciso para admitir con rubor que los consultores que escribimos art\u00edculos no estamos todo el tiempo consultando Harvard Business Review y The Economist. El enlace rezaba algo as\u00ed como \u201cCalcula tu fecha de vacunaci\u00f3n\u201d y, despu\u00e9s de rellenar muchos datos, me dieron la buena nueva de que ten\u00eda no s\u00e9 cu\u00e1ntos millones delante y que la fecha estimada estaba entre julio de 2021 y enero del a\u00f1o pr\u00f3ximo, un rango dif\u00edcilmente aceptable en la empresa privada y bastante descorazonador teniendo en cuenta todo lo que leemos sobre producci\u00f3n de vacunas, complejidad log\u00edstica, etc; <strong>leo en McKinsey que en Estados Unidos, con m\u00e1s vacunas disponibles, alcanzar\u00e1n la inmunidad de reba\u00f1o en Octubre y que no se espera reactivaci\u00f3n econ\u00f3mica antes de final del segundo trimestre\u2026<\/strong>que Dios nos pille confesados. El resumen de la calculadora es que soy poblaci\u00f3n adulta sana, y me toca despu\u00e9s de los grupos prioritarios y justo despu\u00e9s de la poblaci\u00f3n adulta sana que no pueda teletrabajar, es decir, que <strong>si tienes a tu plantilla no productiva trabajando en remoto cuenta que no les ver\u00e1s el pelo hasta que pase el verano como m\u00ednimo.<\/strong><\/p>\n\n\n\n<p>No cuestiono la estrategia general, y l\u00edbreme Dios de pedir que vacunen a unos antes que a otros; yo no podr\u00eda trabajar en el triaje de los hospitales ni en un ministerio que tome este tipo de decisiones, pero s\u00ed que puedo cuestionar la gesti\u00f3n del ejecutivo y c\u00f3mo pueden afectar sus decisiones al tejido econ\u00f3mico.<strong> No sabemos cu\u00e1ntas vacunas recibimos ni el ritmo de vacunaci\u00f3n o los recursos sanitarios disponibles, que como bien sabes depende de tu medio informativo de referencia; si la limitaci\u00f3n son nuestros recursos sanitarios y la distribuci\u00f3n log\u00edstica \u00bfpor qu\u00e9 no usamos todos los recursos disponibles?<\/strong> Y no me estoy refiriendo \u00fanicamente a la sanidad privada o a las mutuas (entidades colaboradoras con la Seguridad Social dice que son), sino a las propias empresas.&nbsp;<\/p>\n\n\n\n<p><strong>\u00bfHay alg\u00fan colectivo afectado por la crisis que est\u00e9 m\u00e1s interesado que los empresarios en que esta pandemia termine cuanto antes?<\/strong> Quiz\u00e1s lo haya pero coincidir\u00e9is conmigo en que son un actor clave que ha demostrado iniciativa y empuje hasta ahora en la protecci\u00f3n de la salud de los empleados: \u00bfCu\u00e1ntos millones de euros se han gastado en mascarillas, limpiezas y desinfecciones extraordinarias, tests, etc? \u00bfOs acord\u00e1is de cuando hab\u00eda escasez de mascarillas y de repente muchas empresas comenzaron a distribuir una quir\u00fargica a cada empleado cada d\u00eda? \u00bfY cu\u00e1ntas empresas decretaron un test de ant\u00edgenos obligatorio a cada empleado el 4 de enero?<\/p>\n\n\n\n<p>T\u00fa, mi lector cr\u00edtico preferido, me dir\u00e1s que no lo hacen por buenismo sino por inter\u00e9s para mantener su negocio. Y yo te doy la raz\u00f3n, y digo adem\u00e1s que <strong>ese inter\u00e9s del empresario es simbi\u00f3tico con el de sus empleados que mantendr\u00e1n sus puestos de trabajo.<\/strong> Y no olvidemos que ese empresario tiene la mayor parte de su plantilla dentro de ese colectivo que se denomina poblaci\u00f3n adulta sana, es decir, que estar\u00e1n con un \u00a1ay! permanente en el cuerpo hasta final de a\u00f1o. D\u00e9mosles la oportunidad de conseguir vacunas (adicionales, no abogo porque se las quiten a los sanitarios o a nuestros mayores) y permitamos a sus m\u00e9dicos y enfermeras que las administren, que est\u00e1n capacitados y deseando hacerlo,&nbsp;<\/p>\n\n\n\n<p>No estoy abogando por un sistema tipo salvaje oeste y vender vacunas al mejor postor \u2013 aunque parece que alguna farma va por ese camino \u2013 sino <strong>por un sistema que optimice todos los recursos disponibles de las empresas, que los pondr\u00e1n gustosas al servicio del bien com\u00fan si eso les garantiza un acceso m\u00e1s r\u00e1pido a las vacunas<\/strong> para sus empleados y una normalizaci\u00f3n m\u00e1s r\u00e1pida de la actividad econ\u00f3mica, del consumo, de la vida que conoc\u00edamos y ahora a\u00f1oramos.<\/p>\n\n\n\n<p>Estoy seguro de que hay algo que se me escapa, no puede ser tan obvio. Y no creo que la raz\u00f3n sea el control de la vacuna porque, una vez vacunados todos esos alcaldes gorrones, y los pol\u00edticos y miembros de la Curia y el Ej\u00e9rcito que son indispensables, el resto de nosotros esperaremos nuestro turno: <strong>el dilema radica en hacerlo en una \u00fanica cola lenta o intentar abrir varios carriles. Se\u00f1ores del Gobierno, d\u00e9jense ayudar sin ataques de orgullo: est\u00e1 en juego la salud de todos y el avance de la recuperaci\u00f3n.<\/strong><\/p>\n","protected":false},"excerpt":{"rendered":"<p>Hace unos d\u00edas la curiosidad me hizo seguir un enlace de los que aparecen en uno de esos diarios deportivos de Internet que resultaron ser el peri\u00f3dico de cabecera de&#8230;<\/p>\n","protected":false},"author":10,"featured_media":3336,"comment_status":"closed","ping_status":"closed","sticky":false,"template":"","format":"standard","meta":{"footnotes":""},"categories":[38],"tags":[],"class_list":{"0":"post-3335","1":"post","2":"type-post","3":"status-publish","4":"format-standard","5":"has-post-thumbnail","7":"category-lideres"},"yoast_head":"<!-- This site is optimized with the Yoast SEO plugin v25.6 - https:\/\/yoast.com\/wordpress\/plugins\/seo\/ -->\n<title>Y SEGUIMOS... I: &quot;La optimizaci\u00f3n de las vacunas&quot; - The Skeye<\/title>\n<meta name=\"robots\" content=\"index, follow, max-snippet:-1, max-image-preview:large, max-video-preview:-1\" \/>\n<link rel=\"canonical\" href=\"https:\/\/www.theskeye.com\/en\/y-seguimos-i-la-optimizacion-de-las-vacunas\/\" \/>\n<meta property=\"og:locale\" content=\"en_US\" \/>\n<meta property=\"og:type\" content=\"article\" \/>\n<meta property=\"og:title\" content=\"Y SEGUIMOS... I: &quot;La optimizaci\u00f3n de las vacunas&quot; - The Skeye\" \/>\n<meta property=\"og:description\" content=\"Hace unos d\u00edas la curiosidad me hizo seguir un enlace de los que aparecen en uno de esos diarios deportivos de Internet que resultaron ser el peri\u00f3dico de cabecera de...\" \/>\n<meta property=\"og:url\" content=\"https:\/\/www.theskeye.com\/y-seguimos-i-la-optimizacion-de-las-vacunas\/\" \/>\n<meta property=\"og:site_name\" content=\"The Skeye\" \/>\n<meta property=\"article:published_time\" content=\"2021-03-17T10:18:23+00:00\" \/>\n<meta property=\"article:modified_time\" content=\"2021-10-25T13:54:46+00:00\" \/>\n<meta property=\"og:image\" content=\"https:\/\/www.theskeye.com\/wp-content\/uploads\/2021\/03\/Captura-de-Pantalla-2021-03-17-a-les-11.15.02.jpg\" \/>\n\t<meta property=\"og:image:width\" content=\"2020\" \/>\n\t<meta property=\"og:image:height\" content=\"1340\" \/>\n\t<meta property=\"og:image:type\" content=\"image\/jpeg\" \/>\n<meta name=\"author\" content=\"Javier Fa\u00f1an\u00e1s\" \/>\n<meta name=\"twitter:card\" content=\"summary_large_image\" \/>\n<meta name=\"twitter:label1\" content=\"Written by\" \/>\n\t<meta name=\"twitter:data1\" content=\"Javier Fa\u00f1an\u00e1s\" \/>\n\t<meta name=\"twitter:label2\" content=\"Est. reading time\" \/>\n\t<meta name=\"twitter:data2\" content=\"4 minutes\" \/>\n<script type=\"application\/ld+json\" class=\"yoast-schema-graph\">{\"@context\":\"https:\/\/schema.org\",\"@graph\":[{\"@type\":\"WebPage\",\"@id\":\"https:\/\/www.theskeye.com\/y-seguimos-i-la-optimizacion-de-las-vacunas\/\",\"url\":\"https:\/\/www.theskeye.com\/y-seguimos-i-la-optimizacion-de-las-vacunas\/\",\"name\":\"Y SEGUIMOS... I: \\\"La optimizaci\u00f3n de las vacunas\\\" - The Skeye\",\"isPartOf\":{\"@id\":\"https:\/\/www.theskeye.com\/#website\"},\"primaryImageOfPage\":{\"@id\":\"https:\/\/www.theskeye.com\/y-seguimos-i-la-optimizacion-de-las-vacunas\/#primaryimage\"},\"image\":{\"@id\":\"https:\/\/www.theskeye.com\/y-seguimos-i-la-optimizacion-de-las-vacunas\/#primaryimage\"},\"thumbnailUrl\":\"https:\/\/www.theskeye.com\/wp-content\/uploads\/2021\/03\/Captura-de-Pantalla-2021-03-17-a-les-11.15.02.jpg\",\"datePublished\":\"2021-03-17T10:18:23+00:00\",\"dateModified\":\"2021-10-25T13:54:46+00:00\",\"author\":{\"@id\":\"https:\/\/www.theskeye.com\/#\/schema\/person\/d8e226036cd8f3655e3e0dd98b3e1444\"},\"breadcrumb\":{\"@id\":\"https:\/\/www.theskeye.com\/y-seguimos-i-la-optimizacion-de-las-vacunas\/#breadcrumb\"},\"inLanguage\":\"en-US\",\"potentialAction\":[{\"@type\":\"ReadAction\",\"target\":[\"https:\/\/www.theskeye.com\/y-seguimos-i-la-optimizacion-de-las-vacunas\/\"]}]},{\"@type\":\"ImageObject\",\"inLanguage\":\"en-US\",\"@id\":\"https:\/\/www.theskeye.com\/y-seguimos-i-la-optimizacion-de-las-vacunas\/#primaryimage\",\"url\":\"https:\/\/www.theskeye.com\/wp-content\/uploads\/2021\/03\/Captura-de-Pantalla-2021-03-17-a-les-11.15.02.jpg\",\"contentUrl\":\"https:\/\/www.theskeye.com\/wp-content\/uploads\/2021\/03\/Captura-de-Pantalla-2021-03-17-a-les-11.15.02.jpg\",\"width\":2020,\"height\":1340},{\"@type\":\"BreadcrumbList\",\"@id\":\"https:\/\/www.theskeye.com\/y-seguimos-i-la-optimizacion-de-las-vacunas\/#breadcrumb\",\"itemListElement\":[{\"@type\":\"ListItem\",\"position\":1,\"name\":\"Inicio\",\"item\":\"https:\/\/www.theskeye.com\/en\/\"},{\"@type\":\"ListItem\",\"position\":2,\"name\":\"Y SEGUIMOS&#8230; I: \u00abLa optimizaci\u00f3n de las vacunas\u00bb\"}]},{\"@type\":\"WebSite\",\"@id\":\"https:\/\/www.theskeye.com\/#website\",\"url\":\"https:\/\/www.theskeye.com\/\",\"name\":\"The Skeye\",\"description\":\"Consultora boutique que ofrece servicio de alto valor a\u00f1adido vinculados a la direcci\u00f3n estrat\u00e9gica y la direcci\u00f3n de personas\",\"potentialAction\":[{\"@type\":\"SearchAction\",\"target\":{\"@type\":\"EntryPoint\",\"urlTemplate\":\"https:\/\/www.theskeye.com\/?s={search_term_string}\"},\"query-input\":{\"@type\":\"PropertyValueSpecification\",\"valueRequired\":true,\"valueName\":\"search_term_string\"}}],\"inLanguage\":\"en-US\"},{\"@type\":\"Person\",\"@id\":\"https:\/\/www.theskeye.com\/#\/schema\/person\/d8e226036cd8f3655e3e0dd98b3e1444\",\"name\":\"Javier Fa\u00f1an\u00e1s\",\"description\":\"Director de proyectos y senior HRBP\",\"url\":\"https:\/\/www.theskeye.com\/en\/author\/javier-fananas\/\"}]}<\/script>\n<!-- \/ Yoast SEO plugin. -->","yoast_head_json":{"title":"Y SEGUIMOS... I: \"La optimizaci\u00f3n de las vacunas\" - The Skeye","robots":{"index":"index","follow":"follow","max-snippet":"max-snippet:-1","max-image-preview":"max-image-preview:large","max-video-preview":"max-video-preview:-1"},"canonical":"https:\/\/www.theskeye.com\/en\/y-seguimos-i-la-optimizacion-de-las-vacunas\/","og_locale":"en_US","og_type":"article","og_title":"Y SEGUIMOS... I: \"La optimizaci\u00f3n de las vacunas\" - The Skeye","og_description":"Hace unos d\u00edas la curiosidad me hizo seguir un enlace de los que aparecen en uno de esos diarios deportivos de Internet que resultaron ser el peri\u00f3dico de cabecera de...","og_url":"https:\/\/www.theskeye.com\/y-seguimos-i-la-optimizacion-de-las-vacunas\/","og_site_name":"The Skeye","article_published_time":"2021-03-17T10:18:23+00:00","article_modified_time":"2021-10-25T13:54:46+00:00","og_image":[{"width":2020,"height":1340,"url":"https:\/\/www.theskeye.com\/wp-content\/uploads\/2021\/03\/Captura-de-Pantalla-2021-03-17-a-les-11.15.02.jpg","type":"image\/jpeg"}],"author":"Javier Fa\u00f1an\u00e1s","twitter_card":"summary_large_image","twitter_misc":{"Written by":"Javier Fa\u00f1an\u00e1s","Est. reading time":"4 minutes"},"schema":{"@context":"https:\/\/schema.org","@graph":[{"@type":"WebPage","@id":"https:\/\/www.theskeye.com\/y-seguimos-i-la-optimizacion-de-las-vacunas\/","url":"https:\/\/www.theskeye.com\/y-seguimos-i-la-optimizacion-de-las-vacunas\/","name":"Y SEGUIMOS... I: \"La optimizaci\u00f3n de las vacunas\" - The Skeye","isPartOf":{"@id":"https:\/\/www.theskeye.com\/#website"},"primaryImageOfPage":{"@id":"https:\/\/www.theskeye.com\/y-seguimos-i-la-optimizacion-de-las-vacunas\/#primaryimage"},"image":{"@id":"https:\/\/www.theskeye.com\/y-seguimos-i-la-optimizacion-de-las-vacunas\/#primaryimage"},"thumbnailUrl":"https:\/\/www.theskeye.com\/wp-content\/uploads\/2021\/03\/Captura-de-Pantalla-2021-03-17-a-les-11.15.02.jpg","datePublished":"2021-03-17T10:18:23+00:00","dateModified":"2021-10-25T13:54:46+00:00","author":{"@id":"https:\/\/www.theskeye.com\/#\/schema\/person\/d8e226036cd8f3655e3e0dd98b3e1444"},"breadcrumb":{"@id":"https:\/\/www.theskeye.com\/y-seguimos-i-la-optimizacion-de-las-vacunas\/#breadcrumb"},"inLanguage":"en-US","potentialAction":[{"@type":"ReadAction","target":["https:\/\/www.theskeye.com\/y-seguimos-i-la-optimizacion-de-las-vacunas\/"]}]},{"@type":"ImageObject","inLanguage":"en-US","@id":"https:\/\/www.theskeye.com\/y-seguimos-i-la-optimizacion-de-las-vacunas\/#primaryimage","url":"https:\/\/www.theskeye.com\/wp-content\/uploads\/2021\/03\/Captura-de-Pantalla-2021-03-17-a-les-11.15.02.jpg","contentUrl":"https:\/\/www.theskeye.com\/wp-content\/uploads\/2021\/03\/Captura-de-Pantalla-2021-03-17-a-les-11.15.02.jpg","width":2020,"height":1340},{"@type":"BreadcrumbList","@id":"https:\/\/www.theskeye.com\/y-seguimos-i-la-optimizacion-de-las-vacunas\/#breadcrumb","itemListElement":[{"@type":"ListItem","position":1,"name":"Inicio","item":"https:\/\/www.theskeye.com\/en\/"},{"@type":"ListItem","position":2,"name":"Y SEGUIMOS&#8230; I: \u00abLa optimizaci\u00f3n de las vacunas\u00bb"}]},{"@type":"WebSite","@id":"https:\/\/www.theskeye.com\/#website","url":"https:\/\/www.theskeye.com\/","name":"The Skeye","description":"Consultora boutique que ofrece servicio de alto valor a\u00f1adido vinculados a la direcci\u00f3n estrat\u00e9gica y la direcci\u00f3n de personas","potentialAction":[{"@type":"SearchAction","target":{"@type":"EntryPoint","urlTemplate":"https:\/\/www.theskeye.com\/?s={search_term_string}"},"query-input":{"@type":"PropertyValueSpecification","valueRequired":true,"valueName":"search_term_string"}}],"inLanguage":"en-US"},{"@type":"Person","@id":"https:\/\/www.theskeye.com\/#\/schema\/person\/d8e226036cd8f3655e3e0dd98b3e1444","name":"Javier Fa\u00f1an\u00e1s","description":"Director de proyectos y senior HRBP","url":"https:\/\/www.theskeye.com\/en\/author\/javier-fananas\/"}]}},"_links":{"self":[{"href":"https:\/\/www.theskeye.com\/en\/wp-json\/wp\/v2\/posts\/3335"}],"collection":[{"href":"https:\/\/www.theskeye.com\/en\/wp-json\/wp\/v2\/posts"}],"about":[{"href":"https:\/\/www.theskeye.com\/en\/wp-json\/wp\/v2\/types\/post"}],"author":[{"embeddable":true,"href":"https:\/\/www.theskeye.com\/en\/wp-json\/wp\/v2\/users\/10"}],"replies":[{"embeddable":true,"href":"https:\/\/www.theskeye.com\/en\/wp-json\/wp\/v2\/comments?post=3335"}],"version-history":[{"count":2,"href":"https:\/\/www.theskeye.com\/en\/wp-json\/wp\/v2\/posts\/3335\/revisions"}],"predecessor-version":[{"id":5273,"href":"https:\/\/www.theskeye.com\/en\/wp-json\/wp\/v2\/posts\/3335\/revisions\/5273"}],"wp:featuredmedia":[{"embeddable":true,"href":"https:\/\/www.theskeye.com\/en\/wp-json\/wp\/v2\/media\/3336"}],"wp:attachment":[{"href":"https:\/\/www.theskeye.com\/en\/wp-json\/wp\/v2\/media?parent=3335"}],"wp:term":[{"taxonomy":"category","embeddable":true,"href":"https:\/\/www.theskeye.com\/en\/wp-json\/wp\/v2\/categories?post=3335"},{"taxonomy":"post_tag","embeddable":true,"href":"https:\/\/www.theskeye.com\/en\/wp-json\/wp\/v2\/tags?post=3335"}],"curies":[{"name":"wp","href":"https:\/\/api.w.org\/{rel}","templated":true}]}}