{"id":3347,"date":"2021-04-07T08:08:19","date_gmt":"2021-04-07T08:08:19","guid":{"rendered":"https:\/\/www.theskeye.com\/?p=3347"},"modified":"2021-10-25T13:01:35","modified_gmt":"2021-10-25T12:01:35","slug":"sobre-la-extension-de-los-ertes","status":"publish","type":"post","link":"https:\/\/www.theskeye.com\/en\/sobre-la-extension-de-los-ertes\/","title":{"rendered":"&#8230;sobre la extensi\u00f3n de los ERTE&#8217;s"},"content":{"rendered":"\n<p>Todos estamos de acuerdo que el ERTE como herramienta de choque para una situaci\u00f3n tan anormal como la que vivimos ha sido una decisi\u00f3n acertada. Podemos discrepar sobre si se ha ejecutado de forma correcta, si los recursos destinados a su gesti\u00f3n han sido los necesarios, o si las sucesivas pr\u00f3rrogas \u2013 ahora hasta el 31 de mayo \u2013 han dado el ox\u00edgeno necesario a empresas y trabajadores para capear la crisis. No parece que la situaci\u00f3n de la pandemia vaya a mejorar dr\u00e1sticamente hasta entonces por lo que, si es verdad que es la \u00faltima, aparecen nubarrones sobre lo que pasar\u00e1 el 1 de junio. Igual que existen muchas dudas sobre la interpretaci\u00f3n de algunos aspectos del decreto, en particular sobre un par de ellos:<\/p>\n\n\n\n<ol class=\"wp-block-list\"><li>Por un lado la imposibilidad de usar causa COVID para despidos, ERE\u2019s, etc. Es obvio que muchas empresas se encuentran en una situaci\u00f3n muy delicada, en la que no se hallar\u00edan si no hubiese aparecido el malhadado virus, y para ellas la situaci\u00f3n actual ya no es coyuntural, como lo era en la primavera de 2020, sino estructural y por tanto tendr\u00e1n que tomar las medidas necesarias para sobrevivir con independencia de la causa. Los jueces de los TSJ van a tener que hilar muy fino.<\/li><li>Por otro, la mal llamada protecci\u00f3n de empleo en aquellas empresas donde se ha implantado un ERTE.&nbsp;<\/li><\/ol>\n\n\n\n<p><strong>Cuando se trata de supervivencia no pueden caber interpretaciones. Cuanto antes despejemos las inc\u00f3gnitas de la ecuaci\u00f3n mejor para todos.<\/strong><\/p>\n\n\n\n<p><\/p>\n","protected":false},"excerpt":{"rendered":"<p>Todos estamos de acuerdo que el ERTE como herramienta de choque para una situaci\u00f3n tan anormal como la que vivimos ha sido una decisi\u00f3n acertada. Podemos discrepar sobre si se&#8230;<\/p>\n","protected":false},"author":10,"featured_media":3352,"comment_status":"closed","ping_status":"closed","sticky":false,"template":"","format":"standard","meta":{"footnotes":""},"categories":[163,37],"tags":[],"class_list":{"0":"post-3347","1":"post","2":"type-post","3":"status-publish","4":"format-standard","5":"has-post-thumbnail","7":"category-comite-de-direccion","8":"category-comunicacion"},"yoast_head":"<!-- This site is optimized with the Yoast SEO plugin v25.6 - https:\/\/yoast.com\/wordpress\/plugins\/seo\/ -->\n<title>...sobre la extensi\u00f3n de los ERTE&#039;s - The Skeye<\/title>\n<meta name=\"robots\" content=\"index, follow, max-snippet:-1, max-image-preview:large, max-video-preview:-1\" \/>\n<link rel=\"canonical\" href=\"https:\/\/www.theskeye.com\/en\/sobre-la-extension-de-los-ertes\/\" \/>\n<meta property=\"og:locale\" content=\"en_US\" \/>\n<meta property=\"og:type\" content=\"article\" \/>\n<meta property=\"og:title\" content=\"...sobre la extensi\u00f3n de los ERTE&#039;s - The Skeye\" \/>\n<meta property=\"og:description\" content=\"Todos estamos de acuerdo que el ERTE como herramienta de choque para una situaci\u00f3n tan anormal como la que vivimos ha sido una decisi\u00f3n acertada. Podemos discrepar sobre si se...\" \/>\n<meta property=\"og:url\" content=\"https:\/\/www.theskeye.com\/ca\/sobre-la-extension-de-los-ertes\/\" \/>\n<meta property=\"og:site_name\" content=\"The Skeye\" \/>\n<meta property=\"article:published_time\" content=\"2021-04-07T08:08:19+00:00\" \/>\n<meta property=\"article:modified_time\" content=\"2021-10-25T12:01:35+00:00\" \/>\n<meta property=\"og:image\" content=\"https:\/\/www.theskeye.com\/wp-content\/uploads\/2021\/04\/emily-morter-8xAA0f9yQnE-unsplash-1.jpg\" \/>\n\t<meta property=\"og:image:width\" content=\"640\" \/>\n\t<meta property=\"og:image:height\" content=\"427\" \/>\n\t<meta property=\"og:image:type\" content=\"image\/jpeg\" \/>\n<meta name=\"author\" content=\"Javier Fa\u00f1an\u00e1s\" \/>\n<meta name=\"twitter:card\" content=\"summary_large_image\" \/>\n<meta name=\"twitter:label1\" content=\"Written by\" \/>\n\t<meta name=\"twitter:data1\" content=\"Javier Fa\u00f1an\u00e1s\" \/>\n\t<meta name=\"twitter:label2\" content=\"Est. reading time\" \/>\n\t<meta name=\"twitter:data2\" content=\"1 minute\" \/>\n<script type=\"application\/ld+json\" class=\"yoast-schema-graph\">{\"@context\":\"https:\/\/schema.org\",\"@graph\":[{\"@type\":\"WebPage\",\"@id\":\"https:\/\/www.theskeye.com\/ca\/sobre-la-extension-de-los-ertes\/\",\"url\":\"https:\/\/www.theskeye.com\/ca\/sobre-la-extension-de-los-ertes\/\",\"name\":\"...sobre la extensi\u00f3n de los ERTE's - The Skeye\",\"isPartOf\":{\"@id\":\"https:\/\/www.theskeye.com\/#website\"},\"primaryImageOfPage\":{\"@id\":\"https:\/\/www.theskeye.com\/ca\/sobre-la-extension-de-los-ertes\/#primaryimage\"},\"image\":{\"@id\":\"https:\/\/www.theskeye.com\/ca\/sobre-la-extension-de-los-ertes\/#primaryimage\"},\"thumbnailUrl\":\"https:\/\/www.theskeye.com\/wp-content\/uploads\/2021\/04\/emily-morter-8xAA0f9yQnE-unsplash-1.jpg\",\"datePublished\":\"2021-04-07T08:08:19+00:00\",\"dateModified\":\"2021-10-25T12:01:35+00:00\",\"author\":{\"@id\":\"https:\/\/www.theskeye.com\/#\/schema\/person\/d8e226036cd8f3655e3e0dd98b3e1444\"},\"breadcrumb\":{\"@id\":\"https:\/\/www.theskeye.com\/ca\/sobre-la-extension-de-los-ertes\/#breadcrumb\"},\"inLanguage\":\"en-US\",\"potentialAction\":[{\"@type\":\"ReadAction\",\"target\":[\"https:\/\/www.theskeye.com\/ca\/sobre-la-extension-de-los-ertes\/\"]}]},{\"@type\":\"ImageObject\",\"inLanguage\":\"en-US\",\"@id\":\"https:\/\/www.theskeye.com\/ca\/sobre-la-extension-de-los-ertes\/#primaryimage\",\"url\":\"https:\/\/www.theskeye.com\/wp-content\/uploads\/2021\/04\/emily-morter-8xAA0f9yQnE-unsplash-1.jpg\",\"contentUrl\":\"https:\/\/www.theskeye.com\/wp-content\/uploads\/2021\/04\/emily-morter-8xAA0f9yQnE-unsplash-1.jpg\",\"width\":640,\"height\":427},{\"@type\":\"BreadcrumbList\",\"@id\":\"https:\/\/www.theskeye.com\/ca\/sobre-la-extension-de-los-ertes\/#breadcrumb\",\"itemListElement\":[{\"@type\":\"ListItem\",\"position\":1,\"name\":\"Inicio\",\"item\":\"https:\/\/www.theskeye.com\/en\/\"},{\"@type\":\"ListItem\",\"position\":2,\"name\":\"&#8230;sobre la extensi\u00f3n de los ERTE&#8217;s\"}]},{\"@type\":\"WebSite\",\"@id\":\"https:\/\/www.theskeye.com\/#website\",\"url\":\"https:\/\/www.theskeye.com\/\",\"name\":\"The Skeye\",\"description\":\"Consultora boutique que ofrece servicio de alto valor a\u00f1adido vinculados a la direcci\u00f3n estrat\u00e9gica y la direcci\u00f3n de personas\",\"potentialAction\":[{\"@type\":\"SearchAction\",\"target\":{\"@type\":\"EntryPoint\",\"urlTemplate\":\"https:\/\/www.theskeye.com\/?s={search_term_string}\"},\"query-input\":{\"@type\":\"PropertyValueSpecification\",\"valueRequired\":true,\"valueName\":\"search_term_string\"}}],\"inLanguage\":\"en-US\"},{\"@type\":\"Person\",\"@id\":\"https:\/\/www.theskeye.com\/#\/schema\/person\/d8e226036cd8f3655e3e0dd98b3e1444\",\"name\":\"Javier Fa\u00f1an\u00e1s\",\"description\":\"Director de proyectos y senior HRBP\",\"url\":\"https:\/\/www.theskeye.com\/en\/author\/javier-fananas\/\"}]}<\/script>\n<!-- \/ Yoast SEO plugin. -->","yoast_head_json":{"title":"...sobre la extensi\u00f3n de los ERTE's - The Skeye","robots":{"index":"index","follow":"follow","max-snippet":"max-snippet:-1","max-image-preview":"max-image-preview:large","max-video-preview":"max-video-preview:-1"},"canonical":"https:\/\/www.theskeye.com\/en\/sobre-la-extension-de-los-ertes\/","og_locale":"en_US","og_type":"article","og_title":"...sobre la extensi\u00f3n de los ERTE's - The Skeye","og_description":"Todos estamos de acuerdo que el ERTE como herramienta de choque para una situaci\u00f3n tan anormal como la que vivimos ha sido una decisi\u00f3n acertada. Podemos discrepar sobre si se...","og_url":"https:\/\/www.theskeye.com\/ca\/sobre-la-extension-de-los-ertes\/","og_site_name":"The Skeye","article_published_time":"2021-04-07T08:08:19+00:00","article_modified_time":"2021-10-25T12:01:35+00:00","og_image":[{"width":640,"height":427,"url":"https:\/\/www.theskeye.com\/wp-content\/uploads\/2021\/04\/emily-morter-8xAA0f9yQnE-unsplash-1.jpg","type":"image\/jpeg"}],"author":"Javier Fa\u00f1an\u00e1s","twitter_card":"summary_large_image","twitter_misc":{"Written by":"Javier Fa\u00f1an\u00e1s","Est. reading time":"1 minute"},"schema":{"@context":"https:\/\/schema.org","@graph":[{"@type":"WebPage","@id":"https:\/\/www.theskeye.com\/ca\/sobre-la-extension-de-los-ertes\/","url":"https:\/\/www.theskeye.com\/ca\/sobre-la-extension-de-los-ertes\/","name":"...sobre la extensi\u00f3n de los ERTE's - The Skeye","isPartOf":{"@id":"https:\/\/www.theskeye.com\/#website"},"primaryImageOfPage":{"@id":"https:\/\/www.theskeye.com\/ca\/sobre-la-extension-de-los-ertes\/#primaryimage"},"image":{"@id":"https:\/\/www.theskeye.com\/ca\/sobre-la-extension-de-los-ertes\/#primaryimage"},"thumbnailUrl":"https:\/\/www.theskeye.com\/wp-content\/uploads\/2021\/04\/emily-morter-8xAA0f9yQnE-unsplash-1.jpg","datePublished":"2021-04-07T08:08:19+00:00","dateModified":"2021-10-25T12:01:35+00:00","author":{"@id":"https:\/\/www.theskeye.com\/#\/schema\/person\/d8e226036cd8f3655e3e0dd98b3e1444"},"breadcrumb":{"@id":"https:\/\/www.theskeye.com\/ca\/sobre-la-extension-de-los-ertes\/#breadcrumb"},"inLanguage":"en-US","potentialAction":[{"@type":"ReadAction","target":["https:\/\/www.theskeye.com\/ca\/sobre-la-extension-de-los-ertes\/"]}]},{"@type":"ImageObject","inLanguage":"en-US","@id":"https:\/\/www.theskeye.com\/ca\/sobre-la-extension-de-los-ertes\/#primaryimage","url":"https:\/\/www.theskeye.com\/wp-content\/uploads\/2021\/04\/emily-morter-8xAA0f9yQnE-unsplash-1.jpg","contentUrl":"https:\/\/www.theskeye.com\/wp-content\/uploads\/2021\/04\/emily-morter-8xAA0f9yQnE-unsplash-1.jpg","width":640,"height":427},{"@type":"BreadcrumbList","@id":"https:\/\/www.theskeye.com\/ca\/sobre-la-extension-de-los-ertes\/#breadcrumb","itemListElement":[{"@type":"ListItem","position":1,"name":"Inicio","item":"https:\/\/www.theskeye.com\/en\/"},{"@type":"ListItem","position":2,"name":"&#8230;sobre la extensi\u00f3n de los ERTE&#8217;s"}]},{"@type":"WebSite","@id":"https:\/\/www.theskeye.com\/#website","url":"https:\/\/www.theskeye.com\/","name":"The Skeye","description":"Consultora boutique que ofrece servicio de alto valor a\u00f1adido vinculados a la direcci\u00f3n estrat\u00e9gica y la direcci\u00f3n de personas","potentialAction":[{"@type":"SearchAction","target":{"@type":"EntryPoint","urlTemplate":"https:\/\/www.theskeye.com\/?s={search_term_string}"},"query-input":{"@type":"PropertyValueSpecification","valueRequired":true,"valueName":"search_term_string"}}],"inLanguage":"en-US"},{"@type":"Person","@id":"https:\/\/www.theskeye.com\/#\/schema\/person\/d8e226036cd8f3655e3e0dd98b3e1444","name":"Javier Fa\u00f1an\u00e1s","description":"Director de proyectos y senior HRBP","url":"https:\/\/www.theskeye.com\/en\/author\/javier-fananas\/"}]}},"_links":{"self":[{"href":"https:\/\/www.theskeye.com\/en\/wp-json\/wp\/v2\/posts\/3347"}],"collection":[{"href":"https:\/\/www.theskeye.com\/en\/wp-json\/wp\/v2\/posts"}],"about":[{"href":"https:\/\/www.theskeye.com\/en\/wp-json\/wp\/v2\/types\/post"}],"author":[{"embeddable":true,"href":"https:\/\/www.theskeye.com\/en\/wp-json\/wp\/v2\/users\/10"}],"replies":[{"embeddable":true,"href":"https:\/\/www.theskeye.com\/en\/wp-json\/wp\/v2\/comments?post=3347"}],"version-history":[{"count":1,"href":"https:\/\/www.theskeye.com\/en\/wp-json\/wp\/v2\/posts\/3347\/revisions"}],"predecessor-version":[{"id":3351,"href":"https:\/\/www.theskeye.com\/en\/wp-json\/wp\/v2\/posts\/3347\/revisions\/3351"}],"wp:featuredmedia":[{"embeddable":true,"href":"https:\/\/www.theskeye.com\/en\/wp-json\/wp\/v2\/media\/3352"}],"wp:attachment":[{"href":"https:\/\/www.theskeye.com\/en\/wp-json\/wp\/v2\/media?parent=3347"}],"wp:term":[{"taxonomy":"category","embeddable":true,"href":"https:\/\/www.theskeye.com\/en\/wp-json\/wp\/v2\/categories?post=3347"},{"taxonomy":"post_tag","embeddable":true,"href":"https:\/\/www.theskeye.com\/en\/wp-json\/wp\/v2\/tags?post=3347"}],"curies":[{"name":"wp","href":"https:\/\/api.w.org\/{rel}","templated":true}]}}