{"id":6657,"date":"2025-02-05T13:45:14","date_gmt":"2025-02-05T12:45:14","guid":{"rendered":"https:\/\/www.theskeye.com\/?p=6657"},"modified":"2025-02-05T15:20:13","modified_gmt":"2025-02-05T14:20:13","slug":"programa-ejecutivo-de-transformacion-de-la-empresa-familiar","status":"publish","type":"post","link":"https:\/\/www.theskeye.com\/en\/programa-ejecutivo-de-transformacion-de-la-empresa-familiar\/","title":{"rendered":"UPF-BSM &amp; The Skeye: Lanzamos el Programa Ejecutivo de Transformaci\u00f3n de la Empresa Familiar."},"content":{"rendered":"\n<p>Nos enorgullece anunciar el lanzamiento del\u00a0<strong>Programa Ejecutivo de Transformaci\u00f3n<br>de la Empresa Familiar<\/strong>, una colaboraci\u00f3n entre\u00a0The Skeye\u00a0y la\u00a0Universidad Pompeu<br>Fabra &#8211; Barcelona School of Management (UPF-BSM).<br><\/p>\n\n\n\n<p>Las\u00a0empresas familiares\u00a0son el motor de nuestra econom\u00eda, y este programa nace<br>para responder a una necesidad clave:\u00a0acompa\u00f1arlas en su transformaci\u00f3n para<br>afrontar con \u00e9xito los retos del futuro.<\/p>\n\n\n\n<p>Temas como :<\/p>\n\n\n\n<ul class=\"wp-block-list\">\n<li>La Profesionalizaci\u00f3n de la direcci\u00f3n,<\/li>\n\n\n\n<li>El Cambio generacional,<\/li>\n\n\n\n<li>Los distintos \u00d3rganos de gobierno,<\/li>\n\n\n\n<li>La Gesti\u00f3n del talento y liderazgo responsable,<\/li>\n\n\n\n<li>Y el Patrimonio familiar y empresarial&#8230;<\/li>\n<\/ul>\n\n\n\n<p>son los factores cr\u00edticos de la longevidad y el \u00e9xito sostenible de las empresas<br>familiares.<br><\/p>\n\n\n\n<p>Con la Direcci\u00f3n Acad\u00e9mica <strong>Oriol Amat,<\/strong> referente en econom\u00eda, y un claustro de<br>profesores que combina\u00a0conocimiento acad\u00e9mico y experiencia pr\u00e1ctica, logramos<br>un equilibrio excepcional para aportar valor real.<\/p>\n\n\n\n<p><br><strong>Equipo docente<\/strong>:\u00a0Oriol Amat, Xavier Puig, \u00d3scar Elvira, Oriol Montany\u00e0, Maite<br>Sanch\u00eds, Montse Mu\u00f1oz, Nat\u00e0lia Segura, Manel Canyameres, Jordi Tarragona, Xavier<br>Subirats, Sergi Gonz\u00e1lez-Anta, Toni Sol\u00e9 y Gen\u00eds Roca.<\/p>\n\n\n\n<p><br>M\u00e1s informaci\u00f3n y programa completo aqu\u00ed:\u00a0<span><span lang=\"CA\"><a title=\"https:\/\/www.bsm.upf.edu\/es\/programa-empresa-familiar-retos-siglo-xxi?sdfasdf\" style=\"text-decoration:underline;color:rgb(70,120,134)\" data-saferedirecturl=\"https:\/\/www.google.com\/url?q=https:\/\/www.bsm.upf.edu\/es\/programa-empresa-familiar-retos-siglo-xxi?sdfasdf&amp;source=gmail&amp;ust=1738775466931000&amp;usg=AOvVaw0U1se5nnfwqj-dUNIKtGdy\" href=\"https:\/\/www.bsm.upf.edu\/es\/programa-empresa-familiar-retos-siglo-xxi?sdfasdf\" target=\"_blank\" rel=\"noopener\"><br>https:\/\/www.bsm.upf.edu\/es\/programa-empresa-familiar-retos-siglo-xxi?sdfasdf<\/a><\/span><\/span><\/p>\n\n\n\n<p><br>Descarga el PDF con todos los detalles.<\/p>\n\n\n\n<div data-wp-interactive=\"core\/file\" class=\"wp-block-file\"><object data-wp-bind--hidden=\"!state.hasPdfPreview\"  class=\"wp-block-file__embed\" data=\"https:\/\/www.theskeye.com\/wp-content\/uploads\/2025\/02\/Programa_Executiu_Empresa_Familiar_070125.pdf\" type=\"application\/pdf\" style=\"width:100%;height:600px\" aria-label=\"Embed of Programa_Executiu_Empresa_Familiar_070125.\"><\/object><a id=\"wp-block-file--media-ee03d52a-d567-4e7e-a5b0-3d6c0e6bd33c\" href=\"https:\/\/www.theskeye.com\/wp-content\/uploads\/2025\/02\/Programa_Executiu_Empresa_Familiar_070125.pdf\">Programa_Executiu_Empresa_Familiar_070125<\/a><a href=\"https:\/\/www.theskeye.com\/wp-content\/uploads\/2025\/02\/Programa_Executiu_Empresa_Familiar_070125.pdf\" class=\"wp-block-file__button wp-element-button\" download aria-describedby=\"wp-block-file--media-ee03d52a-d567-4e7e-a5b0-3d6c0e6bd33c\">Descarga<\/a><\/div>\n\n\n\n<p>Gracias a UPF-BSM, F\u00e0tima Piqu\u00e9 y Maria Comiche por contar con nosotros para este gran<br>reto.<\/p>\n","protected":false},"excerpt":{"rendered":"<p>Nos enorgullece anunciar el lanzamiento del\u00a0Programa Ejecutivo de Transformaci\u00f3nde la Empresa Familiar, una colaboraci\u00f3n entre\u00a0The Skeye\u00a0y la\u00a0Universidad PompeuFabra &#8211; Barcelona School of Management (UPF-BSM). Las\u00a0empresas familiares\u00a0son el motor de nuestra&#8230;<\/p>\n","protected":false},"author":21,"featured_media":6678,"comment_status":"closed","ping_status":"closed","sticky":false,"template":"","format":"standard","meta":{"footnotes":""},"categories":[159],"tags":[],"class_list":{"0":"post-6657","1":"post","2":"type-post","3":"status-publish","4":"format-standard","5":"has-post-thumbnail","7":"category-destacado"},"yoast_head":"<!-- This site is optimized with the Yoast SEO plugin v25.6 - https:\/\/yoast.com\/wordpress\/plugins\/seo\/ -->\n<title>UPF-BSM &amp; The Skeye: Lanzamos el Programa Ejecutivo de Transformaci\u00f3n de la Empresa Familiar. - The Skeye<\/title>\n<meta name=\"description\" content=\"Descubre los factores clave para la longevidad y el \u00e9xito sostenible de las empresas familiares: profesionalizaci\u00f3n, relevo generacional, \u00f3rganos de gobierno, liderazgo responsable y gesti\u00f3n del patrimonio.\" \/>\n<meta name=\"robots\" content=\"index, follow, max-snippet:-1, max-image-preview:large, max-video-preview:-1\" \/>\n<link rel=\"canonical\" href=\"https:\/\/www.theskeye.com\/en\/programa-ejecutivo-de-transformacion-de-la-empresa-familiar\/\" \/>\n<meta property=\"og:locale\" content=\"en_US\" \/>\n<meta property=\"og:type\" content=\"article\" \/>\n<meta property=\"og:title\" content=\"UPF-BSM &amp; The Skeye: Lanzamos el Programa Ejecutivo de Transformaci\u00f3n de la Empresa Familiar. - The Skeye\" \/>\n<meta property=\"og:description\" content=\"Descubre los factores clave para la longevidad y el \u00e9xito sostenible de las empresas familiares: profesionalizaci\u00f3n, relevo generacional, \u00f3rganos de gobierno, liderazgo responsable y gesti\u00f3n del patrimonio.\" \/>\n<meta property=\"og:url\" content=\"https:\/\/www.theskeye.com\/programa-ejecutivo-de-transformacion-de-la-empresa-familiar\/\" \/>\n<meta property=\"og:site_name\" content=\"The Skeye\" \/>\n<meta property=\"article:published_time\" content=\"2025-02-05T12:45:14+00:00\" \/>\n<meta property=\"article:modified_time\" content=\"2025-02-05T14:20:13+00:00\" \/>\n<meta property=\"og:image\" content=\"https:\/\/www.theskeye.com\/wp-content\/uploads\/2025\/02\/Programa-ejecutivo-de-transformacion-de-la-empresa-familiar.2.jpg\" \/>\n\t<meta property=\"og:image:width\" content=\"2208\" \/>\n\t<meta property=\"og:image:height\" content=\"1388\" \/>\n\t<meta property=\"og:image:type\" content=\"image\/jpeg\" \/>\n<meta name=\"author\" content=\"The Skeye\" \/>\n<meta name=\"twitter:card\" content=\"summary_large_image\" \/>\n<meta name=\"twitter:label1\" content=\"Written by\" \/>\n\t<meta name=\"twitter:data1\" content=\"The Skeye\" \/>\n\t<meta name=\"twitter:label2\" content=\"Est. reading time\" \/>\n\t<meta name=\"twitter:data2\" content=\"2 minutes\" \/>\n<script type=\"application\/ld+json\" class=\"yoast-schema-graph\">{\"@context\":\"https:\/\/schema.org\",\"@graph\":[{\"@type\":\"WebPage\",\"@id\":\"https:\/\/www.theskeye.com\/programa-ejecutivo-de-transformacion-de-la-empresa-familiar\/\",\"url\":\"https:\/\/www.theskeye.com\/programa-ejecutivo-de-transformacion-de-la-empresa-familiar\/\",\"name\":\"UPF-BSM &amp; The Skeye: Lanzamos el Programa Ejecutivo de Transformaci\u00f3n de la Empresa Familiar. - The Skeye\",\"isPartOf\":{\"@id\":\"https:\/\/www.theskeye.com\/#website\"},\"primaryImageOfPage\":{\"@id\":\"https:\/\/www.theskeye.com\/programa-ejecutivo-de-transformacion-de-la-empresa-familiar\/#primaryimage\"},\"image\":{\"@id\":\"https:\/\/www.theskeye.com\/programa-ejecutivo-de-transformacion-de-la-empresa-familiar\/#primaryimage\"},\"thumbnailUrl\":\"https:\/\/www.theskeye.com\/wp-content\/uploads\/2025\/02\/Programa-ejecutivo-de-transformacion-de-la-empresa-familiar.2.jpg\",\"datePublished\":\"2025-02-05T12:45:14+00:00\",\"dateModified\":\"2025-02-05T14:20:13+00:00\",\"author\":{\"@id\":\"https:\/\/www.theskeye.com\/#\/schema\/person\/491106bee413489188a626124d3a6ba9\"},\"description\":\"Descubre los factores clave para la longevidad y el \u00e9xito sostenible de las empresas familiares: profesionalizaci\u00f3n, relevo generacional, \u00f3rganos de gobierno, liderazgo responsable y gesti\u00f3n del patrimonio.\",\"breadcrumb\":{\"@id\":\"https:\/\/www.theskeye.com\/programa-ejecutivo-de-transformacion-de-la-empresa-familiar\/#breadcrumb\"},\"inLanguage\":\"en-US\",\"potentialAction\":[{\"@type\":\"ReadAction\",\"target\":[\"https:\/\/www.theskeye.com\/programa-ejecutivo-de-transformacion-de-la-empresa-familiar\/\"]}]},{\"@type\":\"ImageObject\",\"inLanguage\":\"en-US\",\"@id\":\"https:\/\/www.theskeye.com\/programa-ejecutivo-de-transformacion-de-la-empresa-familiar\/#primaryimage\",\"url\":\"https:\/\/www.theskeye.com\/wp-content\/uploads\/2025\/02\/Programa-ejecutivo-de-transformacion-de-la-empresa-familiar.2.jpg\",\"contentUrl\":\"https:\/\/www.theskeye.com\/wp-content\/uploads\/2025\/02\/Programa-ejecutivo-de-transformacion-de-la-empresa-familiar.2.jpg\",\"width\":2208,\"height\":1388},{\"@type\":\"BreadcrumbList\",\"@id\":\"https:\/\/www.theskeye.com\/programa-ejecutivo-de-transformacion-de-la-empresa-familiar\/#breadcrumb\",\"itemListElement\":[{\"@type\":\"ListItem\",\"position\":1,\"name\":\"Inicio\",\"item\":\"https:\/\/www.theskeye.com\/en\/\"},{\"@type\":\"ListItem\",\"position\":2,\"name\":\"UPF-BSM &amp; The Skeye: Lanzamos el Programa Ejecutivo de Transformaci\u00f3n de la Empresa Familiar.\"}]},{\"@type\":\"WebSite\",\"@id\":\"https:\/\/www.theskeye.com\/#website\",\"url\":\"https:\/\/www.theskeye.com\/\",\"name\":\"The Skeye\",\"description\":\"Consultora boutique que ofrece servicio de alto valor a\u00f1adido vinculados a la direcci\u00f3n estrat\u00e9gica y la direcci\u00f3n de personas\",\"potentialAction\":[{\"@type\":\"SearchAction\",\"target\":{\"@type\":\"EntryPoint\",\"urlTemplate\":\"https:\/\/www.theskeye.com\/?s={search_term_string}\"},\"query-input\":{\"@type\":\"PropertyValueSpecification\",\"valueRequired\":true,\"valueName\":\"search_term_string\"}}],\"inLanguage\":\"en-US\"},{\"@type\":\"Person\",\"@id\":\"https:\/\/www.theskeye.com\/#\/schema\/person\/491106bee413489188a626124d3a6ba9\",\"name\":\"The Skeye\",\"url\":\"https:\/\/www.theskeye.com\/en\/author\/theskeyeuser\/\"}]}<\/script>\n<!-- \/ Yoast SEO plugin. -->","yoast_head_json":{"title":"UPF-BSM &amp; The Skeye: Lanzamos el Programa Ejecutivo de Transformaci\u00f3n de la Empresa Familiar. - The Skeye","description":"Descubre los factores clave para la longevidad y el \u00e9xito sostenible de las empresas familiares: profesionalizaci\u00f3n, relevo generacional, \u00f3rganos de gobierno, liderazgo responsable y gesti\u00f3n del patrimonio.","robots":{"index":"index","follow":"follow","max-snippet":"max-snippet:-1","max-image-preview":"max-image-preview:large","max-video-preview":"max-video-preview:-1"},"canonical":"https:\/\/www.theskeye.com\/en\/programa-ejecutivo-de-transformacion-de-la-empresa-familiar\/","og_locale":"en_US","og_type":"article","og_title":"UPF-BSM &amp; The Skeye: Lanzamos el Programa Ejecutivo de Transformaci\u00f3n de la Empresa Familiar. - The Skeye","og_description":"Descubre los factores clave para la longevidad y el \u00e9xito sostenible de las empresas familiares: profesionalizaci\u00f3n, relevo generacional, \u00f3rganos de gobierno, liderazgo responsable y gesti\u00f3n del patrimonio.","og_url":"https:\/\/www.theskeye.com\/programa-ejecutivo-de-transformacion-de-la-empresa-familiar\/","og_site_name":"The Skeye","article_published_time":"2025-02-05T12:45:14+00:00","article_modified_time":"2025-02-05T14:20:13+00:00","og_image":[{"width":2208,"height":1388,"url":"https:\/\/www.theskeye.com\/wp-content\/uploads\/2025\/02\/Programa-ejecutivo-de-transformacion-de-la-empresa-familiar.2.jpg","type":"image\/jpeg"}],"author":"The Skeye","twitter_card":"summary_large_image","twitter_misc":{"Written by":"The Skeye","Est. reading time":"2 minutes"},"schema":{"@context":"https:\/\/schema.org","@graph":[{"@type":"WebPage","@id":"https:\/\/www.theskeye.com\/programa-ejecutivo-de-transformacion-de-la-empresa-familiar\/","url":"https:\/\/www.theskeye.com\/programa-ejecutivo-de-transformacion-de-la-empresa-familiar\/","name":"UPF-BSM &amp; The Skeye: Lanzamos el Programa Ejecutivo de Transformaci\u00f3n de la Empresa Familiar. - The Skeye","isPartOf":{"@id":"https:\/\/www.theskeye.com\/#website"},"primaryImageOfPage":{"@id":"https:\/\/www.theskeye.com\/programa-ejecutivo-de-transformacion-de-la-empresa-familiar\/#primaryimage"},"image":{"@id":"https:\/\/www.theskeye.com\/programa-ejecutivo-de-transformacion-de-la-empresa-familiar\/#primaryimage"},"thumbnailUrl":"https:\/\/www.theskeye.com\/wp-content\/uploads\/2025\/02\/Programa-ejecutivo-de-transformacion-de-la-empresa-familiar.2.jpg","datePublished":"2025-02-05T12:45:14+00:00","dateModified":"2025-02-05T14:20:13+00:00","author":{"@id":"https:\/\/www.theskeye.com\/#\/schema\/person\/491106bee413489188a626124d3a6ba9"},"description":"Descubre los factores clave para la longevidad y el \u00e9xito sostenible de las empresas familiares: profesionalizaci\u00f3n, relevo generacional, \u00f3rganos de gobierno, liderazgo responsable y gesti\u00f3n del patrimonio.","breadcrumb":{"@id":"https:\/\/www.theskeye.com\/programa-ejecutivo-de-transformacion-de-la-empresa-familiar\/#breadcrumb"},"inLanguage":"en-US","potentialAction":[{"@type":"ReadAction","target":["https:\/\/www.theskeye.com\/programa-ejecutivo-de-transformacion-de-la-empresa-familiar\/"]}]},{"@type":"ImageObject","inLanguage":"en-US","@id":"https:\/\/www.theskeye.com\/programa-ejecutivo-de-transformacion-de-la-empresa-familiar\/#primaryimage","url":"https:\/\/www.theskeye.com\/wp-content\/uploads\/2025\/02\/Programa-ejecutivo-de-transformacion-de-la-empresa-familiar.2.jpg","contentUrl":"https:\/\/www.theskeye.com\/wp-content\/uploads\/2025\/02\/Programa-ejecutivo-de-transformacion-de-la-empresa-familiar.2.jpg","width":2208,"height":1388},{"@type":"BreadcrumbList","@id":"https:\/\/www.theskeye.com\/programa-ejecutivo-de-transformacion-de-la-empresa-familiar\/#breadcrumb","itemListElement":[{"@type":"ListItem","position":1,"name":"Inicio","item":"https:\/\/www.theskeye.com\/en\/"},{"@type":"ListItem","position":2,"name":"UPF-BSM &amp; The Skeye: Lanzamos el Programa Ejecutivo de Transformaci\u00f3n de la Empresa Familiar."}]},{"@type":"WebSite","@id":"https:\/\/www.theskeye.com\/#website","url":"https:\/\/www.theskeye.com\/","name":"The Skeye","description":"Consultora boutique que ofrece servicio de alto valor a\u00f1adido vinculados a la direcci\u00f3n estrat\u00e9gica y la direcci\u00f3n de personas","potentialAction":[{"@type":"SearchAction","target":{"@type":"EntryPoint","urlTemplate":"https:\/\/www.theskeye.com\/?s={search_term_string}"},"query-input":{"@type":"PropertyValueSpecification","valueRequired":true,"valueName":"search_term_string"}}],"inLanguage":"en-US"},{"@type":"Person","@id":"https:\/\/www.theskeye.com\/#\/schema\/person\/491106bee413489188a626124d3a6ba9","name":"The Skeye","url":"https:\/\/www.theskeye.com\/en\/author\/theskeyeuser\/"}]}},"_links":{"self":[{"href":"https:\/\/www.theskeye.com\/en\/wp-json\/wp\/v2\/posts\/6657"}],"collection":[{"href":"https:\/\/www.theskeye.com\/en\/wp-json\/wp\/v2\/posts"}],"about":[{"href":"https:\/\/www.theskeye.com\/en\/wp-json\/wp\/v2\/types\/post"}],"author":[{"embeddable":true,"href":"https:\/\/www.theskeye.com\/en\/wp-json\/wp\/v2\/users\/21"}],"replies":[{"embeddable":true,"href":"https:\/\/www.theskeye.com\/en\/wp-json\/wp\/v2\/comments?post=6657"}],"version-history":[{"count":2,"href":"https:\/\/www.theskeye.com\/en\/wp-json\/wp\/v2\/posts\/6657\/revisions"}],"predecessor-version":[{"id":6662,"href":"https:\/\/www.theskeye.com\/en\/wp-json\/wp\/v2\/posts\/6657\/revisions\/6662"}],"wp:featuredmedia":[{"embeddable":true,"href":"https:\/\/www.theskeye.com\/en\/wp-json\/wp\/v2\/media\/6678"}],"wp:attachment":[{"href":"https:\/\/www.theskeye.com\/en\/wp-json\/wp\/v2\/media?parent=6657"}],"wp:term":[{"taxonomy":"category","embeddable":true,"href":"https:\/\/www.theskeye.com\/en\/wp-json\/wp\/v2\/categories?post=6657"},{"taxonomy":"post_tag","embeddable":true,"href":"https:\/\/www.theskeye.com\/en\/wp-json\/wp\/v2\/tags?post=6657"}],"curies":[{"name":"wp","href":"https:\/\/api.w.org\/{rel}","templated":true}]}}