{"id":6791,"date":"2025-10-15T19:51:59","date_gmt":"2025-10-15T18:51:59","guid":{"rendered":"https:\/\/www.theskeye.com\/?p=6791"},"modified":"2026-01-27T11:05:08","modified_gmt":"2026-01-27T10:05:08","slug":"nueva-edicion-programa-upf","status":"publish","type":"post","link":"https:\/\/www.theskeye.com\/en\/nueva-edicion-programa-upf\/","title":{"rendered":"Nueva edici\u00f3n Programa UPF"},"content":{"rendered":"\n<p>En The Skeye nos enorgullece anunciar que este a\u00f1o damos inicio a la segunda edici\u00f3n del <strong>Programa Ejecutivo de Transformaci\u00f3n de la Empresa Familiar<\/strong>, en colaboraci\u00f3n con la <strong>Universidad Pompeu Fabra \u2013 Barcelona School of Management (UPF-BSM)<\/strong>.<\/p>\n\n\n\n<p>El \u00e9xito de la primera edici\u00f3n nos confirma la relevancia de este programa, pensado para acompa\u00f1ar a las <strong>empresas familiares<\/strong>, aut\u00e9ntico motor de nuestra econom\u00eda, en los retos que plantea el futuro.<\/p>\n\n\n\n<p>Durante el programa, abordamos aspectos clave como:<br>\u2022 La profesionalizaci\u00f3n de la direcci\u00f3n<br>\u2022 El cambio generacional<br>\u2022 Los distintos \u00f3rganos de gobierno<br>\u2022 La gesti\u00f3n del talento y el liderazgo responsable<br>\u2022 El patrimonio familiar y empresarial<\/p>\n\n\n\n<p>Con la direcci\u00f3n acad\u00e9mica de <strong>Oriol Amat<\/strong>&nbsp;y un claustro de primer nivel que combina rigor acad\u00e9mico y experiencia pr\u00e1ctica, seguimos construyendo un espacio \u00fanico de aprendizaje y transformaci\u00f3n.<\/p>\n\n\n\n<p>En The Skeye celebramos la consolidaci\u00f3n de este programa y reafirmamos nuestro compromiso en impulsar iniciativas que aporten valor real y duradero a las empresas familiares.<\/p>\n\n\n\n<p>M\u00e1s informaci\u00f3n y programa completo aqu\u00ed:\u00a0<a href=\"https:\/\/www.bsm.upf.edu\/ca\/programa-empresa-familiar-reptes-sigle-xxi\">https:\/\/www.bsm.upf.edu\/ca\/programa-empresa-familiar-reptes-sigle-xxi<\/a><\/p>\n\n\n\n<p><\/p>\n\n\n\n<div data-wp-interactive=\"core\/file\" class=\"wp-block-file\"><object data-wp-bind--hidden=\"!state.hasPdfPreview\"  class=\"wp-block-file__embed\" data=\"https:\/\/www.theskeye.com\/wp-content\/uploads\/2025\/10\/2a-edicio_Programa_Executiu_Empresa_Familiar.pdf\" type=\"application\/pdf\" style=\"width:100%;height:600px\" aria-label=\"Embed of 2a edicio_Programa_Executiu_Empresa_Familiar.\"><\/object><a id=\"wp-block-file--media-cd73fb86-3afb-41c9-9724-a3e726cd4bc4\" href=\"https:\/\/www.theskeye.com\/wp-content\/uploads\/2025\/10\/2a-edicio_Programa_Executiu_Empresa_Familiar.pdf\">2a edicio_Programa_Executiu_Empresa_Familiar<\/a><a href=\"https:\/\/www.theskeye.com\/wp-content\/uploads\/2025\/10\/2a-edicio_Programa_Executiu_Empresa_Familiar.pdf\" class=\"wp-block-file__button wp-element-button\" download aria-describedby=\"wp-block-file--media-cd73fb86-3afb-41c9-9724-a3e726cd4bc4\">Descarga<\/a><\/div>\n","protected":false},"excerpt":{"rendered":"<p>En The Skeye nos enorgullece anunciar que este a\u00f1o damos inicio a la segunda edici\u00f3n del Programa Ejecutivo de Transformaci\u00f3n de la Empresa Familiar, en colaboraci\u00f3n con la Universidad Pompeu&#8230;<\/p>\n","protected":false},"author":21,"featured_media":6729,"comment_status":"closed","ping_status":"closed","sticky":false,"template":"","format":"standard","meta":{"footnotes":""},"categories":[238],"tags":[],"class_list":{"0":"post-6791","1":"post","2":"type-post","3":"status-publish","4":"format-standard","5":"has-post-thumbnail","7":"category-empresa-familiar"},"yoast_head":"<!-- This site is optimized with the Yoast SEO plugin v25.6 - https:\/\/yoast.com\/wordpress\/plugins\/seo\/ -->\n<title>Nuevo acuerdo entre The Skeye y UPF.<\/title>\n<meta name=\"robots\" content=\"index, follow, max-snippet:-1, max-image-preview:large, max-video-preview:-1\" \/>\n<link rel=\"canonical\" href=\"https:\/\/www.theskeye.com\/en\/nueva-edicion-programa-upf\/\" \/>\n<meta property=\"og:locale\" content=\"en_US\" \/>\n<meta property=\"og:type\" content=\"article\" \/>\n<meta property=\"og:title\" content=\"Nuevo acuerdo entre The Skeye y UPF.\" \/>\n<meta property=\"og:description\" content=\"En The Skeye nos enorgullece anunciar que este a\u00f1o damos inicio a la segunda edici\u00f3n del Programa Ejecutivo de Transformaci\u00f3n de la Empresa Familiar, en colaboraci\u00f3n con la Universidad Pompeu...\" \/>\n<meta property=\"og:url\" content=\"https:\/\/www.theskeye.com\/nueva-edicion-programa-upf\/\" \/>\n<meta property=\"og:site_name\" content=\"The Skeye\" \/>\n<meta property=\"article:published_time\" content=\"2025-10-15T18:51:59+00:00\" \/>\n<meta property=\"article:modified_time\" content=\"2026-01-27T10:05:08+00:00\" \/>\n<meta property=\"og:image\" content=\"https:\/\/www.theskeye.com\/wp-content\/uploads\/2025\/03\/14_3_2025_-Post-con-la-firma-del-acuerdo-THE-SKEYE-UPF-.jpeg\" \/>\n\t<meta property=\"og:image:width\" content=\"2048\" \/>\n\t<meta property=\"og:image:height\" content=\"1167\" \/>\n\t<meta property=\"og:image:type\" content=\"image\/jpeg\" \/>\n<meta name=\"author\" content=\"The Skeye\" \/>\n<meta name=\"twitter:card\" content=\"summary_large_image\" \/>\n<meta name=\"twitter:label1\" content=\"Written by\" \/>\n\t<meta name=\"twitter:data1\" content=\"The Skeye\" \/>\n\t<meta name=\"twitter:label2\" content=\"Est. reading time\" \/>\n\t<meta name=\"twitter:data2\" content=\"1 minute\" \/>\n<script type=\"application\/ld+json\" class=\"yoast-schema-graph\">{\"@context\":\"https:\/\/schema.org\",\"@graph\":[{\"@type\":\"WebPage\",\"@id\":\"https:\/\/www.theskeye.com\/nueva-edicion-programa-upf\/\",\"url\":\"https:\/\/www.theskeye.com\/nueva-edicion-programa-upf\/\",\"name\":\"Nuevo acuerdo entre The Skeye y UPF.\",\"isPartOf\":{\"@id\":\"https:\/\/www.theskeye.com\/#website\"},\"primaryImageOfPage\":{\"@id\":\"https:\/\/www.theskeye.com\/nueva-edicion-programa-upf\/#primaryimage\"},\"image\":{\"@id\":\"https:\/\/www.theskeye.com\/nueva-edicion-programa-upf\/#primaryimage\"},\"thumbnailUrl\":\"https:\/\/www.theskeye.com\/wp-content\/uploads\/2025\/03\/14_3_2025_-Post-con-la-firma-del-acuerdo-THE-SKEYE-UPF-.jpeg\",\"datePublished\":\"2025-10-15T18:51:59+00:00\",\"dateModified\":\"2026-01-27T10:05:08+00:00\",\"author\":{\"@id\":\"https:\/\/www.theskeye.com\/#\/schema\/person\/491106bee413489188a626124d3a6ba9\"},\"breadcrumb\":{\"@id\":\"https:\/\/www.theskeye.com\/nueva-edicion-programa-upf\/#breadcrumb\"},\"inLanguage\":\"en-US\",\"potentialAction\":[{\"@type\":\"ReadAction\",\"target\":[\"https:\/\/www.theskeye.com\/nueva-edicion-programa-upf\/\"]}]},{\"@type\":\"ImageObject\",\"inLanguage\":\"en-US\",\"@id\":\"https:\/\/www.theskeye.com\/nueva-edicion-programa-upf\/#primaryimage\",\"url\":\"https:\/\/www.theskeye.com\/wp-content\/uploads\/2025\/03\/14_3_2025_-Post-con-la-firma-del-acuerdo-THE-SKEYE-UPF-.jpeg\",\"contentUrl\":\"https:\/\/www.theskeye.com\/wp-content\/uploads\/2025\/03\/14_3_2025_-Post-con-la-firma-del-acuerdo-THE-SKEYE-UPF-.jpeg\",\"width\":2048,\"height\":1167},{\"@type\":\"BreadcrumbList\",\"@id\":\"https:\/\/www.theskeye.com\/nueva-edicion-programa-upf\/#breadcrumb\",\"itemListElement\":[{\"@type\":\"ListItem\",\"position\":1,\"name\":\"Inicio\",\"item\":\"https:\/\/www.theskeye.com\/en\/\"},{\"@type\":\"ListItem\",\"position\":2,\"name\":\"Nueva edici\u00f3n Programa UPF\"}]},{\"@type\":\"WebSite\",\"@id\":\"https:\/\/www.theskeye.com\/#website\",\"url\":\"https:\/\/www.theskeye.com\/\",\"name\":\"The Skeye\",\"description\":\"Consultora boutique que ofrece servicio de alto valor a\u00f1adido vinculados a la direcci\u00f3n estrat\u00e9gica y la direcci\u00f3n de personas\",\"potentialAction\":[{\"@type\":\"SearchAction\",\"target\":{\"@type\":\"EntryPoint\",\"urlTemplate\":\"https:\/\/www.theskeye.com\/?s={search_term_string}\"},\"query-input\":{\"@type\":\"PropertyValueSpecification\",\"valueRequired\":true,\"valueName\":\"search_term_string\"}}],\"inLanguage\":\"en-US\"},{\"@type\":\"Person\",\"@id\":\"https:\/\/www.theskeye.com\/#\/schema\/person\/491106bee413489188a626124d3a6ba9\",\"name\":\"The Skeye\",\"url\":\"https:\/\/www.theskeye.com\/en\/author\/theskeyeuser\/\"}]}<\/script>\n<!-- \/ Yoast SEO plugin. -->","yoast_head_json":{"title":"Nuevo acuerdo entre The Skeye y UPF.","robots":{"index":"index","follow":"follow","max-snippet":"max-snippet:-1","max-image-preview":"max-image-preview:large","max-video-preview":"max-video-preview:-1"},"canonical":"https:\/\/www.theskeye.com\/en\/nueva-edicion-programa-upf\/","og_locale":"en_US","og_type":"article","og_title":"Nuevo acuerdo entre The Skeye y UPF.","og_description":"En The Skeye nos enorgullece anunciar que este a\u00f1o damos inicio a la segunda edici\u00f3n del Programa Ejecutivo de Transformaci\u00f3n de la Empresa Familiar, en colaboraci\u00f3n con la Universidad Pompeu...","og_url":"https:\/\/www.theskeye.com\/nueva-edicion-programa-upf\/","og_site_name":"The Skeye","article_published_time":"2025-10-15T18:51:59+00:00","article_modified_time":"2026-01-27T10:05:08+00:00","og_image":[{"width":2048,"height":1167,"url":"https:\/\/www.theskeye.com\/wp-content\/uploads\/2025\/03\/14_3_2025_-Post-con-la-firma-del-acuerdo-THE-SKEYE-UPF-.jpeg","type":"image\/jpeg"}],"author":"The Skeye","twitter_card":"summary_large_image","twitter_misc":{"Written by":"The Skeye","Est. reading time":"1 minute"},"schema":{"@context":"https:\/\/schema.org","@graph":[{"@type":"WebPage","@id":"https:\/\/www.theskeye.com\/nueva-edicion-programa-upf\/","url":"https:\/\/www.theskeye.com\/nueva-edicion-programa-upf\/","name":"Nuevo acuerdo entre The Skeye y UPF.","isPartOf":{"@id":"https:\/\/www.theskeye.com\/#website"},"primaryImageOfPage":{"@id":"https:\/\/www.theskeye.com\/nueva-edicion-programa-upf\/#primaryimage"},"image":{"@id":"https:\/\/www.theskeye.com\/nueva-edicion-programa-upf\/#primaryimage"},"thumbnailUrl":"https:\/\/www.theskeye.com\/wp-content\/uploads\/2025\/03\/14_3_2025_-Post-con-la-firma-del-acuerdo-THE-SKEYE-UPF-.jpeg","datePublished":"2025-10-15T18:51:59+00:00","dateModified":"2026-01-27T10:05:08+00:00","author":{"@id":"https:\/\/www.theskeye.com\/#\/schema\/person\/491106bee413489188a626124d3a6ba9"},"breadcrumb":{"@id":"https:\/\/www.theskeye.com\/nueva-edicion-programa-upf\/#breadcrumb"},"inLanguage":"en-US","potentialAction":[{"@type":"ReadAction","target":["https:\/\/www.theskeye.com\/nueva-edicion-programa-upf\/"]}]},{"@type":"ImageObject","inLanguage":"en-US","@id":"https:\/\/www.theskeye.com\/nueva-edicion-programa-upf\/#primaryimage","url":"https:\/\/www.theskeye.com\/wp-content\/uploads\/2025\/03\/14_3_2025_-Post-con-la-firma-del-acuerdo-THE-SKEYE-UPF-.jpeg","contentUrl":"https:\/\/www.theskeye.com\/wp-content\/uploads\/2025\/03\/14_3_2025_-Post-con-la-firma-del-acuerdo-THE-SKEYE-UPF-.jpeg","width":2048,"height":1167},{"@type":"BreadcrumbList","@id":"https:\/\/www.theskeye.com\/nueva-edicion-programa-upf\/#breadcrumb","itemListElement":[{"@type":"ListItem","position":1,"name":"Inicio","item":"https:\/\/www.theskeye.com\/en\/"},{"@type":"ListItem","position":2,"name":"Nueva edici\u00f3n Programa UPF"}]},{"@type":"WebSite","@id":"https:\/\/www.theskeye.com\/#website","url":"https:\/\/www.theskeye.com\/","name":"The Skeye","description":"Consultora boutique que ofrece servicio de alto valor a\u00f1adido vinculados a la direcci\u00f3n estrat\u00e9gica y la direcci\u00f3n de personas","potentialAction":[{"@type":"SearchAction","target":{"@type":"EntryPoint","urlTemplate":"https:\/\/www.theskeye.com\/?s={search_term_string}"},"query-input":{"@type":"PropertyValueSpecification","valueRequired":true,"valueName":"search_term_string"}}],"inLanguage":"en-US"},{"@type":"Person","@id":"https:\/\/www.theskeye.com\/#\/schema\/person\/491106bee413489188a626124d3a6ba9","name":"The Skeye","url":"https:\/\/www.theskeye.com\/en\/author\/theskeyeuser\/"}]}},"_links":{"self":[{"href":"https:\/\/www.theskeye.com\/en\/wp-json\/wp\/v2\/posts\/6791"}],"collection":[{"href":"https:\/\/www.theskeye.com\/en\/wp-json\/wp\/v2\/posts"}],"about":[{"href":"https:\/\/www.theskeye.com\/en\/wp-json\/wp\/v2\/types\/post"}],"author":[{"embeddable":true,"href":"https:\/\/www.theskeye.com\/en\/wp-json\/wp\/v2\/users\/21"}],"replies":[{"embeddable":true,"href":"https:\/\/www.theskeye.com\/en\/wp-json\/wp\/v2\/comments?post=6791"}],"version-history":[{"count":6,"href":"https:\/\/www.theskeye.com\/en\/wp-json\/wp\/v2\/posts\/6791\/revisions"}],"predecessor-version":[{"id":6804,"href":"https:\/\/www.theskeye.com\/en\/wp-json\/wp\/v2\/posts\/6791\/revisions\/6804"}],"wp:featuredmedia":[{"embeddable":true,"href":"https:\/\/www.theskeye.com\/en\/wp-json\/wp\/v2\/media\/6729"}],"wp:attachment":[{"href":"https:\/\/www.theskeye.com\/en\/wp-json\/wp\/v2\/media?parent=6791"}],"wp:term":[{"taxonomy":"category","embeddable":true,"href":"https:\/\/www.theskeye.com\/en\/wp-json\/wp\/v2\/categories?post=6791"},{"taxonomy":"post_tag","embeddable":true,"href":"https:\/\/www.theskeye.com\/en\/wp-json\/wp\/v2\/tags?post=6791"}],"curies":[{"name":"wp","href":"https:\/\/api.w.org\/{rel}","templated":true}]}}