{"id":6822,"date":"2025-10-30T10:25:02","date_gmt":"2025-10-30T09:25:02","guid":{"rendered":"https:\/\/www.theskeye.com\/?p=6822"},"modified":"2025-10-30T10:25:04","modified_gmt":"2025-10-30T09:25:04","slug":"esta-claro-pero-es-desesperante-que-no-lo-entiendan","status":"publish","type":"post","link":"https:\/\/www.theskeye.com\/en\/esta-claro-pero-es-desesperante-que-no-lo-entiendan\/","title":{"rendered":"Est\u00e1 claro pero es desesperante que no lo entiendan"},"content":{"rendered":"\n<p>Estaba yo pl\u00e1cidamente semitumbado reflexionando sobre la ruta gastron\u00f3mica m\u00e1s adecuada para que el viaje pareciese cultural, cuando me vi asolado por la pesadilla del consultor: <strong>un cliente pidiendo que emitiese un juicio sobre un tema concreto<\/strong>, y lo hizo con tanta habilidad que no pude escaparme con las t\u00edpicas herramientas de esquiva y enmascaramiento.<\/p>\n\n\n\n<p>No me qued\u00f3 otra que incorporarme y pensar un poquito, sin pasarse, sobre el tema que me oblig\u00f3 a suspender tan placentera actividad: \u00bfpor qu\u00e9 fracasaban los intentos de comunicaci\u00f3n con la plantilla, campa\u00f1a tras campa\u00f1a, daba igual el tema?<\/p>\n\n\n\n<p>De mi experiencia,<strong> este es uno de los problemas m\u00e1s complejos<\/strong> <strong>con que se enfrenta el profesional de Recursos Humanos<\/strong> (junto con el tama\u00f1o, zona y orientaci\u00f3n de los despachos, el uso de servicios compartidos entre jefes y las excepciones a los coches de empresa).<\/p>\n\n\n\n<p>Un momento\u2026\u00bfpor qu\u00e9 digo Recursos Humanos si en mi empresa es responsabilidad de Comunicaci\u00f3n mientras que cae en Marketing en la de mi cu\u00f1ado? Porque es nuestra responsabilidad, porque elaboramos los mensajes y controlamos el tiempo adecuado, porque segmentamos la audiencia, porque seleccionamos el medio, porque lo integramos en la estrategia general de Recursos Humanos y de Direcci\u00f3n General, y porque es la \u00fanica alternativa si queremos poner al empleado en el centro de nuestra misi\u00f3n (<em>employee-centric company<\/em>\u2026\u00bfCu\u00e1ntas veces lo hab\u00e9is o\u00eddo?).<\/p>\n\n\n\n<p>Peter Drucker dec\u00eda que <strong>el 60% de los problemas empresariales vienen de una mala comunicaci\u00f3n<\/strong>; podremos discutir el porcentaje, pero no la afirmaci\u00f3n en s\u00ed. De la misma forma, Kevin Ruck (Institute of Internal Communication) defiende que \u201cuna buena comunicaci\u00f3n interna no solo informa sino que involucra, inspira y conecta\u201d, clave en un tiempo de trabajo h\u00edbrido, de individualismo y de compromiso cada vez m\u00e1s d\u00e9bil con la empresa.<\/p>\n\n\n\n<p><strong>\u00bfCu\u00e1ntas veces hab\u00e9is visto situaciones como \u00e9stas?<\/strong><\/p>\n\n\n\n<p>1.- El Director General monta una reuni\u00f3n de comunicaci\u00f3n de resultados y objetivos con todos los empleados\u2026y nadie pregunta ni opina. Y a la siguiente solo salen tres preguntas previamente preparadas.<br>2.- El Director de Recursos Humanos env\u00eda un mail a toda la organizaci\u00f3n sobre una nueva pol\u00edtica de uso de bienes inform\u00e1ticos o del Copilot; el correo es in\u00fatil para la mitad de la plantilla y no responde a algunas de las preguntas de la otra mitad.<br>3.- El texto de los mensajes es r\u00edgido y estrictamente profesional, casi como si fuese un tribunal, sin toque humano cuando el empleado promedio valora un tono menos formal y una dosis de humor sutil.<br>4.- Has colgado en el tabl\u00f3n de anuncios una comunicaci\u00f3n importante\u2026justo al lado de otra del Comit\u00e9 donde llama a la movilizaci\u00f3n contra las mentiras de la empresa en la negociaci\u00f3n de un convenio.<br>5.- Has recomendado visualizar un video del CEO (obligatorio) en que aparece bronceado y vestido como para jugar al golf, pero solo habla de generalidades dirigidas a un determinado pa\u00eds.<br>6.- Alguien env\u00eda un mensaje a toda la organizaci\u00f3n, no necesariamente de trabajo, y se produce una cascada de \u201cResponder a todos\u201d que te llena el buz\u00f3n con 50 correos.<br>7.- Has elegido un motor de comunicaci\u00f3n directa (Slack, Teams o lo que sea) y tus empleados dedican la mitad de su tiempo a estar al d\u00eda e interaccionar en los 40 canales creados, sin diferenciar entre los de trabajo de su departamento o los que organizan excursiones y barbacoas para el fin de semana.<br>8.- Has creado una revista bimensual que te cuesta un mundo completar y a la que todos llaman la Hoja Parroquial.<br>9.- Has preparado una reuni\u00f3n con los mandos medios para transmitir unos mensajes claros y simples que deber\u00e1n cascadear hacia abajo\u2026pero descubres que no llegan al p\u00fablico objetivo.<br>10.- Todos tus mensajes son push, es decir van hacia abajo, pero no tienes ning\u00fan medio para recoger los mensajes hacia arriba.<br>11.- Organizas una reuni\u00f3n informal con el CEO y tienes que forzar la asistencia para que haya quorum.<br>12.- Has publicado una nota clarificatoria para atajar los rumores, nota que ha disparado m\u00e1s rumores.<\/p>\n\n\n\n<p>\u00bfTe ves reflejado? <strong>No te frustres porque no est\u00e1s solo<\/strong>: muchos de nosotros estamos en el mismo lado aunque pocos lo reconoceremos.<\/p>\n\n\n\n<p>\u00bfPero hacemos algo bien? \u00bfPara qu\u00e9 tanto esfuerzo? Porque la comunicaci\u00f3n interna es el pegamento, es el sistema nervioso de la organizaci\u00f3n; <strong>no se trata solo de informar y conectar los puntos de tu puzzle,<\/strong> sino de motivar, de dar un prop\u00f3sito, de escuchar.<\/p>\n\n\n\n<p>Nos hemos empe\u00f1ado en comunicaci\u00f3n unidireccional cuando deber\u00eda aplic\u00e1rsenos la frase de Ep\u00edcteto: \u201cLa naturaleza nos dio dos orejas y una sola boca para que escuch\u00e1ramos m\u00e1s y habl\u00e1ramos menos\u201d. No me resisto a no completarla con una frase brillante de Woody Allen: \u201cEscucho mucho mejor cuando no hablo\u201d.<\/p>\n\n\n\n<p>Ahora bien,<strong> no hay recetas magistrales v\u00e1lidas universalmente<\/strong>, pero s\u00ed algunos tips:<\/p>\n\n\n\n<ul class=\"wp-block-list\">\n<li>Segmenta la audiencia, selecciona los mensajes para cada grupo y personal\u00edzalos: quiz\u00e1s a los operarios no les interesa lo mismo que a los ingenieros de R&amp;D.<\/li>\n\n\n\n<li>Selecciona el medio m\u00e1s adecuado para cada grupo y cada mensaje. No olvides que el medio es el mensaje (Marshall McLuhan) en muchas ocasiones: si el medio son docenas de mails irrelevantes el mensaje entendido es ign\u00f3rame.<\/li>\n\n\n\n<li>Utiliza el lenguaje adecuado para cada grupo y cada contexto, y no me refiero solo a la moda ef\u00edmera del lenguaje inclusivo: hab\u00eda un CEO que enviaba cada viernes un mensaje motivador escrito en tono po\u00e9tico en momentos en que se requer\u00eda pragmatismo y planes de acci\u00f3n, en fin\u2026<\/li>\n\n\n\n<li>El tama\u00f1o importa: en una pyme puedes comunicar verbalmente en la m\u00e1quina de caf\u00e9, en una multinacional de 2000 empleados en varios centros no es una opci\u00f3n. O s\u00ed, pero de forma estructurada si es tu decisi\u00f3n.<\/li>\n\n\n\n<li>Transparencia: demuestra que eres humano, evita rumores, inspira confianza, no hagas el trilero y admite que quiz\u00e1s te equivocaste en alguna decisi\u00f3n.<\/li>\n\n\n\n<li>Usar el humor sutil e inteligente ayuda.<\/li>\n\n\n\n<li>Evita la infobesidad: envias tantos mensajes que no saben qu\u00e9 es lo importante.<\/li>\n\n\n\n<li>Evita el lenguaje vac\u00edo. Cada vez que escribas \u201cmaximizar sinergias\u201d apri\u00e9tate un punto el cilicio.<\/li>\n\n\n\n<li>No comunicar no es una opci\u00f3n.<\/li>\n\n\n\n<li>Modern\u00edzate, no descartes los canales que les gustan a tus nuevos empleados. \u00bfNo est\u00e1s en TikTok aun?<\/li>\n\n\n\n<li>Dale una oportunidad al canal que elijas: lanzarlo y no usarlo es contraproducente.<\/li>\n\n\n\n<li>Los empleados tienen que expresarse y lo har\u00e1n: ponles los medios\u2026y entonces esc\u00fachales, y haz acuse de recibo.<\/li>\n\n\n\n<li>Diferencia comunicaci\u00f3n de propaganda: no s\u00e9 c\u00f3mo, pero ellos lo detectan.<\/li>\n\n\n\n<li>Hay empresas que hacen pr\u00e1cticas novedosas: no tengas ning\u00fan problema en fusilar sus iniciativas. Southwest Airlines, Ikea, Google, Lego, \u2026 merecen echarles un vistazo. De la misma forma, no copies el mail hardcore de Elon Musk a los empleados de Twitter que origin\u00f3 una cascada de bajas y da\u00f1o a la moral (alguno me dir\u00e9is que no le ha ido tan mal, pero no me creo que el correo formase parte de la estrategia).<\/li>\n\n\n\n<li>Hay herramientas a considerar:\n<ul class=\"wp-block-list\">\n<li>Storytelling, historias reales alineadas con los valores o con lo que quieres comunicar. Muy poderoso, si eliges el canal adecuado<\/li>\n\n\n\n<li>Podcast interno, f\u00e1cil de consumir y muy habitual en medios de comunicaci\u00f3no Plataformas colaborativas (Slack, Yammer, Workplace\u2026) que permiten comunicaci\u00f3n bidireccional, pero con cuidado de no olvidarte responder<\/li>\n\n\n\n<li>Gamificaci\u00f3n, no solo en comunicaci\u00f3n sino tambi\u00e9n en formaci\u00f3n<\/li>\n\n\n\n<li>Medir y analizar datos, no conf\u00edes solo en tu instinto y olfato<\/li>\n<\/ul>\n<\/li>\n\n\n\n<li>Si comunicas mediante los jefes aseg\u00farate de que conocen el mensaje y que tienen las competencias para comunicar. No es obvio: la mayor\u00eda tiene problemas.<\/li>\n\n\n\n<li>Comunicar es sobre todo escuchar: \u201cla mayor\u00eda de la gente no escucha con la intenci\u00f3n de entender sino con la intenci\u00f3n de responder\u201d (S. Covey). Piensa cuantas veces has sorprendido a un colega del Comit\u00e9 de Direcci\u00f3n afilando las u\u00f1as para su respuesta mientras t\u00fa hablas.<\/li>\n<\/ul>\n\n\n\n<p>Bueno, despu\u00e9s de este esfuerzo tan \u00edmprobo ya estaba en condiciones de volver a reclinarme y seguir con la ruta gastron\u00f3mica, ruta en la que tenia mas posibilidades de \u00e9xito que en la comunicaci\u00f3n interna, un campo de minas donde hay muchas cosas que pueden salir mal pero que has de cruzar inexorablemente.<\/p>\n","protected":false},"excerpt":{"rendered":"<p>Estaba yo pl\u00e1cidamente semitumbado reflexionando sobre la ruta gastron\u00f3mica m\u00e1s adecuada para que el viaje pareciese cultural, cuando me vi asolado por la pesadilla del consultor: un cliente pidiendo que&#8230;<\/p>\n","protected":false},"author":10,"featured_media":6831,"comment_status":"closed","ping_status":"closed","sticky":false,"template":"","format":"standard","meta":{"footnotes":""},"categories":[165],"tags":[],"class_list":{"0":"post-6822","1":"post","2":"type-post","3":"status-publish","4":"format-standard","5":"has-post-thumbnail","7":"category-consultoria-estrategica-de-rrhh"},"yoast_head":"<!-- This site is optimized with the Yoast SEO plugin v25.6 - https:\/\/yoast.com\/wordpress\/plugins\/seo\/ -->\n<title>Est\u00e1 claro pero es desesperante que no lo entiendan - The Skeye<\/title>\n<meta name=\"robots\" content=\"index, follow, max-snippet:-1, max-image-preview:large, max-video-preview:-1\" \/>\n<link rel=\"canonical\" href=\"https:\/\/www.theskeye.com\/en\/esta-claro-pero-es-desesperante-que-no-lo-entiendan\/\" \/>\n<meta property=\"og:locale\" content=\"en_US\" \/>\n<meta property=\"og:type\" content=\"article\" \/>\n<meta property=\"og:title\" content=\"Est\u00e1 claro pero es desesperante que no lo entiendan - The Skeye\" \/>\n<meta property=\"og:description\" content=\"Estaba yo pl\u00e1cidamente semitumbado reflexionando sobre la ruta gastron\u00f3mica m\u00e1s adecuada para que el viaje pareciese cultural, cuando me vi asolado por la pesadilla del consultor: un cliente pidiendo que...\" \/>\n<meta property=\"og:url\" content=\"https:\/\/www.theskeye.com\/esta-claro-pero-es-desesperante-que-no-lo-entiendan\/\" \/>\n<meta property=\"og:site_name\" content=\"The Skeye\" \/>\n<meta property=\"article:published_time\" content=\"2025-10-30T09:25:02+00:00\" \/>\n<meta property=\"article:modified_time\" content=\"2025-10-30T09:25:04+00:00\" \/>\n<meta property=\"og:image\" content=\"https:\/\/www.theskeye.com\/wp-content\/uploads\/2025\/10\/Recursos-humanos-.jpg\" \/>\n\t<meta property=\"og:image:width\" content=\"640\" \/>\n\t<meta property=\"og:image:height\" content=\"427\" \/>\n\t<meta property=\"og:image:type\" content=\"image\/jpeg\" \/>\n<meta name=\"author\" content=\"Javier Fa\u00f1an\u00e1s\" \/>\n<meta name=\"twitter:card\" content=\"summary_large_image\" \/>\n<meta name=\"twitter:label1\" content=\"Written by\" \/>\n\t<meta name=\"twitter:data1\" content=\"Javier Fa\u00f1an\u00e1s\" \/>\n\t<meta name=\"twitter:label2\" content=\"Est. reading time\" \/>\n\t<meta name=\"twitter:data2\" content=\"7 minutes\" \/>\n<script type=\"application\/ld+json\" class=\"yoast-schema-graph\">{\"@context\":\"https:\/\/schema.org\",\"@graph\":[{\"@type\":\"WebPage\",\"@id\":\"https:\/\/www.theskeye.com\/esta-claro-pero-es-desesperante-que-no-lo-entiendan\/\",\"url\":\"https:\/\/www.theskeye.com\/esta-claro-pero-es-desesperante-que-no-lo-entiendan\/\",\"name\":\"Est\u00e1 claro pero es desesperante que no lo entiendan - The Skeye\",\"isPartOf\":{\"@id\":\"https:\/\/www.theskeye.com\/#website\"},\"primaryImageOfPage\":{\"@id\":\"https:\/\/www.theskeye.com\/esta-claro-pero-es-desesperante-que-no-lo-entiendan\/#primaryimage\"},\"image\":{\"@id\":\"https:\/\/www.theskeye.com\/esta-claro-pero-es-desesperante-que-no-lo-entiendan\/#primaryimage\"},\"thumbnailUrl\":\"https:\/\/www.theskeye.com\/wp-content\/uploads\/2025\/10\/Recursos-humanos-.jpg\",\"datePublished\":\"2025-10-30T09:25:02+00:00\",\"dateModified\":\"2025-10-30T09:25:04+00:00\",\"author\":{\"@id\":\"https:\/\/www.theskeye.com\/#\/schema\/person\/d8e226036cd8f3655e3e0dd98b3e1444\"},\"breadcrumb\":{\"@id\":\"https:\/\/www.theskeye.com\/esta-claro-pero-es-desesperante-que-no-lo-entiendan\/#breadcrumb\"},\"inLanguage\":\"en-US\",\"potentialAction\":[{\"@type\":\"ReadAction\",\"target\":[\"https:\/\/www.theskeye.com\/esta-claro-pero-es-desesperante-que-no-lo-entiendan\/\"]}]},{\"@type\":\"ImageObject\",\"inLanguage\":\"en-US\",\"@id\":\"https:\/\/www.theskeye.com\/esta-claro-pero-es-desesperante-que-no-lo-entiendan\/#primaryimage\",\"url\":\"https:\/\/www.theskeye.com\/wp-content\/uploads\/2025\/10\/Recursos-humanos-.jpg\",\"contentUrl\":\"https:\/\/www.theskeye.com\/wp-content\/uploads\/2025\/10\/Recursos-humanos-.jpg\",\"width\":640,\"height\":427},{\"@type\":\"BreadcrumbList\",\"@id\":\"https:\/\/www.theskeye.com\/esta-claro-pero-es-desesperante-que-no-lo-entiendan\/#breadcrumb\",\"itemListElement\":[{\"@type\":\"ListItem\",\"position\":1,\"name\":\"Inicio\",\"item\":\"https:\/\/www.theskeye.com\/en\/\"},{\"@type\":\"ListItem\",\"position\":2,\"name\":\"Est\u00e1 claro pero es desesperante que no lo entiendan\"}]},{\"@type\":\"WebSite\",\"@id\":\"https:\/\/www.theskeye.com\/#website\",\"url\":\"https:\/\/www.theskeye.com\/\",\"name\":\"The Skeye\",\"description\":\"Consultora boutique que ofrece servicio de alto valor a\u00f1adido vinculados a la direcci\u00f3n estrat\u00e9gica y la direcci\u00f3n de personas\",\"potentialAction\":[{\"@type\":\"SearchAction\",\"target\":{\"@type\":\"EntryPoint\",\"urlTemplate\":\"https:\/\/www.theskeye.com\/?s={search_term_string}\"},\"query-input\":{\"@type\":\"PropertyValueSpecification\",\"valueRequired\":true,\"valueName\":\"search_term_string\"}}],\"inLanguage\":\"en-US\"},{\"@type\":\"Person\",\"@id\":\"https:\/\/www.theskeye.com\/#\/schema\/person\/d8e226036cd8f3655e3e0dd98b3e1444\",\"name\":\"Javier Fa\u00f1an\u00e1s\",\"description\":\"Director de proyectos y senior HRBP\",\"url\":\"https:\/\/www.theskeye.com\/en\/author\/javier-fananas\/\"}]}<\/script>\n<!-- \/ Yoast SEO plugin. -->","yoast_head_json":{"title":"Est\u00e1 claro pero es desesperante que no lo entiendan - The Skeye","robots":{"index":"index","follow":"follow","max-snippet":"max-snippet:-1","max-image-preview":"max-image-preview:large","max-video-preview":"max-video-preview:-1"},"canonical":"https:\/\/www.theskeye.com\/en\/esta-claro-pero-es-desesperante-que-no-lo-entiendan\/","og_locale":"en_US","og_type":"article","og_title":"Est\u00e1 claro pero es desesperante que no lo entiendan - The Skeye","og_description":"Estaba yo pl\u00e1cidamente semitumbado reflexionando sobre la ruta gastron\u00f3mica m\u00e1s adecuada para que el viaje pareciese cultural, cuando me vi asolado por la pesadilla del consultor: un cliente pidiendo que...","og_url":"https:\/\/www.theskeye.com\/esta-claro-pero-es-desesperante-que-no-lo-entiendan\/","og_site_name":"The Skeye","article_published_time":"2025-10-30T09:25:02+00:00","article_modified_time":"2025-10-30T09:25:04+00:00","og_image":[{"width":640,"height":427,"url":"https:\/\/www.theskeye.com\/wp-content\/uploads\/2025\/10\/Recursos-humanos-.jpg","type":"image\/jpeg"}],"author":"Javier Fa\u00f1an\u00e1s","twitter_card":"summary_large_image","twitter_misc":{"Written by":"Javier Fa\u00f1an\u00e1s","Est. reading time":"7 minutes"},"schema":{"@context":"https:\/\/schema.org","@graph":[{"@type":"WebPage","@id":"https:\/\/www.theskeye.com\/esta-claro-pero-es-desesperante-que-no-lo-entiendan\/","url":"https:\/\/www.theskeye.com\/esta-claro-pero-es-desesperante-que-no-lo-entiendan\/","name":"Est\u00e1 claro pero es desesperante que no lo entiendan - The Skeye","isPartOf":{"@id":"https:\/\/www.theskeye.com\/#website"},"primaryImageOfPage":{"@id":"https:\/\/www.theskeye.com\/esta-claro-pero-es-desesperante-que-no-lo-entiendan\/#primaryimage"},"image":{"@id":"https:\/\/www.theskeye.com\/esta-claro-pero-es-desesperante-que-no-lo-entiendan\/#primaryimage"},"thumbnailUrl":"https:\/\/www.theskeye.com\/wp-content\/uploads\/2025\/10\/Recursos-humanos-.jpg","datePublished":"2025-10-30T09:25:02+00:00","dateModified":"2025-10-30T09:25:04+00:00","author":{"@id":"https:\/\/www.theskeye.com\/#\/schema\/person\/d8e226036cd8f3655e3e0dd98b3e1444"},"breadcrumb":{"@id":"https:\/\/www.theskeye.com\/esta-claro-pero-es-desesperante-que-no-lo-entiendan\/#breadcrumb"},"inLanguage":"en-US","potentialAction":[{"@type":"ReadAction","target":["https:\/\/www.theskeye.com\/esta-claro-pero-es-desesperante-que-no-lo-entiendan\/"]}]},{"@type":"ImageObject","inLanguage":"en-US","@id":"https:\/\/www.theskeye.com\/esta-claro-pero-es-desesperante-que-no-lo-entiendan\/#primaryimage","url":"https:\/\/www.theskeye.com\/wp-content\/uploads\/2025\/10\/Recursos-humanos-.jpg","contentUrl":"https:\/\/www.theskeye.com\/wp-content\/uploads\/2025\/10\/Recursos-humanos-.jpg","width":640,"height":427},{"@type":"BreadcrumbList","@id":"https:\/\/www.theskeye.com\/esta-claro-pero-es-desesperante-que-no-lo-entiendan\/#breadcrumb","itemListElement":[{"@type":"ListItem","position":1,"name":"Inicio","item":"https:\/\/www.theskeye.com\/en\/"},{"@type":"ListItem","position":2,"name":"Est\u00e1 claro pero es desesperante que no lo entiendan"}]},{"@type":"WebSite","@id":"https:\/\/www.theskeye.com\/#website","url":"https:\/\/www.theskeye.com\/","name":"The Skeye","description":"Consultora boutique que ofrece servicio de alto valor a\u00f1adido vinculados a la direcci\u00f3n estrat\u00e9gica y la direcci\u00f3n de personas","potentialAction":[{"@type":"SearchAction","target":{"@type":"EntryPoint","urlTemplate":"https:\/\/www.theskeye.com\/?s={search_term_string}"},"query-input":{"@type":"PropertyValueSpecification","valueRequired":true,"valueName":"search_term_string"}}],"inLanguage":"en-US"},{"@type":"Person","@id":"https:\/\/www.theskeye.com\/#\/schema\/person\/d8e226036cd8f3655e3e0dd98b3e1444","name":"Javier Fa\u00f1an\u00e1s","description":"Director de proyectos y senior HRBP","url":"https:\/\/www.theskeye.com\/en\/author\/javier-fananas\/"}]}},"_links":{"self":[{"href":"https:\/\/www.theskeye.com\/en\/wp-json\/wp\/v2\/posts\/6822"}],"collection":[{"href":"https:\/\/www.theskeye.com\/en\/wp-json\/wp\/v2\/posts"}],"about":[{"href":"https:\/\/www.theskeye.com\/en\/wp-json\/wp\/v2\/types\/post"}],"author":[{"embeddable":true,"href":"https:\/\/www.theskeye.com\/en\/wp-json\/wp\/v2\/users\/10"}],"replies":[{"embeddable":true,"href":"https:\/\/www.theskeye.com\/en\/wp-json\/wp\/v2\/comments?post=6822"}],"version-history":[{"count":4,"href":"https:\/\/www.theskeye.com\/en\/wp-json\/wp\/v2\/posts\/6822\/revisions"}],"predecessor-version":[{"id":6834,"href":"https:\/\/www.theskeye.com\/en\/wp-json\/wp\/v2\/posts\/6822\/revisions\/6834"}],"wp:featuredmedia":[{"embeddable":true,"href":"https:\/\/www.theskeye.com\/en\/wp-json\/wp\/v2\/media\/6831"}],"wp:attachment":[{"href":"https:\/\/www.theskeye.com\/en\/wp-json\/wp\/v2\/media?parent=6822"}],"wp:term":[{"taxonomy":"category","embeddable":true,"href":"https:\/\/www.theskeye.com\/en\/wp-json\/wp\/v2\/categories?post=6822"},{"taxonomy":"post_tag","embeddable":true,"href":"https:\/\/www.theskeye.com\/en\/wp-json\/wp\/v2\/tags?post=6822"}],"curies":[{"name":"wp","href":"https:\/\/api.w.org\/{rel}","templated":true}]}}